{"id":307680,"date":"2026-03-11T21:36:50","date_gmt":"2026-03-11T18:36:50","guid":{"rendered":"https:\/\/www.nationalturk.com\/tr\/?p=307680"},"modified":"2026-03-11T21:36:50","modified_gmt":"2026-03-11T18:36:50","slug":"bursa-avmde-kaza-nasil-oldu","status":"publish","type":"post","link":"https:\/\/www.nationalturk.com\/tr\/bursa-avmde-kaza-nasil-oldu\/","title":{"rendered":"AVM\u2019de korkun\u00e7 olay! Zemin bo\u015flu\u011funa d\u00fc\u015fen gen\u00e7 hayat\u0131n\u0131 kaybetti"},"content":{"rendered":"<p>Bursa\u2019da bir al\u0131\u015fveri\u015f merkezinde ya\u015fanan olay pani\u011fe neden oldu. Osmangazi il\u00e7esinde bulunan <a title=\"AVM \u00f6n\u00fcnde havaya ate\u015f a\u00e7t\u0131!\" href=\"https:\/\/www.nationalturk.com\/tr\/gaziantepte-panik-avm-onunde-havaya-ates-acti\/\" target=\"_blank\" rel=\"noopener\">Kent Meydan\u0131 AVM<\/a>\u2019nin yemek kat\u0131nda meydana gelen olayda 22 ya\u015f\u0131ndaki Do\u011fukan Dikb\u0131y\u0131k hen\u00fcz bilinmeyen bir nedenle AVM i\u00e7erisindeki zemin bo\u015flu\u011funa d\u00fc\u015ft\u00fc. Zemine \u00e7arpan gen\u00e7 olay yerinde ya\u015fam\u0131n\u0131 yitirirken, olayla ilgili soru\u015fturma ba\u015flat\u0131ld\u0131.<\/p>\n<h2><strong>Kaza AVM\u2019de yemek kat\u0131nda meydana geldi<\/strong><\/h2>\n<p>Olay, Kent Meydan\u0131 Al\u0131\u015fveri\u015f Merkezi\u2019nin yemek kat\u0131nda ya\u015fand\u0131. Edinilen bilgilere g\u00f6re Do\u011fukan Dikb\u0131y\u0131k isimli gen\u00e7, hen\u00fcz belirlenemeyen bir nedenle AVM i\u00e7erisindeki zemin bo\u015flu\u011funa d\u00fc\u015ft\u00fc.<\/p>\n<h3><strong>B\u00fcy\u00fck g\u00fcr\u00fclt\u00fc duyuldu<\/strong><\/h3>\n<p>Olay s\u0131ras\u0131nda AVM i\u00e7erisinde bulunan vatanda\u015flar b\u00fcy\u00fck bir g\u00fcr\u00fclt\u00fc duyduklar\u0131n\u0131 belirtti. G\u00f6rg\u00fc tan\u0131klar\u0131, sesi duyduktan sonra a\u015fa\u011f\u0131 bakt\u0131klar\u0131nda bir ki\u015finin yerde kanlar i\u00e7inde yatt\u0131\u011f\u0131n\u0131 g\u00f6rd\u00fcklerini ifade etti. Bunun \u00fczerine vatanda\u015flar durumu hemen 112 Acil \u00c7a\u011fr\u0131 Merkezi\u2019ne bildirdi.<\/p>\n<h4><strong>Olay yerinde hayat\u0131n\u0131 kaybetti<\/strong><\/h4>\n<p>\u0130hbar \u00fczerine olay yerine sa\u011fl\u0131k ve polis ekipleri sevk edildi. Sa\u011fl\u0131k ekiplerinin yapt\u0131\u011f\u0131 kontrolde 22 ya\u015f\u0131ndaki Do\u011fukan Dikb\u0131y\u0131k\u2019\u0131n hayat\u0131n\u0131 kaybetti\u011fi belirlendi.<\/p>\n<h4><strong>Soru\u015fturma ba\u015flat\u0131ld\u0131<\/strong><\/h4>\n<p>Polis ekipleri al\u0131\u015fveri\u015f merkezinde geni\u015f g\u00fcvenlik \u00f6nlemi al\u0131rken olay\u0131n nas\u0131l meydana geldi\u011fine ili\u015fkin inceleme ba\u015flatt\u0131. Hayat\u0131n\u0131 kaybeden Dikb\u0131y\u0131k\u2019\u0131n cans\u0131z bedeni kesin \u00f6l\u00fcm sebebinin belirlenmesi amac\u0131yla Bursa Adli T\u0131p Kurumu morguna kald\u0131r\u0131ld\u0131. Olayla ilgili soru\u015fturma s\u00fcr\u00fcyor.<br \/>\n<iframe loading=\"lazy\" title=\"Bursa AVM'de 15 Metre D\u00fc\u015f\u00fc\u015f: 22 Ya\u015f\u0131ndaki Gen\u00e7 Hayat\u0131n\u0131 Kaybetti\" src=\"https:\/\/www.youtube.com\/embed\/UJ8n1AR0SMk\" width=\"337\" height=\"599\" frameborder=\"0\" allowfullscreen=\"allowfullscreen\"><\/iframe><\/p>\n","protected":false},"excerpt":{"rendered":"<p>Bursa\u2019da bir al\u0131\u015fveri\u015f merkezinde ya\u015fanan olay pani\u011fe neden oldu. Osmangazi il\u00e7esinde bulunan Kent Meydan\u0131 AVM\u2019nin yemek kat\u0131nda meydana gelen olayda 22 ya\u015f\u0131ndaki Do\u011fukan Dikb\u0131y\u0131k hen\u00fcz bilinmeyen bir nedenle AVM i\u00e7erisindeki zemin bo\u015flu\u011funa d\u00fc\u015ft\u00fc. Zemine \u00e7arpan gen\u00e7 olay yerinde ya\u015fam\u0131n\u0131 yitirirken, olayla ilgili soru\u015fturma ba\u015flat\u0131ld\u0131. Kaza AVM\u2019de yemek kat\u0131nda meydana geldi Olay, Kent Meydan\u0131 Al\u0131\u015fveri\u015f Merkezi\u2019nin &hellip;<\/p>\n","protected":false},"author":9192226,"featured_media":307685,"comment_status":"closed","ping_status":"closed","sticky":false,"template":"","format":"standard","meta":{"_acf_changed":false,"footnotes":""},"categories":[220549],"tags":[2213,845,222775,41271,56109,16423,7070],"class_list":["post-307680","post","type-post","status-publish","format-standard","has-post-thumbnail","hentry","category-haber","tag-avm","tag-bursa","tag-dogukan-dikbiyik","tag-kent-meydani-avm","tag-olay","tag-osmangazi","tag-polis"],"acf":[],"_links":{"self":[{"href":"https:\/\/www.nationalturk.com\/tr\/wp-json\/wp\/v2\/posts\/307680","targetHints":{"allow":["GET"]}}],"collection":[{"href":"https:\/\/www.nationalturk.com\/tr\/wp-json\/wp\/v2\/posts"}],"about":[{"href":"https:\/\/www.nationalturk.com\/tr\/wp-json\/wp\/v2\/types\/post"}],"author":[{"embeddable":true,"href":"https:\/\/www.nationalturk.com\/tr\/wp-json\/wp\/v2\/users\/9192226"}],"replies":[{"embeddable":true,"href":"https:\/\/www.nationalturk.com\/tr\/wp-json\/wp\/v2\/comments?post=307680"}],"version-history":[{"count":1,"href":"https:\/\/www.nationalturk.com\/tr\/wp-json\/wp\/v2\/posts\/307680\/revisions"}],"predecessor-version":[{"id":307687,"href":"https:\/\/www.nationalturk.com\/tr\/wp-json\/wp\/v2\/posts\/307680\/revisions\/307687"}],"wp:featuredmedia":[{"embeddable":true,"href":"https:\/\/www.nationalturk.com\/tr\/wp-json\/wp\/v2\/media\/307685"}],"wp:attachment":[{"href":"https:\/\/www.nationalturk.com\/tr\/wp-json\/wp\/v2\/media?parent=307680"}],"wp:term":[{"taxonomy":"category","embeddable":true,"href":"https:\/\/www.nationalturk.com\/tr\/wp-json\/wp\/v2\/categories?post=307680"},{"taxonomy":"post_tag","embeddable":true,"href":"https:\/\/www.nationalturk.com\/tr\/wp-json\/wp\/v2\/tags?post=307680"}],"curies":[{"name":"wp","href":"https:\/\/api.w.org\/{rel}","templated":true}]}}