{"id":307682,"date":"2026-03-11T21:41:15","date_gmt":"2026-03-11T18:41:15","guid":{"rendered":"https:\/\/www.nationalturk.com\/tr\/?p=307682"},"modified":"2026-03-11T21:41:15","modified_gmt":"2026-03-11T18:41:15","slug":"samsunda-guvercin-kavgasinda-kan-akti","status":"publish","type":"post","link":"https:\/\/www.nationalturk.com\/tr\/samsunda-guvercin-kavgasinda-kan-akti\/","title":{"rendered":"Samsun&#8217;da g\u00fcvercin kavgas\u0131nda kan akt\u0131: 1 yaral\u0131"},"content":{"rendered":"<div class=\"css-175oi2r r-1s2bzr4\">\n<h2 id=\"id__qfazlz45e49\" class=\"css-146c3p1 r-bcqeeo r-1ttztb7 r-qvutc0 r-37j5jr r-1inkyih r-16dba41 r-bnwqim r-135wba7\" dir=\"auto\" lang=\"tr\" data-testid=\"tweetText\"><span class=\"css-1jxf684 r-bcqeeo r-1ttztb7 r-qvutc0 r-poiln3\"><a href=\"https:\/\/www.nationalturk.com\/tr\/samsunda-2-kiz-kamyonetin-altinda-kaldi\/\">Samsun<\/a>&#8216;da 14 ya\u015f\u0131ndaki \u00e7ocuk bir ki\u015fiyi b\u0131\u00e7aklad\u0131<\/span><\/h2>\n<div dir=\"auto\" lang=\"tr\" data-testid=\"tweetText\">Samsun\u2019da g\u00fcvercin nedeniyle \u00e7\u0131kan kavgada 14 ya\u015f\u0131ndaki \u00e7ocuk bir ki\u015fiyi b\u0131\u00e7aklayarak yaralad\u0131. \u00c7ocuk<\/div>\n<div dir=\"auto\" lang=\"tr\" data-testid=\"tweetText\">polis taraf\u0131ndan yakalanarak \u00e7\u0131kar\u0131ld\u0131\u011f\u0131 mahkemece tutukland\u0131.<\/div>\n<\/div>\n<div dir=\"auto\" lang=\"tr\" data-testid=\"tweetText\"><\/div>\n<div dir=\"auto\" lang=\"tr\" data-testid=\"tweetText\"><img loading=\"lazy\" decoding=\"async\" class=\"alignnone wp-image-307683 size-medium\" src=\"https:\/\/www.nationalturk.com\/tr\/wp-content\/uploads\/2026\/03\/cocuk-2-800x450.png\" alt=\"Samsun&#039;da 14 ya\u015f\u0131ndaki \u00e7ocuk bir ki\u015fiyi b\u0131\u00e7aklad\u0131\" width=\"800\" height=\"450\" title=\"\" srcset=\"https:\/\/www.nationalturk.com\/tr\/wp-content\/uploads\/2026\/03\/cocuk-2-800x450.png 800w, https:\/\/www.nationalturk.com\/tr\/wp-content\/uploads\/2026\/03\/cocuk-2-1024x576.png 1024w, https:\/\/www.nationalturk.com\/tr\/wp-content\/uploads\/2026\/03\/cocuk-2-200x113.png 200w, https:\/\/www.nationalturk.com\/tr\/wp-content\/uploads\/2026\/03\/cocuk-2-390x220.png 390w, https:\/\/www.nationalturk.com\/tr\/wp-content\/uploads\/2026\/03\/cocuk-2.png 1280w\" sizes=\"auto, (max-width: 800px) 100vw, 800px\" \/><\/div>\n<div class=\"css-175oi2r r-1s2bzr4\">\n<div dir=\"auto\" lang=\"tr\" data-testid=\"tweetText\">\n<div class=\"embed-bottom-ad\">\n<div id=\"div-gpt-ad-1713174461339-0\" class=\"ys-embed-standard-banner\" data-google-query-id=\"CIu9iOq9mJMDFUu2gwcd8rsezA\">\n<div><\/div>\n<div id=\"google_ads_iframe_\/21832357397\/new-tr-yeni-safak-sitegeneli-standart-banner-300x250_2__container__\"><span class=\"ys-text-node\">Canik il\u00e7esi Gaziosmanpa\u015fa Mahallesi\u2019nde<\/span><span class=\"ys-text-node\"> E.S. (14) adl\u0131 \u00e7ocu\u011fun ba\u015fka bir evin \u00e7at\u0131s\u0131na ka\u00e7an g\u00fcvercinini almak i\u00e7in gitti\u011finde \u00e7\u0131kan <a href=\"http:\/\/kavga\">kavgada<\/a> kan akt\u0131. <\/span><\/div>\n<div><\/div>\n<div><span class=\"ys-text-node\">G\u00fcvercinini almak i\u00e7in \u00e7at\u0131ya \u00e7\u0131kan \u00e7ocuk ile di\u011fer ki\u015filer aras\u0131nda \u00e7\u0131kan kavga esnas\u0131nda \u00a0E.S., yan\u0131nda bulunan b\u0131\u00e7akla bir ki\u015fiyi yaralad\u0131. B\u0131\u00e7akla yaralanan ki\u015fi ambulansla hastaneye kald\u0131r\u0131larak tedavi alt\u0131na al\u0131nd\u0131.<\/span><\/div>\n<\/div>\n<\/div>\n<\/div>\n<\/div>\n<div><\/div>\n<div>14 ya\u015f\u0131ndaki \u00e7ocuk ise\u00a0\u0130l Emniyet M\u00fcd\u00fcrl\u00fc\u011f\u00fc \u00c7ocuk \u015eube M\u00fcd\u00fcrl\u00fc\u011f\u00fc ekipleri taraf\u0131ndan g\u00f6zalt\u0131na al\u0131nd\u0131ktan sonra tutuklanarak Kavak \u00c7ocuk Kapal\u0131 Cezaevine g\u00f6nderildi.<\/div>\n<div><\/div>\n<div>\n<div style=\"width: 540px;\" class=\"wp-video\"><video class=\"wp-video-shortcode\" id=\"video-307682-1\" width=\"540\" height=\"540\" preload=\"metadata\" controls=\"controls\"><source type=\"video\/mp4\" src=\"https:\/\/www.nationalturk.com\/tr\/wp-content\/uploads\/2026\/03\/ssstwitter.com_1773253940658.mp4?_=1\" \/><a href=\"https:\/\/www.nationalturk.com\/tr\/wp-content\/uploads\/2026\/03\/ssstwitter.com_1773253940658.mp4\">https:\/\/www.nationalturk.com\/tr\/wp-content\/uploads\/2026\/03\/ssstwitter.com_1773253940658.mp4<\/a><\/video><\/div>\n<\/div>\n<div><\/div>\n<div id=\"id__el86bd04g99\" class=\"css-175oi2r r-9aw3ui r-1s2bzr4\" aria-labelledby=\"id__l08dzkw83y id__z0df1x8w4b\">\n<div class=\"css-175oi2r r-9aw3ui\">\n<div class=\"css-175oi2r\">\n<div class=\"css-175oi2r\">\n<div class=\"css-175oi2r r-1kqtdi0 r-1phboty r-rs99b7 r-1867qdf r-1udh08x r-o7ynqc r-6416eg r-1ny4l3l\">\n<div class=\"css-175oi2r\">\n<div class=\"css-175oi2r r-1pi2tsx\" data-testid=\"tweetPhoto\">\n<div class=\"css-175oi2r\">\n<div class=\"css-175oi2r r-1adg3ll r-1udh08x\">\n<div id=\"id__el86bd04g99\" class=\"css-175oi2r r-9aw3ui r-1s2bzr4\" aria-labelledby=\"id__l08dzkw83y id__z0df1x8w4b\">\n<div class=\"css-175oi2r r-9aw3ui\">\n<div class=\"css-175oi2r\">\n<div class=\"css-175oi2r\">\n<div class=\"css-175oi2r r-1kqtdi0 r-1phboty r-rs99b7 r-1867qdf r-1udh08x r-o7ynqc r-6416eg r-1ny4l3l\">\n<div class=\"css-175oi2r\">\n<div class=\"css-175oi2r r-1pi2tsx\" data-testid=\"tweetPhoto\">\n<div class=\"css-175oi2r\">\n<div class=\"css-175oi2r r-1adg3ll r-1udh08x\">\n<div class=\"news-detail-ads\"><\/div>\n<\/div>\n<\/div>\n<\/div>\n<\/div>\n<\/div>\n<\/div>\n<\/div>\n<\/div>\n<\/div>\n<\/div>\n<\/div>\n<\/div>\n<\/div>\n<\/div>\n<\/div>\n<\/div>\n<\/div>\n<\/div>\n","protected":false},"excerpt":{"rendered":"<p>Samsun&#8216;da 14 ya\u015f\u0131ndaki \u00e7ocuk bir ki\u015fiyi b\u0131\u00e7aklad\u0131 Samsun\u2019da g\u00fcvercin nedeniyle \u00e7\u0131kan kavgada 14 ya\u015f\u0131ndaki \u00e7ocuk bir ki\u015fiyi b\u0131\u00e7aklayarak yaralad\u0131. \u00c7ocuk polis taraf\u0131ndan yakalanarak \u00e7\u0131kar\u0131ld\u0131\u011f\u0131 mahkemece tutukland\u0131. Canik il\u00e7esi Gaziosmanpa\u015fa Mahallesi\u2019nde E.S. (14) adl\u0131 \u00e7ocu\u011fun ba\u015fka bir evin \u00e7at\u0131s\u0131na ka\u00e7an g\u00fcvercinini almak i\u00e7in gitti\u011finde \u00e7\u0131kan kavgada kan akt\u0131. G\u00fcvercinini almak i\u00e7in \u00e7at\u0131ya \u00e7\u0131kan \u00e7ocuk ile di\u011fer &hellip;<\/p>\n","protected":false},"author":9192229,"featured_media":307684,"comment_status":"closed","ping_status":"closed","sticky":false,"template":"","format":"standard","meta":{"_acf_changed":false,"footnotes":""},"categories":[6805,220549,1,342],"tags":[222776,142595,3728,58851],"class_list":["post-307682","post","type-post","status-publish","format-standard","has-post-thumbnail","hentry","category-turkiye","category-haber","category-nationalturk","category-video","tag-adam-yaralama","tag-kavga","tag-samsun","tag-tartisma"],"acf":[],"_links":{"self":[{"href":"https:\/\/www.nationalturk.com\/tr\/wp-json\/wp\/v2\/posts\/307682","targetHints":{"allow":["GET"]}}],"collection":[{"href":"https:\/\/www.nationalturk.com\/tr\/wp-json\/wp\/v2\/posts"}],"about":[{"href":"https:\/\/www.nationalturk.com\/tr\/wp-json\/wp\/v2\/types\/post"}],"author":[{"embeddable":true,"href":"https:\/\/www.nationalturk.com\/tr\/wp-json\/wp\/v2\/users\/9192229"}],"replies":[{"embeddable":true,"href":"https:\/\/www.nationalturk.com\/tr\/wp-json\/wp\/v2\/comments?post=307682"}],"version-history":[{"count":2,"href":"https:\/\/www.nationalturk.com\/tr\/wp-json\/wp\/v2\/posts\/307682\/revisions"}],"predecessor-version":[{"id":307690,"href":"https:\/\/www.nationalturk.com\/tr\/wp-json\/wp\/v2\/posts\/307682\/revisions\/307690"}],"wp:featuredmedia":[{"embeddable":true,"href":"https:\/\/www.nationalturk.com\/tr\/wp-json\/wp\/v2\/media\/307684"}],"wp:attachment":[{"href":"https:\/\/www.nationalturk.com\/tr\/wp-json\/wp\/v2\/media?parent=307682"}],"wp:term":[{"taxonomy":"category","embeddable":true,"href":"https:\/\/www.nationalturk.com\/tr\/wp-json\/wp\/v2\/categories?post=307682"},{"taxonomy":"post_tag","embeddable":true,"href":"https:\/\/www.nationalturk.com\/tr\/wp-json\/wp\/v2\/tags?post=307682"}],"curies":[{"name":"wp","href":"https:\/\/api.w.org\/{rel}","templated":true}]}}