{"id":307697,"date":"2026-03-12T20:59:39","date_gmt":"2026-03-12T17:59:39","guid":{"rendered":"https:\/\/www.nationalturk.com\/tr\/?p=307697"},"modified":"2026-03-12T20:59:39","modified_gmt":"2026-03-12T17:59:39","slug":"kocaelide-otomobil-kafeye-daldi","status":"publish","type":"post","link":"https:\/\/www.nationalturk.com\/tr\/kocaelide-otomobil-kafeye-daldi\/","title":{"rendered":"Kocaeli&#8217;de kontrolden \u00e7\u0131kan otomobil kafeye dald\u0131"},"content":{"rendered":"<div class=\"css-175oi2r r-1s2bzr4\">\n<h2 id=\"id__6w4oouf9fnu\" class=\"css-146c3p1 r-bcqeeo r-1ttztb7 r-qvutc0 r-37j5jr r-1inkyih r-16dba41 r-bnwqim r-135wba7\" dir=\"auto\" lang=\"tr\" data-testid=\"tweetText\"><span class=\"css-1jxf684 r-bcqeeo r-1ttztb7 r-qvutc0 r-poiln3\"><a href=\"https:\/\/www.nationalturk.com\/tr\/kocaelide-trafik-magandasi-yakalandi\/\">Kocaeli<\/a>&#8216;de korkun\u00e7 kaza<\/span><\/h2>\n<div class=\"css-146c3p1 r-bcqeeo r-1ttztb7 r-qvutc0 r-37j5jr r-1inkyih r-16dba41 r-bnwqim r-135wba7\" dir=\"auto\" lang=\"tr\" data-testid=\"tweetText\">Kocaeli\u2019nin \u0130zmit il\u00e7esinde saat 22.20 s\u0131ralar\u0131nda kontrolden \u00e7\u0131kan <a href=\"http:\/\/otomobil\">otomobil<\/a> bir kafenin camlar\u0131n\u0131 k\u0131rarak i\u00e7eriye dald\u0131. Oturan m\u00fc\u015fteriler neye u\u011frad\u0131klar\u0131n\u0131 \u015fa\u015f\u0131rd\u0131. 2 ki\u015finin yaraland\u0131\u011f\u0131 kazada kafede maddi hasar meydana geldi.<\/div>\n<div dir=\"auto\" lang=\"tr\" data-testid=\"tweetText\"><\/div>\n<\/div>\n<div dir=\"auto\" lang=\"tr\" data-testid=\"tweetText\"><img loading=\"lazy\" decoding=\"async\" class=\"alignnone wp-image-307699 size-medium\" src=\"https:\/\/www.nationalturk.com\/tr\/wp-content\/uploads\/2026\/03\/KOCAELI-800x450.png\" alt=\"Kocaeli&#039;de korkun\u00e7 kaza\" width=\"800\" height=\"450\" title=\"\" srcset=\"https:\/\/www.nationalturk.com\/tr\/wp-content\/uploads\/2026\/03\/KOCAELI-800x450.png 800w, https:\/\/www.nationalturk.com\/tr\/wp-content\/uploads\/2026\/03\/KOCAELI-1024x576.png 1024w, https:\/\/www.nationalturk.com\/tr\/wp-content\/uploads\/2026\/03\/KOCAELI-200x113.png 200w, https:\/\/www.nationalturk.com\/tr\/wp-content\/uploads\/2026\/03\/KOCAELI-390x220.png 390w, https:\/\/www.nationalturk.com\/tr\/wp-content\/uploads\/2026\/03\/KOCAELI.png 1280w\" sizes=\"auto, (max-width: 800px) 100vw, 800px\" \/><\/div>\n<div dir=\"auto\" lang=\"tr\" data-testid=\"tweetText\"><\/div>\n<div class=\"css-175oi2r r-1s2bzr4\">\n<div class=\"css-146c3p1 r-bcqeeo r-1ttztb7 r-qvutc0 r-37j5jr r-1inkyih r-16dba41 r-bnwqim r-135wba7\" dir=\"auto\" lang=\"tr\" data-testid=\"tweetText\">Kafeye giren otomobil camlar\u0131 tuzla buza \u00e7evirirken kafede oturan bir m\u00fc\u015fteri ve s\u00fcr\u00fcc\u00fc M.\u00d6 yaraland\u0131. Di\u011fer m\u00fc\u015fteriler ise b\u00fcy\u00fck panik ya\u015fad\u0131. \u0130hbar \u00fczerine olay yerine sa\u011fl\u0131k, polis ve itfaiye ekipleri sevk edildi.<\/div>\n<div dir=\"auto\" lang=\"tr\" data-testid=\"tweetText\"><\/div>\n<div class=\"css-146c3p1 r-bcqeeo r-1ttztb7 r-qvutc0 r-37j5jr r-1inkyih r-16dba41 r-bnwqim r-135wba7\" dir=\"auto\" lang=\"tr\" data-testid=\"tweetText\">Kazada yaralanan 2 ki\u015fi sa\u011fl\u0131k ekiplerinin olay yerindeki ilk m\u00fcdahalesinin ard\u0131ndan ambulansla hastaneye kald\u0131r\u0131larak tedavi alt\u0131na al\u0131nd\u0131.<\/div>\n<div dir=\"auto\" lang=\"tr\" data-testid=\"tweetText\"><\/div>\n<div class=\"css-146c3p1 r-bcqeeo r-1ttztb7 r-qvutc0 r-37j5jr r-1inkyih r-16dba41 r-bnwqim r-135wba7\" dir=\"auto\" lang=\"tr\" data-testid=\"tweetText\">Kaza an\u0131 i\u015f yerinin g\u00fcvenlik kameras\u0131na saniye saniye yans\u0131d\u0131.<\/div>\n<div dir=\"auto\" lang=\"tr\" data-testid=\"tweetText\">\n<div style=\"width: 540px;\" class=\"wp-video\"><video class=\"wp-video-shortcode\" id=\"video-307697-1\" width=\"540\" height=\"540\" preload=\"metadata\" controls=\"controls\"><source type=\"video\/mp4\" src=\"https:\/\/www.nationalturk.com\/tr\/wp-content\/uploads\/2026\/03\/ssstwitter.com_1773337525011.mp4?_=1\" \/><a href=\"https:\/\/www.nationalturk.com\/tr\/wp-content\/uploads\/2026\/03\/ssstwitter.com_1773337525011.mp4\">https:\/\/www.nationalturk.com\/tr\/wp-content\/uploads\/2026\/03\/ssstwitter.com_1773337525011.mp4<\/a><\/video><\/div>\n<\/div>\n<\/div>\n","protected":false},"excerpt":{"rendered":"<p>Kocaeli&#8216;de korkun\u00e7 kaza Kocaeli\u2019nin \u0130zmit il\u00e7esinde saat 22.20 s\u0131ralar\u0131nda kontrolden \u00e7\u0131kan otomobil bir kafenin camlar\u0131n\u0131 k\u0131rarak i\u00e7eriye dald\u0131. Oturan m\u00fc\u015fteriler neye u\u011frad\u0131klar\u0131n\u0131 \u015fa\u015f\u0131rd\u0131. 2 ki\u015finin yaraland\u0131\u011f\u0131 kazada kafede maddi hasar meydana geldi. Kafeye giren otomobil camlar\u0131 tuzla buza \u00e7evirirken kafede oturan bir m\u00fc\u015fteri ve s\u00fcr\u00fcc\u00fc M.\u00d6 yaraland\u0131. Di\u011fer m\u00fc\u015fteriler ise b\u00fcy\u00fck panik ya\u015fad\u0131. \u0130hbar \u00fczerine &hellip;<\/p>\n","protected":false},"author":9192229,"featured_media":307701,"comment_status":"closed","ping_status":"closed","sticky":false,"template":"","format":"standard","meta":{"_acf_changed":false,"footnotes":""},"categories":[220549,1,6805,342],"tags":[54417,5585,59376],"class_list":["post-307697","post","type-post","status-publish","format-standard","has-post-thumbnail","hentry","category-haber","category-nationalturk","category-turkiye","category-video","tag-kaza","tag-kocaeli","tag-yarali"],"acf":[],"_links":{"self":[{"href":"https:\/\/www.nationalturk.com\/tr\/wp-json\/wp\/v2\/posts\/307697","targetHints":{"allow":["GET"]}}],"collection":[{"href":"https:\/\/www.nationalturk.com\/tr\/wp-json\/wp\/v2\/posts"}],"about":[{"href":"https:\/\/www.nationalturk.com\/tr\/wp-json\/wp\/v2\/types\/post"}],"author":[{"embeddable":true,"href":"https:\/\/www.nationalturk.com\/tr\/wp-json\/wp\/v2\/users\/9192229"}],"replies":[{"embeddable":true,"href":"https:\/\/www.nationalturk.com\/tr\/wp-json\/wp\/v2\/comments?post=307697"}],"version-history":[{"count":1,"href":"https:\/\/www.nationalturk.com\/tr\/wp-json\/wp\/v2\/posts\/307697\/revisions"}],"predecessor-version":[{"id":307702,"href":"https:\/\/www.nationalturk.com\/tr\/wp-json\/wp\/v2\/posts\/307697\/revisions\/307702"}],"wp:featuredmedia":[{"embeddable":true,"href":"https:\/\/www.nationalturk.com\/tr\/wp-json\/wp\/v2\/media\/307701"}],"wp:attachment":[{"href":"https:\/\/www.nationalturk.com\/tr\/wp-json\/wp\/v2\/media?parent=307697"}],"wp:term":[{"taxonomy":"category","embeddable":true,"href":"https:\/\/www.nationalturk.com\/tr\/wp-json\/wp\/v2\/categories?post=307697"},{"taxonomy":"post_tag","embeddable":true,"href":"https:\/\/www.nationalturk.com\/tr\/wp-json\/wp\/v2\/tags?post=307697"}],"curies":[{"name":"wp","href":"https:\/\/api.w.org\/{rel}","templated":true}]}}