{"id":307703,"date":"2026-03-12T21:14:34","date_gmt":"2026-03-12T18:14:34","guid":{"rendered":"https:\/\/www.nationalturk.com\/tr\/?p=307703"},"modified":"2026-03-12T21:15:54","modified_gmt":"2026-03-12T18:15:54","slug":"kocaelide-film-platosu-yogun-ilgi-goruyor","status":"publish","type":"post","link":"https:\/\/www.nationalturk.com\/tr\/kocaelide-film-platosu-yogun-ilgi-goruyor\/","title":{"rendered":"Kocaeli\u2019de film platosu yo\u011fun ilgi g\u00f6r\u00fcyor"},"content":{"rendered":"<div class=\"css-175oi2r r-1s2bzr4\">\n<h2 id=\"id__pcanucv8n2\" class=\"css-146c3p1 r-bcqeeo r-1ttztb7 r-qvutc0 r-37j5jr r-1inkyih r-16dba41 r-bnwqim r-135wba7\" dir=\"auto\" lang=\"tr\" data-testid=\"tweetText\"><span class=\"css-1jxf684 r-bcqeeo r-1ttztb7 r-qvutc0 r-poiln3\"><a href=\"https:\/\/www.nationalturk.com\/tr\/kocaelide-otomobil-kafeye-daldi\/\">Kocaeli\u2019<\/a>ye turistler ak\u0131n ediyor<\/span><\/h2>\n<div class=\"css-146c3p1 r-bcqeeo r-1ttztb7 r-qvutc0 r-37j5jr r-1inkyih r-16dba41 r-bnwqim r-135wba7\" dir=\"auto\" lang=\"tr\" data-testid=\"tweetText\">Kocaeli \u00c7ay\u0131rova\u2019da &#8220;Sanc\u0131: \u0130slamiyet\u2019in Do\u011fu\u015fu&#8221; filmi i\u00e7in kurulan Mekke platosu, sosyal medyada g\u00fcndem olduktan sonra ziyaret\u00e7i ak\u0131n\u0131na u\u011frad\u0131.<\/div>\n<\/div>\n<div dir=\"auto\" lang=\"tr\" data-testid=\"tweetText\"><\/div>\n<div dir=\"auto\" lang=\"tr\" data-testid=\"tweetText\"><img loading=\"lazy\" decoding=\"async\" class=\"alignnone wp-image-307704 size-medium\" src=\"https:\/\/www.nationalturk.com\/tr\/wp-content\/uploads\/2026\/03\/mekke-800x450.png\" alt=\"Kocaeli\u2019ye turistler ak\u0131n ediyor\" width=\"800\" height=\"450\" title=\"\" srcset=\"https:\/\/www.nationalturk.com\/tr\/wp-content\/uploads\/2026\/03\/mekke-800x450.png 800w, https:\/\/www.nationalturk.com\/tr\/wp-content\/uploads\/2026\/03\/mekke-1024x576.png 1024w, https:\/\/www.nationalturk.com\/tr\/wp-content\/uploads\/2026\/03\/mekke-200x113.png 200w, https:\/\/www.nationalturk.com\/tr\/wp-content\/uploads\/2026\/03\/mekke-390x220.png 390w, https:\/\/www.nationalturk.com\/tr\/wp-content\/uploads\/2026\/03\/mekke.png 1280w\" sizes=\"auto, (max-width: 800px) 100vw, 800px\" \/><\/div>\n<div class=\"css-175oi2r r-1s2bzr4\">\n<div dir=\"auto\" lang=\"tr\" data-testid=\"tweetText\"><\/div>\n<div class=\"css-146c3p1 r-bcqeeo r-1ttztb7 r-qvutc0 r-37j5jr r-1inkyih r-16dba41 r-bnwqim r-135wba7\" dir=\"auto\" lang=\"tr\" data-testid=\"tweetText\">Kurulan platodan payla\u015f\u0131lan g\u00f6r\u00fcnt\u00fcler<a href=\"http:\/\/sosyal medya\"> sosyal medya<\/a>da milyonlarca izlenme ve be\u011feni kazand\u0131ktan sonra \u00a0 vatanda\u015flar \u015eekerp\u0131nar\u2019a ak\u0131n etti. Platoyu ziyaret eden turistler g\u00f6rd\u00fckleri kar\u015f\u0131s\u0131nda b\u00fcy\u00fck bir \u015fa\u015fk\u0131nl\u0131\u011fa u\u011frad\u0131.<\/div>\n<div dir=\"auto\" lang=\"tr\" data-testid=\"tweetText\"><\/div>\n<div class=\"css-146c3p1 r-bcqeeo r-1ttztb7 r-qvutc0 r-37j5jr r-1inkyih r-16dba41 r-bnwqim r-135wba7\" dir=\"auto\" lang=\"tr\" data-testid=\"tweetText\">Hafta sonu olu\u015fan yo\u011fun kalabal\u0131k, set \u00e7evresinde uzun kuyruklar olu\u015ftururken, kontrols\u00fcz giri\u015fler ciddi bir sorunu da beraberinde getirdi.<\/div>\n<\/div>\n<div dir=\"auto\" lang=\"tr\" data-testid=\"tweetText\"><\/div>\n<div dir=\"auto\" lang=\"tr\" data-testid=\"tweetText\">Ancak set dekorlar\u0131na verilen zarar nedeniyle yetkililer alan\u0131 tamamen kapatma karar\u0131 ald\u0131<\/div>\n<h2 dir=\"auto\" lang=\"tr\" data-testid=\"tweetText\">Plato b\u00fcy\u00fck ilgi g\u00f6rd\u00fc-Video<\/h2>\n<div dir=\"auto\" lang=\"tr\" data-testid=\"tweetText\"><\/div>\n<div id=\"id__wgl64nsl9kj\" class=\"css-175oi2r r-9aw3ui r-1s2bzr4\" aria-labelledby=\"id__w7uvo6azsp id__2901mg3reui\">\n<div class=\"css-175oi2r r-9aw3ui\">\n<div class=\"css-175oi2r\">\n<div class=\"css-175oi2r\">\n<div class=\"css-175oi2r r-1kqtdi0 r-1phboty r-rs99b7 r-1867qdf r-1udh08x r-o7ynqc r-6416eg r-1ny4l3l\">\n<div class=\"css-175oi2r\">\n<div class=\"css-175oi2r r-1pi2tsx\" data-testid=\"tweetPhoto\">\n<div class=\"css-175oi2r\">\n<div class=\"css-175oi2r r-1adg3ll r-1udh08x\">\n<div class=\"entry-kunye\">\n<div style=\"width: 480px;\" class=\"wp-video\"><video class=\"wp-video-shortcode\" id=\"video-307703-1\" width=\"480\" height=\"852\" preload=\"metadata\" controls=\"controls\"><source type=\"video\/mp4\" src=\"https:\/\/www.nationalturk.com\/tr\/wp-content\/uploads\/2026\/03\/ssstwitter.com_1773338488200.mp4?_=1\" \/><a href=\"https:\/\/www.nationalturk.com\/tr\/wp-content\/uploads\/2026\/03\/ssstwitter.com_1773338488200.mp4\">https:\/\/www.nationalturk.com\/tr\/wp-content\/uploads\/2026\/03\/ssstwitter.com_1773338488200.mp4<\/a><\/video><\/div>\n<figure class=\"dik\" data-en=\"ful\"><\/figure>\n<\/div>\n<\/div>\n<\/div>\n<\/div>\n<\/div>\n<\/div>\n<\/div>\n<\/div>\n<\/div>\n<\/div>\n","protected":false},"excerpt":{"rendered":"<p>Kocaeli\u2019ye turistler ak\u0131n ediyor Kocaeli \u00c7ay\u0131rova\u2019da &#8220;Sanc\u0131: \u0130slamiyet\u2019in Do\u011fu\u015fu&#8221; filmi i\u00e7in kurulan Mekke platosu, sosyal medyada g\u00fcndem olduktan sonra ziyaret\u00e7i ak\u0131n\u0131na u\u011frad\u0131. Kurulan platodan payla\u015f\u0131lan g\u00f6r\u00fcnt\u00fcler sosyal medyada milyonlarca izlenme ve be\u011feni kazand\u0131ktan sonra \u00a0 vatanda\u015flar \u015eekerp\u0131nar\u2019a ak\u0131n etti. Platoyu ziyaret eden turistler g\u00f6rd\u00fckleri kar\u015f\u0131s\u0131nda b\u00fcy\u00fck bir \u015fa\u015fk\u0131nl\u0131\u011fa u\u011frad\u0131. Hafta sonu olu\u015fan yo\u011fun kalabal\u0131k, set &hellip;<\/p>\n","protected":false},"author":9192229,"featured_media":307705,"comment_status":"closed","ping_status":"closed","sticky":false,"template":"","format":"standard","meta":{"_acf_changed":false,"footnotes":""},"categories":[6805,220549,342],"tags":[5585,222778,2244],"class_list":["post-307703","post","type-post","status-publish","format-standard","has-post-thumbnail","hentry","category-turkiye","category-haber","category-video","tag-kocaeli","tag-set","tag-turist"],"acf":[],"_links":{"self":[{"href":"https:\/\/www.nationalturk.com\/tr\/wp-json\/wp\/v2\/posts\/307703","targetHints":{"allow":["GET"]}}],"collection":[{"href":"https:\/\/www.nationalturk.com\/tr\/wp-json\/wp\/v2\/posts"}],"about":[{"href":"https:\/\/www.nationalturk.com\/tr\/wp-json\/wp\/v2\/types\/post"}],"author":[{"embeddable":true,"href":"https:\/\/www.nationalturk.com\/tr\/wp-json\/wp\/v2\/users\/9192229"}],"replies":[{"embeddable":true,"href":"https:\/\/www.nationalturk.com\/tr\/wp-json\/wp\/v2\/comments?post=307703"}],"version-history":[{"count":2,"href":"https:\/\/www.nationalturk.com\/tr\/wp-json\/wp\/v2\/posts\/307703\/revisions"}],"predecessor-version":[{"id":307708,"href":"https:\/\/www.nationalturk.com\/tr\/wp-json\/wp\/v2\/posts\/307703\/revisions\/307708"}],"wp:featuredmedia":[{"embeddable":true,"href":"https:\/\/www.nationalturk.com\/tr\/wp-json\/wp\/v2\/media\/307705"}],"wp:attachment":[{"href":"https:\/\/www.nationalturk.com\/tr\/wp-json\/wp\/v2\/media?parent=307703"}],"wp:term":[{"taxonomy":"category","embeddable":true,"href":"https:\/\/www.nationalturk.com\/tr\/wp-json\/wp\/v2\/categories?post=307703"},{"taxonomy":"post_tag","embeddable":true,"href":"https:\/\/www.nationalturk.com\/tr\/wp-json\/wp\/v2\/tags?post=307703"}],"curies":[{"name":"wp","href":"https:\/\/api.w.org\/{rel}","templated":true}]}}