{"id":307709,"date":"2026-03-12T21:26:33","date_gmt":"2026-03-12T18:26:33","guid":{"rendered":"https:\/\/www.nationalturk.com\/tr\/?p=307709"},"modified":"2026-03-12T21:27:14","modified_gmt":"2026-03-12T18:27:14","slug":"edirnede-vicdanlari-yaralayan-olay","status":"publish","type":"post","link":"https:\/\/www.nationalturk.com\/tr\/edirnede-vicdanlari-yaralayan-olay\/","title":{"rendered":"Edirne&#8217;de vicdanlar\u0131 yaralayan olay tepki \u00e7ekti"},"content":{"rendered":"<div class=\"css-175oi2r r-1s2bzr4\">\n<h2 id=\"id__rt1d6n6ckx\" class=\"css-146c3p1 r-bcqeeo r-1ttztb7 r-qvutc0 r-37j5jr r-1inkyih r-16dba41 r-bnwqim r-135wba7\" dir=\"auto\" lang=\"tr\" data-testid=\"tweetText\"><span class=\"css-1jxf684 r-bcqeeo r-1ttztb7 r-qvutc0 r-poiln3\"><a href=\"http:\/\/Edirne\">Edirne<\/a>&#8216;de fenala\u015fan adam vefat etti<\/span><\/h2>\n<div class=\"css-146c3p1 r-bcqeeo r-1ttztb7 r-qvutc0 r-37j5jr r-1inkyih r-16dba41 r-bnwqim r-135wba7\" dir=\"auto\" lang=\"tr\" data-testid=\"tweetText\">Edirne&#8217;nin \u015e\u00fckr\u00fcpa\u015fa Mahallesi&#8217;nde iftar sonras\u0131 kald\u0131r\u0131mda y\u00fcr\u00fcrken aniden fenala\u015farak yere y\u0131\u011f\u0131lan 48 ya\u015f\u0131ndaki Kemal Kulbilge dakikalarca yard\u0131m bekledikten sonra olay yerinde <a href=\"https:\/\/www.nationalturk.com\/tr\/bahar-oztan-vefat-etti\/\">vefat<\/a> etti.<\/div>\n<\/div>\n<div dir=\"auto\" lang=\"tr\" data-testid=\"tweetText\"><\/div>\n<div dir=\"auto\" lang=\"tr\" data-testid=\"tweetText\"><img loading=\"lazy\" decoding=\"async\" class=\"alignnone wp-image-307710 size-medium\" src=\"https:\/\/www.nationalturk.com\/tr\/wp-content\/uploads\/2026\/03\/taksi-800x450.png\" alt=\"Edirne&#039;de fenala\u015fan adam vefat etti\" width=\"800\" height=\"450\" title=\"\" srcset=\"https:\/\/www.nationalturk.com\/tr\/wp-content\/uploads\/2026\/03\/taksi-800x450.png 800w, https:\/\/www.nationalturk.com\/tr\/wp-content\/uploads\/2026\/03\/taksi-1024x576.png 1024w, https:\/\/www.nationalturk.com\/tr\/wp-content\/uploads\/2026\/03\/taksi-200x113.png 200w, https:\/\/www.nationalturk.com\/tr\/wp-content\/uploads\/2026\/03\/taksi-390x220.png 390w, https:\/\/www.nationalturk.com\/tr\/wp-content\/uploads\/2026\/03\/taksi.png 1280w\" sizes=\"auto, (max-width: 800px) 100vw, 800px\" \/><\/div>\n<div class=\"css-175oi2r r-1s2bzr4\">\n<div dir=\"auto\" lang=\"tr\" data-testid=\"tweetText\"><\/div>\n<div class=\"css-146c3p1 r-bcqeeo r-1ttztb7 r-qvutc0 r-37j5jr r-1inkyih r-16dba41 r-bnwqim r-135wba7\" dir=\"auto\" lang=\"tr\" data-testid=\"tweetText\">Dakikalar sonra gelen ba\u015fka bir taksi \u015fof\u00f6r\u00fc Kulbilge&#8217;ye ilkyard\u0131m ger\u00e7ekle\u015ftirdi. Olay\u0131 fark eden taksi \u015f\u00f6f\u00f6rlerinin yetkililere ihbar\u0131 nedeniyle olay yerine gelen ambulans ekibi, bilinci kapal\u0131 vatanda\u015f\u0131 ambulansla hastaneye kald\u0131rd\u0131. Kulbilge, yap\u0131lan t\u00fcm m\u00fcdahalelere ra\u011fmen kurtar\u0131lmad\u0131.<\/div>\n<div dir=\"auto\" lang=\"tr\" data-testid=\"tweetText\"><\/div>\n<\/div>\n<div id=\"id__wmnh4djga8\" class=\"css-175oi2r r-9aw3ui r-1s2bzr4\" aria-labelledby=\"id__8wdcqn9tncp id__s8y5zvhgagb\">\n<div class=\"css-175oi2r r-9aw3ui\">\n<div class=\"css-175oi2r\">\n<div class=\"css-175oi2r\">\n<div class=\"css-175oi2r r-1kqtdi0 r-1phboty r-rs99b7 r-1867qdf r-1udh08x r-o7ynqc r-6416eg r-1ny4l3l\">\n<div class=\"css-175oi2r\">\n<div class=\"css-175oi2r r-1pi2tsx\" data-testid=\"tweetPhoto\">\n<p>Talihsiz adam, Eski Cami&#8217;de d\u00fczenlenen t\u00f6renin ard\u0131ndan Yeni\u015fehir Mezarl\u0131\u011f\u0131&#8217;na defnedilerek son yolculu\u011funa u\u011furland\u0131.<\/p>\n<div style=\"width: 480px;\" class=\"wp-video\"><video class=\"wp-video-shortcode\" id=\"video-307709-1\" width=\"480\" height=\"600\" preload=\"metadata\" controls=\"controls\"><source type=\"video\/mp4\" src=\"https:\/\/www.nationalturk.com\/tr\/wp-content\/uploads\/2026\/03\/ssstwitter.com_1773339428199.mp4?_=1\" \/><a href=\"https:\/\/www.nationalturk.com\/tr\/wp-content\/uploads\/2026\/03\/ssstwitter.com_1773339428199.mp4\">https:\/\/www.nationalturk.com\/tr\/wp-content\/uploads\/2026\/03\/ssstwitter.com_1773339428199.mp4<\/a><\/video><\/div>\n<\/div>\n<\/div>\n<\/div>\n<\/div>\n<\/div>\n<\/div>\n<\/div>\n","protected":false},"excerpt":{"rendered":"<p>Edirne&#8216;de fenala\u015fan adam vefat etti Edirne&#8217;nin \u015e\u00fckr\u00fcpa\u015fa Mahallesi&#8217;nde iftar sonras\u0131 kald\u0131r\u0131mda y\u00fcr\u00fcrken aniden fenala\u015farak yere y\u0131\u011f\u0131lan 48 ya\u015f\u0131ndaki Kemal Kulbilge dakikalarca yard\u0131m bekledikten sonra olay yerinde vefat etti. Dakikalar sonra gelen ba\u015fka bir taksi \u015fof\u00f6r\u00fc Kulbilge&#8217;ye ilkyard\u0131m ger\u00e7ekle\u015ftirdi. Olay\u0131 fark eden taksi \u015f\u00f6f\u00f6rlerinin yetkililere ihbar\u0131 nedeniyle olay yerine gelen ambulans ekibi, bilinci kapal\u0131 vatanda\u015f\u0131 ambulansla &hellip;<\/p>\n","protected":false},"author":9192229,"featured_media":307711,"comment_status":"closed","ping_status":"closed","sticky":false,"template":"","format":"standard","meta":{"_acf_changed":false,"footnotes":""},"categories":[6805,220549,1,342],"tags":[2812,222779,221725],"class_list":["post-307709","post","type-post","status-publish","format-standard","has-post-thumbnail","hentry","category-turkiye","category-haber","category-nationalturk","category-video","tag-edirne","tag-fenalasma","tag-vefat"],"acf":[],"_links":{"self":[{"href":"https:\/\/www.nationalturk.com\/tr\/wp-json\/wp\/v2\/posts\/307709","targetHints":{"allow":["GET"]}}],"collection":[{"href":"https:\/\/www.nationalturk.com\/tr\/wp-json\/wp\/v2\/posts"}],"about":[{"href":"https:\/\/www.nationalturk.com\/tr\/wp-json\/wp\/v2\/types\/post"}],"author":[{"embeddable":true,"href":"https:\/\/www.nationalturk.com\/tr\/wp-json\/wp\/v2\/users\/9192229"}],"replies":[{"embeddable":true,"href":"https:\/\/www.nationalturk.com\/tr\/wp-json\/wp\/v2\/comments?post=307709"}],"version-history":[{"count":1,"href":"https:\/\/www.nationalturk.com\/tr\/wp-json\/wp\/v2\/posts\/307709\/revisions"}],"predecessor-version":[{"id":307713,"href":"https:\/\/www.nationalturk.com\/tr\/wp-json\/wp\/v2\/posts\/307709\/revisions\/307713"}],"wp:featuredmedia":[{"embeddable":true,"href":"https:\/\/www.nationalturk.com\/tr\/wp-json\/wp\/v2\/media\/307711"}],"wp:attachment":[{"href":"https:\/\/www.nationalturk.com\/tr\/wp-json\/wp\/v2\/media?parent=307709"}],"wp:term":[{"taxonomy":"category","embeddable":true,"href":"https:\/\/www.nationalturk.com\/tr\/wp-json\/wp\/v2\/categories?post=307709"},{"taxonomy":"post_tag","embeddable":true,"href":"https:\/\/www.nationalturk.com\/tr\/wp-json\/wp\/v2\/tags?post=307709"}],"curies":[{"name":"wp","href":"https:\/\/api.w.org\/{rel}","templated":true}]}}