{"id":307714,"date":"2026-03-12T21:46:14","date_gmt":"2026-03-12T18:46:14","guid":{"rendered":"https:\/\/www.nationalturk.com\/tr\/?p=307714"},"modified":"2026-03-12T21:48:24","modified_gmt":"2026-03-12T18:48:24","slug":"istanbulda-kadin-vincle-cikartildi","status":"publish","type":"post","link":"https:\/\/www.nationalturk.com\/tr\/istanbulda-kadin-vincle-cikartildi\/","title":{"rendered":"\u0130stanbul&#8217;da obezite hastas\u0131 kad\u0131n evinden vin\u00e7le \u00e7\u0131kart\u0131ld\u0131"},"content":{"rendered":"<div class=\"css-175oi2r r-1s2bzr4\">\n<h2 id=\"id__uw4c83je13\" class=\"css-146c3p1 r-bcqeeo r-1ttztb7 r-qvutc0 r-37j5jr r-1inkyih r-16dba41 r-bnwqim r-135wba7\" dir=\"auto\" lang=\"tr\" data-testid=\"tweetText\"><span class=\"css-1jxf684 r-bcqeeo r-1ttztb7 r-qvutc0 r-poiln3\"><a href=\"https:\/\/www.nationalturk.com\/tr\/istanbulda-trafik-magandalarina-dev-ceza\/\">\u0130stanbul<\/a>&#8216;da 240 kiloluk kad\u0131n\u0131 vin\u00e7 kurtard\u0131<\/span><\/h2>\n<div dir=\"auto\" lang=\"tr\" data-testid=\"tweetText\">\u0130stanbul&#8217;da 240 kilo olan <a href=\"http:\/\/obezite\">obezite<\/a> hastas\u0131 27 ya\u015f\u0131ndaki Suriyeli Ay\u015fe Maaz hareket kayb\u0131 ya\u015fad\u0131\u011f\u0131 i\u00e7in ambulans \u00e7a\u011f\u0131rd\u0131. 240 kilo olan kad\u0131n evinden vin\u00e7 yard\u0131m\u0131yla \u00e7\u0131kart\u0131labildi.<\/div>\n<\/div>\n<div dir=\"auto\" lang=\"tr\" data-testid=\"tweetText\"><\/div>\n<div dir=\"auto\" lang=\"tr\" data-testid=\"tweetText\"><img loading=\"lazy\" decoding=\"async\" class=\"alignnone wp-image-307715 size-medium\" src=\"https:\/\/www.nationalturk.com\/tr\/wp-content\/uploads\/2026\/03\/kadin2-800x450.png\" alt=\"\u0130stanbul&#039;da 240 kiloluk kad\u0131n\u0131 vin\u00e7 kurtard\u0131\" width=\"800\" height=\"450\" title=\"\" srcset=\"https:\/\/www.nationalturk.com\/tr\/wp-content\/uploads\/2026\/03\/kadin2-800x450.png 800w, https:\/\/www.nationalturk.com\/tr\/wp-content\/uploads\/2026\/03\/kadin2-1024x576.png 1024w, https:\/\/www.nationalturk.com\/tr\/wp-content\/uploads\/2026\/03\/kadin2-200x113.png 200w, https:\/\/www.nationalturk.com\/tr\/wp-content\/uploads\/2026\/03\/kadin2-390x220.png 390w, https:\/\/www.nationalturk.com\/tr\/wp-content\/uploads\/2026\/03\/kadin2.png 1280w\" sizes=\"auto, (max-width: 800px) 100vw, 800px\" \/><\/div>\n<div class=\"css-175oi2r r-1s2bzr4\">\n<div dir=\"auto\" lang=\"tr\" data-testid=\"tweetText\"><\/div>\n<div dir=\"auto\" lang=\"tr\" data-testid=\"tweetText\">112 Acil Sa\u011fl\u0131k ekiplerine, Sultangazi&#8217;de ya\u015fayan 27 ya\u015f\u0131ndaki Suriyeli Ay\u015fe Maaz&#8217;\u0131n ayaklar\u0131nda his kayb\u0131 bulundu\u011fu ve hareket edemedi\u011fi bildirildi.<\/div>\n<div dir=\"auto\" lang=\"tr\" data-testid=\"tweetText\"><\/div>\n<div dir=\"auto\" lang=\"tr\" data-testid=\"tweetText\">Adrese y\u00f6nlendirilen UMKE ve AFAD ekipleri kad\u0131n\u0131 kurtarmak i\u00e7in s\u00f6kt\u00fckleri pencereden getirdikleri vince aktard\u0131lar ve vin\u00e7 yard\u0131m\u0131yla kad\u0131n\u0131 evden \u00e7\u0131kard\u0131lar.<\/div>\n<\/div>\n<h2 dir=\"auto\" lang=\"tr\" data-testid=\"tweetText\">Kad\u0131n\u0131n kurtar\u0131lma anlar\u0131 b\u00f6yle g\u00f6r\u00fcnt\u00fclendi- Video<\/h2>\n<div dir=\"auto\" lang=\"tr\" data-testid=\"tweetText\"><\/div>\n<div dir=\"auto\" lang=\"tr\" data-testid=\"tweetText\">\n<div style=\"width: 480px;\" class=\"wp-video\"><video class=\"wp-video-shortcode\" id=\"video-307714-1\" width=\"480\" height=\"600\" preload=\"metadata\" controls=\"controls\"><source type=\"video\/mp4\" src=\"https:\/\/www.nationalturk.com\/tr\/wp-content\/uploads\/2026\/03\/ssstwitter.com_1773340179600.mp4?_=1\" \/><a href=\"https:\/\/www.nationalturk.com\/tr\/wp-content\/uploads\/2026\/03\/ssstwitter.com_1773340179600.mp4\">https:\/\/www.nationalturk.com\/tr\/wp-content\/uploads\/2026\/03\/ssstwitter.com_1773340179600.mp4<\/a><\/video><\/div>\n<\/div>\n","protected":false},"excerpt":{"rendered":"<p>\u0130stanbul&#8216;da 240 kiloluk kad\u0131n\u0131 vin\u00e7 kurtard\u0131 \u0130stanbul&#8217;da 240 kilo olan obezite hastas\u0131 27 ya\u015f\u0131ndaki Suriyeli Ay\u015fe Maaz hareket kayb\u0131 ya\u015fad\u0131\u011f\u0131 i\u00e7in ambulans \u00e7a\u011f\u0131rd\u0131. 240 kilo olan kad\u0131n evinden vin\u00e7 yard\u0131m\u0131yla \u00e7\u0131kart\u0131labildi. 112 Acil Sa\u011fl\u0131k ekiplerine, Sultangazi&#8217;de ya\u015fayan 27 ya\u015f\u0131ndaki Suriyeli Ay\u015fe Maaz&#8217;\u0131n ayaklar\u0131nda his kayb\u0131 bulundu\u011fu ve hareket edemedi\u011fi bildirildi. Adrese y\u00f6nlendirilen UMKE ve AFAD &hellip;<\/p>\n","protected":false},"author":9192229,"featured_media":307717,"comment_status":"closed","ping_status":"closed","sticky":false,"template":"","format":"standard","meta":{"_acf_changed":false,"footnotes":""},"categories":[6805,220549,342],"tags":[1011,5595],"class_list":["post-307714","post","type-post","status-publish","format-standard","has-post-thumbnail","hentry","category-turkiye","category-haber","category-video","tag-istanbul","tag-obezite"],"acf":[],"_links":{"self":[{"href":"https:\/\/www.nationalturk.com\/tr\/wp-json\/wp\/v2\/posts\/307714","targetHints":{"allow":["GET"]}}],"collection":[{"href":"https:\/\/www.nationalturk.com\/tr\/wp-json\/wp\/v2\/posts"}],"about":[{"href":"https:\/\/www.nationalturk.com\/tr\/wp-json\/wp\/v2\/types\/post"}],"author":[{"embeddable":true,"href":"https:\/\/www.nationalturk.com\/tr\/wp-json\/wp\/v2\/users\/9192229"}],"replies":[{"embeddable":true,"href":"https:\/\/www.nationalturk.com\/tr\/wp-json\/wp\/v2\/comments?post=307714"}],"version-history":[{"count":2,"href":"https:\/\/www.nationalturk.com\/tr\/wp-json\/wp\/v2\/posts\/307714\/revisions"}],"predecessor-version":[{"id":307720,"href":"https:\/\/www.nationalturk.com\/tr\/wp-json\/wp\/v2\/posts\/307714\/revisions\/307720"}],"wp:featuredmedia":[{"embeddable":true,"href":"https:\/\/www.nationalturk.com\/tr\/wp-json\/wp\/v2\/media\/307717"}],"wp:attachment":[{"href":"https:\/\/www.nationalturk.com\/tr\/wp-json\/wp\/v2\/media?parent=307714"}],"wp:term":[{"taxonomy":"category","embeddable":true,"href":"https:\/\/www.nationalturk.com\/tr\/wp-json\/wp\/v2\/categories?post=307714"},{"taxonomy":"post_tag","embeddable":true,"href":"https:\/\/www.nationalturk.com\/tr\/wp-json\/wp\/v2\/tags?post=307714"}],"curies":[{"name":"wp","href":"https:\/\/api.w.org\/{rel}","templated":true}]}}