{"id":307721,"date":"2026-03-12T22:58:33","date_gmt":"2026-03-12T19:58:33","guid":{"rendered":"https:\/\/www.nationalturk.com\/tr\/?p=307721"},"modified":"2026-03-12T22:58:33","modified_gmt":"2026-03-12T19:58:33","slug":"turkiyede-yasli-nufus-hizla-artiyor","status":"publish","type":"post","link":"https:\/\/www.nationalturk.com\/tr\/turkiyede-yasli-nufus-hizla-artiyor\/","title":{"rendered":"T\u00fcrkiye\u2019de ya\u015fl\u0131 n\u00fcfus h\u0131zla art\u0131yor"},"content":{"rendered":"<p>T\u00fcrkiye\u2019de n\u00fcfus yap\u0131s\u0131 giderek de\u011fi\u015fiyor. T\u00fcrkiye \u0130statistik Kurumu\u2019nun (T\u00dc\u0130K) yay\u0131mlad\u0131\u011f\u0131 \u201c\u0130statistiklerle Ya\u015fl\u0131lar 2025\u201d b\u00fclteni, \u00fclkede ya\u015fl\u0131 n\u00fcfusun son y\u0131llarda h\u0131zla artt\u0131\u011f\u0131n\u0131 ortaya koydu. Verilere g\u00f6re 65 ya\u015f ve \u00fczeri n\u00fcfus son 5 y\u0131lda \u00f6nemli bir art\u0131\u015f g\u00f6stererek 9 milyon 583 bin 59 ki\u015fiye ula\u015ft\u0131.<\/p>\n<h2><strong>Ya\u015fl\u0131 n\u00fcfus y\u00fczde 20\u2019den fazla artt\u0131<\/strong><\/h2>\n<p><a title=\"T\u00dc\u0130K haberleri\" href=\"https:\/\/www.nationalturk.com\/tr\/?s=t%C3%BCik\" target=\"_blank\" rel=\"noopener\">T\u00dc\u0130K<\/a> verilerine g\u00f6re 2020 y\u0131l\u0131nda 7 milyon 953 bin 555 ki\u015fi olan 65 ya\u015f ve \u00fczeri n\u00fcfus, son 5 y\u0131lda y\u00fczde 20,5 art\u0131\u015f g\u00f6sterdi. B\u00f6ylece 2025 y\u0131l\u0131nda ya\u015fl\u0131 n\u00fcfus 9 milyon 583 bin 59 ki\u015fiye \u00e7\u0131kt\u0131.<\/p>\n<p>Ya\u015fl\u0131 n\u00fcfusun toplam n\u00fcfus i\u00e7indeki oran\u0131 da ayn\u0131 d\u00f6nemde y\u00fckseldi. 2020 y\u0131l\u0131nda y\u00fczde 9,5 olan oran, 2025 y\u0131l\u0131nda y\u00fczde 11,1\u2019e ula\u015ft\u0131.<\/p>\n<p>Ya\u015fl\u0131 n\u00fcfusun cinsiyete g\u00f6re da\u011f\u0131l\u0131m\u0131nda ise kad\u0131nlar\u0131n daha fazla oldu\u011fu g\u00f6r\u00fcld\u00fc. 2025 y\u0131l\u0131nda ya\u015fl\u0131 n\u00fcfusun y\u00fczde 55,3\u2019\u00fcn\u00fc kad\u0131nlar, y\u00fczde 44,7\u2019sini erkekler olu\u015fturdu.<\/p>\n<h2><strong>En b\u00fcy\u00fck grup 65-74 ya\u015f aral\u0131\u011f\u0131nda<\/strong><\/h2>\n<p>Ya\u015fl\u0131 n\u00fcfus ya\u015f gruplar\u0131na g\u00f6re incelendi\u011finde en b\u00fcy\u00fck pay\u0131n 65-74 ya\u015f grubuna ait oldu\u011fu g\u00f6r\u00fcld\u00fc. 2025 y\u0131l\u0131nda ya\u015fl\u0131lar\u0131n y\u00fczde 62,9\u2019u bu ya\u015f grubunda yer ald\u0131.<\/p>\n<p>75-84 ya\u015f grubunun oran\u0131 y\u00fczde 29,3 olurken 85 ya\u015f ve \u00fczeri n\u00fcfusun oran\u0131 y\u00fczde 7,8 olarak kaydedildi.<\/p>\n<p>T\u00fcrkiye\u2019de 100 ya\u015f ve \u00fczerindeki ki\u015fi say\u0131s\u0131 ise 2025 y\u0131l\u0131nda 8 bin 290 olarak a\u00e7\u0131kland\u0131.<\/p>\n<h3><strong>T\u00fcrkiye\u2019de ortanca ya\u015f y\u00fckseldi<\/strong><\/h3>\n<p>N\u00fcfusun ya\u015flanmas\u0131n\u0131n \u00f6nemli g\u00f6stergelerinden biri olan ortanca ya\u015f da y\u00fckseldi. 2020 y\u0131l\u0131nda 32,7 olan ortanca ya\u015f, 2025 y\u0131l\u0131nda 34,9\u2019a \u00e7\u0131kt\u0131.<\/p>\n<p>2025 y\u0131l\u0131nda ortanca ya\u015f erkeklerde 34,2 olurken kad\u0131nlarda 35,7 olarak hesapland\u0131.<\/p>\n<h2><strong>Ya\u015fl\u0131 ba\u011f\u0131ml\u0131l\u0131k oran\u0131 artt\u0131<\/strong><\/h2>\n<p>\u00c7al\u0131\u015fma \u00e7a\u011f\u0131ndaki 100 ki\u015fiye d\u00fc\u015fen ya\u015fl\u0131 say\u0131s\u0131n\u0131 g\u00f6steren ya\u015fl\u0131 ba\u011f\u0131ml\u0131l\u0131k oran\u0131 da y\u00fckseldi. Bu oran 2020 y\u0131l\u0131nda y\u00fczde 14,1 iken 2025 y\u0131l\u0131nda y\u00fczde 16,2\u2019ye \u00e7\u0131kt\u0131.<\/p>\n<h2><strong>En ya\u015fl\u0131 il Sinop<\/strong><\/h2>\n<p>Ya\u015fl\u0131 n\u00fcfus oran\u0131n\u0131n en y\u00fcksek oldu\u011fu il 2025 y\u0131l\u0131nda y\u00fczde 21,7 ile Sinop oldu. Bu ili y\u00fczde 21,1 ile Kastamonu ve y\u00fczde 20 ile Giresun izledi.<\/p>\n<p>Ya\u015fl\u0131 n\u00fcfus oran\u0131n\u0131n en d\u00fc\u015f\u00fck oldu\u011fu il ise y\u00fczde 3,8 ile \u015e\u0131rnak olarak a\u00e7\u0131kland\u0131. \u015e\u0131rnak\u2019\u0131 y\u00fczde 4,5 ile \u015eanl\u0131urfa ve y\u00fczde 4,7 ile Hakkari takip etti.<\/p>\n<h3><strong>T\u00fcrkiye h\u00e2l\u00e2 gen\u00e7 \u00fclkeler aras\u0131nda<\/strong><\/h3>\n<p>Birle\u015fmi\u015f Milletler\u2019in 2025 y\u0131l\u0131 tahminlerine g\u00f6re d\u00fcnya n\u00fcfusunun y\u00fczde 10,4\u2019\u00fcn\u00fc ya\u015fl\u0131 n\u00fcfus olu\u015fturuyor. En y\u00fcksek ya\u015fl\u0131 n\u00fcfus oran\u0131na sahip \u00fclkeler aras\u0131nda Monako, Japonya ve \u0130talya ilk s\u0131ralarda yer ald\u0131.<\/p>\n<p>T\u00fcrkiye ise 194 \u00fclke aras\u0131nda ya\u015fl\u0131 n\u00fcfus oran\u0131nda 75\u2019inci s\u0131rada bulunuyor.<\/p>\n<h3><strong>\u0130nternet kullanan ya\u015fl\u0131lar\u0131n say\u0131s\u0131 artt\u0131<\/strong><\/h3>\n<p>T\u00dc\u0130K verilerine g\u00f6re teknoloji kullan\u0131m\u0131 da ya\u015fl\u0131 n\u00fcfus aras\u0131nda yayg\u0131nla\u015f\u0131yor. 65-74 ya\u015f grubunda internet kullananlar\u0131n oran\u0131 2020 y\u0131l\u0131nda y\u00fczde 27,1 iken 2025 y\u0131l\u0131nda y\u00fczde 53,2\u2019ye y\u00fckseldi.<\/p>\n<p>Cinsiyete g\u00f6re bak\u0131ld\u0131\u011f\u0131nda internet kullan\u0131m\u0131n\u0131n erkeklerde daha y\u00fcksek oldu\u011fu g\u00f6r\u00fcld\u00fc. 2025 y\u0131l\u0131nda ya\u015fl\u0131 erkeklerin y\u00fczde 61,3\u2019\u00fc internet kullan\u0131rken ya\u015fl\u0131 kad\u0131nlarda bu oran y\u00fczde 46,1 oldu.<br \/>\n<iframe loading=\"lazy\" title=\"Yat\u0131r\u0131m Kul\u00fcb\u00fc - T\u00dc\u0130K: Sanayi \u00dcretimi Ocak'ta Y\u0131ll\u0131k Y\u00fczde 1,8 D\u00fc\u015ft\u00fc | 10 Mart 2026\" src=\"https:\/\/www.youtube.com\/embed\/WpfeBGDyplc\" width=\"951\" height=\"535\" frameborder=\"0\" allowfullscreen=\"allowfullscreen\"><\/iframe><\/p>\n","protected":false},"excerpt":{"rendered":"<p>T\u00fcrkiye\u2019de n\u00fcfus yap\u0131s\u0131 giderek de\u011fi\u015fiyor. T\u00fcrkiye \u0130statistik Kurumu\u2019nun (T\u00dc\u0130K) yay\u0131mlad\u0131\u011f\u0131 \u201c\u0130statistiklerle Ya\u015fl\u0131lar 2025\u201d b\u00fclteni, \u00fclkede ya\u015fl\u0131 n\u00fcfusun son y\u0131llarda h\u0131zla artt\u0131\u011f\u0131n\u0131 ortaya koydu. Verilere g\u00f6re 65 ya\u015f ve \u00fczeri n\u00fcfus son 5 y\u0131lda \u00f6nemli bir art\u0131\u015f g\u00f6stererek 9 milyon 583 bin 59 ki\u015fiye ula\u015ft\u0131. Ya\u015fl\u0131 n\u00fcfus y\u00fczde 20\u2019den fazla artt\u0131 T\u00dc\u0130K verilerine g\u00f6re 2020 y\u0131l\u0131nda &hellip;<\/p>\n","protected":false},"author":9192226,"featured_media":307722,"comment_status":"closed","ping_status":"closed","sticky":false,"template":"","format":"standard","meta":{"_acf_changed":false,"footnotes":""},"categories":[6805],"tags":[222781,222780,34446,3909,195938,222782,213640],"class_list":["post-307721","post","type-post","status-publish","format-standard","has-post-thumbnail","hentry","category-turkiye","tag-demografi","tag-nufus-istatistikleri","tag-sinop","tag-tuik","tag-turkiye","tag-yaslanma","tag-yasli-nufus"],"acf":[],"_links":{"self":[{"href":"https:\/\/www.nationalturk.com\/tr\/wp-json\/wp\/v2\/posts\/307721","targetHints":{"allow":["GET"]}}],"collection":[{"href":"https:\/\/www.nationalturk.com\/tr\/wp-json\/wp\/v2\/posts"}],"about":[{"href":"https:\/\/www.nationalturk.com\/tr\/wp-json\/wp\/v2\/types\/post"}],"author":[{"embeddable":true,"href":"https:\/\/www.nationalturk.com\/tr\/wp-json\/wp\/v2\/users\/9192226"}],"replies":[{"embeddable":true,"href":"https:\/\/www.nationalturk.com\/tr\/wp-json\/wp\/v2\/comments?post=307721"}],"version-history":[{"count":1,"href":"https:\/\/www.nationalturk.com\/tr\/wp-json\/wp\/v2\/posts\/307721\/revisions"}],"predecessor-version":[{"id":307724,"href":"https:\/\/www.nationalturk.com\/tr\/wp-json\/wp\/v2\/posts\/307721\/revisions\/307724"}],"wp:featuredmedia":[{"embeddable":true,"href":"https:\/\/www.nationalturk.com\/tr\/wp-json\/wp\/v2\/media\/307722"}],"wp:attachment":[{"href":"https:\/\/www.nationalturk.com\/tr\/wp-json\/wp\/v2\/media?parent=307721"}],"wp:term":[{"taxonomy":"category","embeddable":true,"href":"https:\/\/www.nationalturk.com\/tr\/wp-json\/wp\/v2\/categories?post=307721"},{"taxonomy":"post_tag","embeddable":true,"href":"https:\/\/www.nationalturk.com\/tr\/wp-json\/wp\/v2\/tags?post=307721"}],"curies":[{"name":"wp","href":"https:\/\/api.w.org\/{rel}","templated":true}]}}