{"id":307725,"date":"2026-03-13T21:49:34","date_gmt":"2026-03-13T18:49:34","guid":{"rendered":"https:\/\/www.nationalturk.com\/tr\/?p=307725"},"modified":"2026-03-13T21:49:34","modified_gmt":"2026-03-13T18:49:34","slug":"istanbulda-kediyi-doverken-yakalandi","status":"publish","type":"post","link":"https:\/\/www.nationalturk.com\/tr\/istanbulda-kediyi-doverken-yakalandi\/","title":{"rendered":"\u0130stanbul\u2019da kediyi d\u00f6verken kameralara yakaland\u0131"},"content":{"rendered":"<div class=\"css-175oi2r r-1s2bzr4\">\n<h2 id=\"id__lnkq9yrxjpf\" class=\"css-146c3p1 r-bcqeeo r-1ttztb7 r-qvutc0 r-37j5jr r-1inkyih r-16dba41 r-bnwqim r-135wba7\" dir=\"auto\" lang=\"tr\" data-testid=\"tweetText\"><span class=\"css-1jxf684 r-bcqeeo r-1ttztb7 r-qvutc0 r-poiln3\"><a href=\"https:\/\/www.nationalturk.com\/tr\/istanbulda-kadin-vincle-cikartildi\/\">\u0130stanbul<\/a>\u2019da \u015fok eden g\u00f6r\u00fcnt\u00fc<\/span><\/h2>\n<div class=\"css-146c3p1 r-bcqeeo r-1ttztb7 r-qvutc0 r-37j5jr r-1inkyih r-16dba41 r-bnwqim r-135wba7\" dir=\"auto\" lang=\"tr\" data-testid=\"tweetText\"><span class=\"css-1jxf684 r-bcqeeo r-1ttztb7 r-qvutc0 r-poiln3\">\u0130stanbul&#8217;da bir apartmanda beslenen <a href=\"http:\/\/kedi\">kediyi<\/a> ses yapt\u0131\u011f\u0131 gerek\u00e7esiyle vurarak darbeden \u015fah\u0131s kedinin \u00e7\u0131rp\u0131n\u0131\u015flar\u0131na ra\u011fmen kediyi d\u0131\u015far\u0131 att\u0131. \u015eah\u0131s g\u00f6zalt\u0131na al\u0131nd\u0131.\u00a0<\/span><\/div>\n<\/div>\n<div dir=\"auto\" lang=\"tr\" data-testid=\"tweetText\"><\/div>\n<div dir=\"auto\" lang=\"tr\" data-testid=\"tweetText\"><img loading=\"lazy\" decoding=\"async\" class=\"alignnone wp-image-307727 size-medium\" src=\"https:\/\/www.nationalturk.com\/tr\/wp-content\/uploads\/2026\/03\/kedi2-800x450.png\" alt=\"\u0130stanbul\u2019da \u015fok eden g\u00f6r\u00fcnt\u00fc\" width=\"800\" height=\"450\" title=\"\" srcset=\"https:\/\/www.nationalturk.com\/tr\/wp-content\/uploads\/2026\/03\/kedi2-800x450.png 800w, https:\/\/www.nationalturk.com\/tr\/wp-content\/uploads\/2026\/03\/kedi2-1024x576.png 1024w, https:\/\/www.nationalturk.com\/tr\/wp-content\/uploads\/2026\/03\/kedi2-200x113.png 200w, https:\/\/www.nationalturk.com\/tr\/wp-content\/uploads\/2026\/03\/kedi2-390x220.png 390w, https:\/\/www.nationalturk.com\/tr\/wp-content\/uploads\/2026\/03\/kedi2.png 1280w\" sizes=\"auto, (max-width: 800px) 100vw, 800px\" \/><\/div>\n<div dir=\"auto\" lang=\"tr\" data-testid=\"tweetText\"><\/div>\n<div dir=\"auto\" lang=\"tr\" data-testid=\"tweetText\">Apartmanda beslenen kediyi ses yapt\u0131\u011f\u0131 gerek\u00e7esiyle yakalay\u0131p <span class=\"css-1jxf684 r-bcqeeo r-1ttztb7 r-qvutc0 r-poiln3\">darbeden \u015fah\u0131s apartman i\u00e7erindeki g\u00fcvenlik kameras\u0131na saniye saniye yans\u0131d\u0131.\u00a0<\/span><\/div>\n<div dir=\"auto\" lang=\"tr\" data-testid=\"tweetText\"><\/div>\n<div dir=\"auto\" lang=\"tr\" data-testid=\"tweetText\">Sosyal medyada payla\u015f\u0131lan g\u00f6r\u00fcnt\u00fclere tepkiler \u00e7\u0131\u011f gibi b\u00fcy\u00fcd\u00fc. Vatanda\u015flar yetkililerin kediye vuran \u015fah\u0131s hakk\u0131nda yetkililere \u00e7a\u011fr\u0131da bulunurken. Kedinin ise koruma alt\u0131na al\u0131nmas\u0131n\u0131 istedi.<\/div>\n<div dir=\"auto\" lang=\"tr\" data-testid=\"tweetText\"><\/div>\n<div dir=\"auto\" lang=\"tr\" data-testid=\"tweetText\">G\u00f6r\u00fcnt\u00fcler hayvanseverleri derinden etkilerken \u00e7aresiz durumdaki kedinin durumu y\u00fcrekleri burktu.<\/div>\n<h2 dir=\"auto\" lang=\"tr\" data-testid=\"tweetText\">Korkutan o anlar b\u00f6yle g\u00f6r\u00fcnt\u00fclendi- Video<\/h2>\n<div dir=\"auto\" lang=\"tr\" data-testid=\"tweetText\"><\/div>\n<div dir=\"auto\" lang=\"tr\" data-testid=\"tweetText\">\n<div style=\"width: 480px;\" class=\"wp-video\"><video class=\"wp-video-shortcode\" id=\"video-307725-1\" width=\"480\" height=\"852\" preload=\"metadata\" controls=\"controls\"><source type=\"video\/mp4\" src=\"https:\/\/www.nationalturk.com\/tr\/wp-content\/uploads\/2026\/03\/ssstwitter.com_1773426857689.mp4?_=1\" \/><a href=\"https:\/\/www.nationalturk.com\/tr\/wp-content\/uploads\/2026\/03\/ssstwitter.com_1773426857689.mp4\">https:\/\/www.nationalturk.com\/tr\/wp-content\/uploads\/2026\/03\/ssstwitter.com_1773426857689.mp4<\/a><\/video><\/div>\n<\/div>\n<div id=\"id__2rdypo2xi8d\" class=\"css-175oi2r r-9aw3ui r-1s2bzr4\" aria-labelledby=\"id__negzg9ovw4s id__t5c3vuzuuk9\">\n<div class=\"css-175oi2r r-9aw3ui\">\n<div class=\"css-175oi2r\">\n<div class=\"css-175oi2r\">\n<div class=\"css-175oi2r r-1kqtdi0 r-1phboty r-rs99b7 r-1867qdf r-1udh08x r-o7ynqc r-6416eg r-1ny4l3l\">\n<div class=\"css-175oi2r\">\n<div class=\"css-175oi2r r-1pi2tsx\" data-testid=\"tweetPhoto\">\n<div class=\"css-175oi2r\">\n<div class=\"css-175oi2r r-1adg3ll r-1udh08x\"><\/div>\n<\/div>\n<\/div>\n<\/div>\n<\/div>\n<\/div>\n<\/div>\n<\/div>\n<\/div>\n","protected":false},"excerpt":{"rendered":"<p>\u0130stanbul\u2019da \u015fok eden g\u00f6r\u00fcnt\u00fc \u0130stanbul&#8217;da bir apartmanda beslenen kediyi ses yapt\u0131\u011f\u0131 gerek\u00e7esiyle vurarak darbeden \u015fah\u0131s kedinin \u00e7\u0131rp\u0131n\u0131\u015flar\u0131na ra\u011fmen kediyi d\u0131\u015far\u0131 att\u0131. \u015eah\u0131s g\u00f6zalt\u0131na al\u0131nd\u0131.\u00a0 Apartmanda beslenen kediyi ses yapt\u0131\u011f\u0131 gerek\u00e7esiyle yakalay\u0131p darbeden \u015fah\u0131s apartman i\u00e7erindeki g\u00fcvenlik kameras\u0131na saniye saniye yans\u0131d\u0131.\u00a0 Sosyal medyada payla\u015f\u0131lan g\u00f6r\u00fcnt\u00fclere tepkiler \u00e7\u0131\u011f gibi b\u00fcy\u00fcd\u00fc. Vatanda\u015flar yetkililerin kediye vuran \u015fah\u0131s hakk\u0131nda yetkililere &hellip;<\/p>\n","protected":false},"author":9192229,"featured_media":307726,"comment_status":"closed","ping_status":"closed","sticky":false,"template":"","format":"standard","meta":{"_acf_changed":false,"footnotes":""},"categories":[6805,220549,342],"tags":[1011,54161],"class_list":["post-307725","post","type-post","status-publish","format-standard","has-post-thumbnail","hentry","category-turkiye","category-haber","category-video","tag-istanbul","tag-kedi"],"acf":[],"_links":{"self":[{"href":"https:\/\/www.nationalturk.com\/tr\/wp-json\/wp\/v2\/posts\/307725","targetHints":{"allow":["GET"]}}],"collection":[{"href":"https:\/\/www.nationalturk.com\/tr\/wp-json\/wp\/v2\/posts"}],"about":[{"href":"https:\/\/www.nationalturk.com\/tr\/wp-json\/wp\/v2\/types\/post"}],"author":[{"embeddable":true,"href":"https:\/\/www.nationalturk.com\/tr\/wp-json\/wp\/v2\/users\/9192229"}],"replies":[{"embeddable":true,"href":"https:\/\/www.nationalturk.com\/tr\/wp-json\/wp\/v2\/comments?post=307725"}],"version-history":[{"count":1,"href":"https:\/\/www.nationalturk.com\/tr\/wp-json\/wp\/v2\/posts\/307725\/revisions"}],"predecessor-version":[{"id":307729,"href":"https:\/\/www.nationalturk.com\/tr\/wp-json\/wp\/v2\/posts\/307725\/revisions\/307729"}],"wp:featuredmedia":[{"embeddable":true,"href":"https:\/\/www.nationalturk.com\/tr\/wp-json\/wp\/v2\/media\/307726"}],"wp:attachment":[{"href":"https:\/\/www.nationalturk.com\/tr\/wp-json\/wp\/v2\/media?parent=307725"}],"wp:term":[{"taxonomy":"category","embeddable":true,"href":"https:\/\/www.nationalturk.com\/tr\/wp-json\/wp\/v2\/categories?post=307725"},{"taxonomy":"post_tag","embeddable":true,"href":"https:\/\/www.nationalturk.com\/tr\/wp-json\/wp\/v2\/tags?post=307725"}],"curies":[{"name":"wp","href":"https:\/\/api.w.org\/{rel}","templated":true}]}}