{"id":307730,"date":"2026-03-13T22:35:59","date_gmt":"2026-03-13T19:35:59","guid":{"rendered":"https:\/\/www.nationalturk.com\/tr\/?p=307730"},"modified":"2026-03-13T22:35:59","modified_gmt":"2026-03-13T19:35:59","slug":"malatyada-feci-kaza-1-olu-1-yarali","status":"publish","type":"post","link":"https:\/\/www.nationalturk.com\/tr\/malatyada-feci-kaza-1-olu-1-yarali\/","title":{"rendered":"Malatya&#8217;da feci kaza: 1 \u00f6l\u00fc, 1 yaral\u0131"},"content":{"rendered":"<h2><a href=\"http:\/\/Malatya\">Malatya<\/a>&#8216;da korkun\u00e7 olay<\/h2>\n<p>Malatya-Elaz\u0131\u011f karayolu Kale il\u00e7esi Dar\u0131p\u0131nar mevkiinde bir kamyon s\u00fcr\u00fcc\u00fcs\u00fcn\u00fcn kontrol\u00fcnden \u00e7\u0131karak S.K.&#8217;n\u0131n kulland\u0131\u011f\u0131 hafif ticari ara\u00e7 ile seyyar kay\u0131s\u0131 tezgah\u0131na \u00e7arpt\u0131. Kazada 1 ki\u015fi hayat\u0131n\u0131 kaybederken 1 ki\u015fi ise yaraland\u0131.<\/p>\n<p><img loading=\"lazy\" decoding=\"async\" class=\"alignnone wp-image-307731 size-medium\" src=\"https:\/\/www.nationalturk.com\/tr\/wp-content\/uploads\/2026\/03\/kaza-800x450.png\" alt=\"Malatya&#039;da korkun\u00e7 olay\" width=\"800\" height=\"450\" title=\"\" srcset=\"https:\/\/www.nationalturk.com\/tr\/wp-content\/uploads\/2026\/03\/kaza-800x450.png 800w, https:\/\/www.nationalturk.com\/tr\/wp-content\/uploads\/2026\/03\/kaza-1024x576.png 1024w, https:\/\/www.nationalturk.com\/tr\/wp-content\/uploads\/2026\/03\/kaza-200x113.png 200w, https:\/\/www.nationalturk.com\/tr\/wp-content\/uploads\/2026\/03\/kaza-390x220.png 390w, https:\/\/www.nationalturk.com\/tr\/wp-content\/uploads\/2026\/03\/kaza.png 1280w\" sizes=\"auto, (max-width: 800px) 100vw, 800px\" \/><\/p>\n<p>\u0130hbar \u00fczerine b\u00f6lgeye jandarma, sa\u011fl\u0131k ile itfaiye ekipleri sevk edildi. Yaral\u0131 ambulansla hastaneye kald\u0131r\u0131ld\u0131, Mehmet \u00d6zer&#8217;in cenazesi ise adli t\u0131p kurumuna g\u00f6nderildi.<\/p>\n<p>Kazada Mehmet \u00d6zer olay yerinde hayat\u0131n\u0131 kaybederken, S.K. ise yaraland\u0131.<\/p>\n<p>Kamyon s\u00fcr\u00fcc\u00fcs\u00fcn\u00fcn g\u00f6zalt\u0131na al\u0131nd\u0131\u011f\u0131 kazayla ilgili polis ekipleri inceleme ba\u015flatt\u0131.<\/p>\n<h3><a href=\"https:\/\/www.nationalturk.com\/tr\/bursada-feci-kaza-4-yarali\/\">Kaza<\/a> sonras\u0131 b\u00f6yle g\u00f6r\u00fcnt\u00fclendi- Video<\/h3>\n<div style=\"width: 512px;\" class=\"wp-video\"><video class=\"wp-video-shortcode\" id=\"video-307730-1\" width=\"512\" height=\"288\" preload=\"metadata\" controls=\"controls\"><source type=\"video\/mp4\" src=\"https:\/\/www.nationalturk.com\/tr\/wp-content\/uploads\/2026\/03\/04F08E55-048D-440B-B367-DDD540AB5796.mp4?_=1\" \/><a href=\"https:\/\/www.nationalturk.com\/tr\/wp-content\/uploads\/2026\/03\/04F08E55-048D-440B-B367-DDD540AB5796.mp4\">https:\/\/www.nationalturk.com\/tr\/wp-content\/uploads\/2026\/03\/04F08E55-048D-440B-B367-DDD540AB5796.mp4<\/a><\/video><\/div>\n","protected":false},"excerpt":{"rendered":"<p>Malatya&#8216;da korkun\u00e7 olay Malatya-Elaz\u0131\u011f karayolu Kale il\u00e7esi Dar\u0131p\u0131nar mevkiinde bir kamyon s\u00fcr\u00fcc\u00fcs\u00fcn\u00fcn kontrol\u00fcnden \u00e7\u0131karak S.K.&#8217;n\u0131n kulland\u0131\u011f\u0131 hafif ticari ara\u00e7 ile seyyar kay\u0131s\u0131 tezgah\u0131na \u00e7arpt\u0131. Kazada 1 ki\u015fi hayat\u0131n\u0131 kaybederken 1 ki\u015fi ise yaraland\u0131. \u0130hbar \u00fczerine b\u00f6lgeye jandarma, sa\u011fl\u0131k ile itfaiye ekipleri sevk edildi. Yaral\u0131 ambulansla hastaneye kald\u0131r\u0131ld\u0131, Mehmet \u00d6zer&#8217;in cenazesi ise adli t\u0131p kurumuna g\u00f6nderildi. &hellip;<\/p>\n","protected":false},"author":9192229,"featured_media":307732,"comment_status":"closed","ping_status":"closed","sticky":false,"template":"","format":"standard","meta":{"_acf_changed":false,"footnotes":""},"categories":[6805,220549,1,342],"tags":[54417,1272],"class_list":["post-307730","post","type-post","status-publish","format-standard","has-post-thumbnail","hentry","category-turkiye","category-haber","category-nationalturk","category-video","tag-kaza","tag-malatya"],"acf":[],"_links":{"self":[{"href":"https:\/\/www.nationalturk.com\/tr\/wp-json\/wp\/v2\/posts\/307730","targetHints":{"allow":["GET"]}}],"collection":[{"href":"https:\/\/www.nationalturk.com\/tr\/wp-json\/wp\/v2\/posts"}],"about":[{"href":"https:\/\/www.nationalturk.com\/tr\/wp-json\/wp\/v2\/types\/post"}],"author":[{"embeddable":true,"href":"https:\/\/www.nationalturk.com\/tr\/wp-json\/wp\/v2\/users\/9192229"}],"replies":[{"embeddable":true,"href":"https:\/\/www.nationalturk.com\/tr\/wp-json\/wp\/v2\/comments?post=307730"}],"version-history":[{"count":1,"href":"https:\/\/www.nationalturk.com\/tr\/wp-json\/wp\/v2\/posts\/307730\/revisions"}],"predecessor-version":[{"id":307735,"href":"https:\/\/www.nationalturk.com\/tr\/wp-json\/wp\/v2\/posts\/307730\/revisions\/307735"}],"wp:featuredmedia":[{"embeddable":true,"href":"https:\/\/www.nationalturk.com\/tr\/wp-json\/wp\/v2\/media\/307732"}],"wp:attachment":[{"href":"https:\/\/www.nationalturk.com\/tr\/wp-json\/wp\/v2\/media?parent=307730"}],"wp:term":[{"taxonomy":"category","embeddable":true,"href":"https:\/\/www.nationalturk.com\/tr\/wp-json\/wp\/v2\/categories?post=307730"},{"taxonomy":"post_tag","embeddable":true,"href":"https:\/\/www.nationalturk.com\/tr\/wp-json\/wp\/v2\/tags?post=307730"}],"curies":[{"name":"wp","href":"https:\/\/api.w.org\/{rel}","templated":true}]}}