{"id":307736,"date":"2026-03-13T22:51:14","date_gmt":"2026-03-13T19:51:14","guid":{"rendered":"https:\/\/www.nationalturk.com\/tr\/?p=307736"},"modified":"2026-03-13T22:51:14","modified_gmt":"2026-03-13T19:51:14","slug":"42-yillik-pilot-son-ucusunu-kizi-ile-yapti","status":"publish","type":"post","link":"https:\/\/www.nationalturk.com\/tr\/42-yillik-pilot-son-ucusunu-kizi-ile-yapti\/","title":{"rendered":"42 y\u0131ll\u0131k pilot son u\u00e7u\u015funu k\u0131z\u0131 ile yapt\u0131"},"content":{"rendered":"<div class=\"css-175oi2r r-1s2bzr4\">\n<h2 dir=\"auto\" lang=\"tr\" data-testid=\"tweetText\"><a href=\"https:\/\/www.nationalturk.com\/tr\/pilot-binbasi-ibrahim-bolata-veda\/\">Pilot<\/a> baban\u0131n gurur dolu anlar\u0131<\/h2>\n<div dir=\"auto\" lang=\"tr\" data-testid=\"tweetText\"><span class=\"css-1jxf684 r-bcqeeo r-1ttztb7 r-qvutc0 r-poiln3\">42 y\u0131ll\u0131k pilot Ali Akman Sar\u0131han, son u\u00e7u\u015funu ilk seferine \u00e7\u0131kan k\u0131z\u0131 Cemresu Sar\u0131han ile yapt\u0131. K\u0131z\u0131 ile <a href=\"http:\/\/u\u00e7u\u015f\">u\u00e7u\u015f<\/a> yapan baban\u0131n gururlu anlar\u0131 g\u00f6renleri duyguland\u0131rd\u0131.<\/span><\/div>\n<\/div>\n<div dir=\"auto\" lang=\"tr\" data-testid=\"tweetText\"><\/div>\n<div dir=\"auto\" lang=\"tr\" data-testid=\"tweetText\"><img loading=\"lazy\" decoding=\"async\" class=\"alignnone wp-image-307737 size-medium\" src=\"https:\/\/www.nationalturk.com\/tr\/wp-content\/uploads\/2026\/03\/pilot2-800x450.png\" alt=\"Pilot baban\u0131n gurur dolu anlar\u0131\" width=\"800\" height=\"450\" title=\"\" srcset=\"https:\/\/www.nationalturk.com\/tr\/wp-content\/uploads\/2026\/03\/pilot2-800x450.png 800w, https:\/\/www.nationalturk.com\/tr\/wp-content\/uploads\/2026\/03\/pilot2-1024x576.png 1024w, https:\/\/www.nationalturk.com\/tr\/wp-content\/uploads\/2026\/03\/pilot2-200x113.png 200w, https:\/\/www.nationalturk.com\/tr\/wp-content\/uploads\/2026\/03\/pilot2-390x220.png 390w, https:\/\/www.nationalturk.com\/tr\/wp-content\/uploads\/2026\/03\/pilot2.png 1280w\" sizes=\"auto, (max-width: 800px) 100vw, 800px\" \/><\/div>\n<div dir=\"auto\" lang=\"tr\" data-testid=\"tweetText\"><\/div>\n<div dir=\"auto\" lang=\"tr\" data-testid=\"tweetText\">U\u00e7u\u015f \u00f6ncesi yolculara anons yapan Cemresu Sar\u0131han \u015funlar\u0131 s\u00f6yledi:<\/p>\n<p>&#8220;Bug\u00fcnk\u00fc u\u00e7u\u015fumuz benim ve ailem ad\u0131na \u00e7ok anlaml\u0131. Kokpitte birlikte g\u00f6rev yapt\u0131\u011f\u0131m kaptan pilotumuz Ali Akman Sar\u0131han, babam, bug\u00fcn 42 y\u0131ll\u0131k u\u00e7u\u015f kariyerinin son u\u00e7u\u015funu ger\u00e7ekle\u015ftiriyor.<\/p><\/div>\n<div dir=\"auto\" lang=\"tr\" data-testid=\"tweetText\"><\/div>\n<div dir=\"auto\" lang=\"tr\" data-testid=\"tweetText\">Yakla\u015f\u0131k 50 y\u0131l \u00f6nce asker olarak ba\u015flad\u0131\u011f\u0131 havac\u0131l\u0131k hayat\u0131na, F-16 u\u00e7aklar\u0131ndan Boeing u\u00e7aklar\u0131na kadar bir\u00e7ok farkl\u0131 u\u00e7akla binlerce saatlik g\u00f6ky\u00fcz\u00fcnde g\u00f6rev yapt\u0131.<\/div>\n<div dir=\"auto\" lang=\"tr\" data-testid=\"tweetText\"><\/div>\n<div dir=\"auto\" lang=\"tr\" data-testid=\"tweetText\">Son 23 y\u0131ld\u0131r ailesinde on binlerce yolcuyu da g\u00fcvenle ta\u015f\u0131d\u0131. Hayat\u0131m boyunca bana ilham olan, g\u00f6ky\u00fcz\u00fcn\u00fc sevmeyi \u00f6\u011freten ve bug\u00fcn b\u00fcy\u00fck bir gururla yapt\u0131\u011f\u0131m bu mesle\u011fe ad\u0131m atmam\u0131 sa\u011flayan ki\u015fi kendisi. Benim i\u00e7in o sadece bir kaptan de\u011fil, ayn\u0131 zamanda \u00f6\u011fretmenim, yol g\u00f6stericim ve en b\u00fcy\u00fck destek\u00e7im.<\/div>\n<div dir=\"auto\" lang=\"tr\" data-testid=\"tweetText\"><\/div>\n<div dir=\"auto\" lang=\"tr\" data-testid=\"tweetText\">Baz\u0131 insanlar g\u00f6ky\u00fcz\u00fcne bakar, baz\u0131lar\u0131 ise hayat\u0131n\u0131 orada ge\u00e7irir. Benim babam da hayat\u0131n\u0131 g\u00f6ky\u00fcz\u00fcne adayanlardan biri oldu. Can\u0131m babam, iyi ki vars\u0131n, iyi ki benim babams\u0131n, iyi ki do\u011fdun.&#8221;<\/div>\n<div dir=\"auto\" lang=\"tr\" data-testid=\"tweetText\"><\/div>\n<div dir=\"auto\" lang=\"tr\" data-testid=\"tweetText\">Mesaj\u0131yla hem u\u00e7u\u015ftaki yolcular\u0131 hem de sosyal medya kullan\u0131c\u0131lar\u0131n\u0131 derinden etkiledi.<\/div>\n<div dir=\"auto\" lang=\"tr\" data-testid=\"tweetText\"><\/div>\n<div dir=\"auto\" lang=\"tr\" data-testid=\"tweetText\">\n<div style=\"width: 480px;\" class=\"wp-video\"><video class=\"wp-video-shortcode\" id=\"video-307736-1\" width=\"480\" height=\"852\" preload=\"metadata\" controls=\"controls\"><source type=\"video\/mp4\" src=\"https:\/\/www.nationalturk.com\/tr\/wp-content\/uploads\/2026\/03\/ssstwitter.com_1773430833720.mp4?_=1\" \/><a href=\"https:\/\/www.nationalturk.com\/tr\/wp-content\/uploads\/2026\/03\/ssstwitter.com_1773430833720.mp4\">https:\/\/www.nationalturk.com\/tr\/wp-content\/uploads\/2026\/03\/ssstwitter.com_1773430833720.mp4<\/a><\/video><\/div>\n<\/div>\n<div dir=\"auto\" lang=\"tr\" data-testid=\"tweetText\"><\/div>\n<div id=\"id__ihmes2j2zpr\" class=\"css-175oi2r r-9aw3ui r-1s2bzr4\" aria-labelledby=\"id__read7acs5h id__dlykp4gm2qf\">\n<div class=\"css-175oi2r r-9aw3ui\">\n<div class=\"css-175oi2r\">\n<div class=\"css-175oi2r\">\n<div class=\"css-175oi2r r-1kqtdi0 r-1phboty r-rs99b7 r-1867qdf r-1udh08x r-o7ynqc r-6416eg r-1ny4l3l\">\n<div class=\"css-175oi2r\">\n<div class=\"css-175oi2r r-1pi2tsx\" data-testid=\"tweetPhoto\">\n<div class=\"css-175oi2r\">\n<div class=\"css-175oi2r r-1adg3ll r-1udh08x\">\n<div id=\"id__q9yikh0416f\" class=\"css-175oi2r r-9aw3ui r-1s2bzr4\" aria-labelledby=\"id__kv6a28yngb8 id__nrx2zdrmevq\">\n<div class=\"css-175oi2r r-9aw3ui\">\n<div class=\"css-175oi2r\">\n<div class=\"css-175oi2r\">\n<div class=\"css-175oi2r r-1kqtdi0 r-1phboty r-rs99b7 r-1867qdf r-1udh08x r-o7ynqc r-6416eg r-1ny4l3l\">\n<div class=\"css-175oi2r\">\n<div class=\"css-175oi2r r-16y2uox r-1pi2tsx r-13qz1uu\">\n<div class=\"css-175oi2r r-1adg3ll r-1udh08x\"><\/div>\n<\/div>\n<\/div>\n<\/div>\n<\/div>\n<\/div>\n<\/div>\n<\/div>\n<\/div>\n<\/div>\n<\/div>\n<\/div>\n<\/div>\n<\/div>\n<\/div>\n<\/div>\n<\/div>\n","protected":false},"excerpt":{"rendered":"<p>Pilot baban\u0131n gurur dolu anlar\u0131 42 y\u0131ll\u0131k pilot Ali Akman Sar\u0131han, son u\u00e7u\u015funu ilk seferine \u00e7\u0131kan k\u0131z\u0131 Cemresu Sar\u0131han ile yapt\u0131. K\u0131z\u0131 ile u\u00e7u\u015f yapan baban\u0131n gururlu anlar\u0131 g\u00f6renleri duyguland\u0131rd\u0131. U\u00e7u\u015f \u00f6ncesi yolculara anons yapan Cemresu Sar\u0131han \u015funlar\u0131 s\u00f6yledi: &#8220;Bug\u00fcnk\u00fc u\u00e7u\u015fumuz benim ve ailem ad\u0131na \u00e7ok anlaml\u0131. Kokpitte birlikte g\u00f6rev yapt\u0131\u011f\u0131m kaptan pilotumuz Ali Akman &hellip;<\/p>\n","protected":false},"author":9192229,"featured_media":307738,"comment_status":"closed","ping_status":"closed","sticky":false,"template":"","format":"standard","meta":{"_acf_changed":false,"footnotes":""},"categories":[6805,220549,1,342],"tags":[222784,222783,89063],"class_list":["post-307736","post","type-post","status-publish","format-standard","has-post-thumbnail","hentry","category-turkiye","category-haber","category-nationalturk","category-video","tag-ali-akman-sarihan","tag-cemresu-sarihan","tag-pilot"],"acf":[],"_links":{"self":[{"href":"https:\/\/www.nationalturk.com\/tr\/wp-json\/wp\/v2\/posts\/307736","targetHints":{"allow":["GET"]}}],"collection":[{"href":"https:\/\/www.nationalturk.com\/tr\/wp-json\/wp\/v2\/posts"}],"about":[{"href":"https:\/\/www.nationalturk.com\/tr\/wp-json\/wp\/v2\/types\/post"}],"author":[{"embeddable":true,"href":"https:\/\/www.nationalturk.com\/tr\/wp-json\/wp\/v2\/users\/9192229"}],"replies":[{"embeddable":true,"href":"https:\/\/www.nationalturk.com\/tr\/wp-json\/wp\/v2\/comments?post=307736"}],"version-history":[{"count":1,"href":"https:\/\/www.nationalturk.com\/tr\/wp-json\/wp\/v2\/posts\/307736\/revisions"}],"predecessor-version":[{"id":307740,"href":"https:\/\/www.nationalturk.com\/tr\/wp-json\/wp\/v2\/posts\/307736\/revisions\/307740"}],"wp:featuredmedia":[{"embeddable":true,"href":"https:\/\/www.nationalturk.com\/tr\/wp-json\/wp\/v2\/media\/307738"}],"wp:attachment":[{"href":"https:\/\/www.nationalturk.com\/tr\/wp-json\/wp\/v2\/media?parent=307736"}],"wp:term":[{"taxonomy":"category","embeddable":true,"href":"https:\/\/www.nationalturk.com\/tr\/wp-json\/wp\/v2\/categories?post=307736"},{"taxonomy":"post_tag","embeddable":true,"href":"https:\/\/www.nationalturk.com\/tr\/wp-json\/wp\/v2\/tags?post=307736"}],"curies":[{"name":"wp","href":"https:\/\/api.w.org\/{rel}","templated":true}]}}