{"id":307746,"date":"2026-03-14T22:16:51","date_gmt":"2026-03-14T19:16:51","guid":{"rendered":"https:\/\/www.nationalturk.com\/tr\/?p=307746"},"modified":"2026-03-14T22:16:51","modified_gmt":"2026-03-14T19:16:51","slug":"hatayda-ameliyat-itfaiye-ile-yapildi","status":"publish","type":"post","link":"https:\/\/www.nationalturk.com\/tr\/hatayda-ameliyat-itfaiye-ile-yapildi\/","title":{"rendered":"Hatay&#8217;da ameliyat itfaiye ekipleri ile yap\u0131ld\u0131"},"content":{"rendered":"<div class=\"css-175oi2r r-1s2bzr4\">\n<h2 id=\"id__ve1y1gztxch\" class=\"css-146c3p1 r-bcqeeo r-1ttztb7 r-qvutc0 r-37j5jr r-1inkyih r-16dba41 r-bnwqim r-135wba7\" dir=\"auto\" lang=\"tr\" data-testid=\"tweetText\"><span class=\"css-1jxf684 r-bcqeeo r-1ttztb7 r-qvutc0 r-poiln3\"><a href=\"https:\/\/www.nationalturk.com\/tr\/hatayda-mahsur-kalan-kopekler-kurtarildi\/\">Hatay<\/a>&#8216;da demir saplanan hastan\u0131n ameliyat\u0131na itfaiye girdi<\/span><\/h2>\n<\/div>\n<div id=\"id__32uzty95nc\" class=\"css-175oi2r r-9aw3ui r-1s2bzr4\" aria-labelledby=\"id__z6kot8oo84 id__ykss0rijkrn\">\n<div class=\"css-175oi2r r-9aw3ui\">\n<div class=\"css-175oi2r\">\n<div class=\"css-175oi2r\">\n<div class=\"css-175oi2r r-1kqtdi0 r-1phboty r-rs99b7 r-1867qdf r-1udh08x r-o7ynqc r-6416eg r-1ny4l3l\">\n<div class=\"css-175oi2r\">\n<div class=\"css-175oi2r r-1pi2tsx\" data-testid=\"tweetPhoto\">\n<div class=\"css-175oi2r\">\n<div class=\"css-175oi2r r-1adg3ll r-1udh08x\">Hatay&#8217;da g\u00f6\u011fs\u00fcne saplan demirle ameliyata giren hastan\u0131n imdad\u0131na <a href=\"http:\/\/itfaiye\">itfaiye<\/a> ekipleri yeti\u015fti. V\u00fccuttaki demir itfaiye ekiplerince kesilerek \u00e7\u0131kar\u0131ld\u0131.<\/div>\n<div><\/div>\n<div><img loading=\"lazy\" decoding=\"async\" class=\"alignnone wp-image-307747 size-medium\" src=\"https:\/\/www.nationalturk.com\/tr\/wp-content\/uploads\/2026\/03\/demir-800x450.png\" alt=\"Hatay&#039;da demir saplanan hastan\u0131n ameliyat\u0131na itfaiye girdi\" width=\"800\" height=\"450\" title=\"\" srcset=\"https:\/\/www.nationalturk.com\/tr\/wp-content\/uploads\/2026\/03\/demir-800x450.png 800w, https:\/\/www.nationalturk.com\/tr\/wp-content\/uploads\/2026\/03\/demir-1024x576.png 1024w, https:\/\/www.nationalturk.com\/tr\/wp-content\/uploads\/2026\/03\/demir-200x113.png 200w, https:\/\/www.nationalturk.com\/tr\/wp-content\/uploads\/2026\/03\/demir-390x220.png 390w, https:\/\/www.nationalturk.com\/tr\/wp-content\/uploads\/2026\/03\/demir.png 1280w\" sizes=\"auto, (max-width: 800px) 100vw, 800px\" \/><\/div>\n<div class=\"css-175oi2r r-1adg3ll r-1udh08x\">\nD\u00f6rtyol il\u00e7esinde g\u00f6\u011f\u00fcs bo\u015flu\u011funa demir saplanan H.A. isimli adam, sa\u011fl\u0131k ekiplerinin olay yerindeki ilk m\u00fcdahalesinin ard\u0131ndan hastanede kald\u0131r\u0131ld\u0131. D\u00f6rtyol Devlet Hastanesi&#8217;nde sa\u011fl\u0131k \u00e7al\u0131\u015fanlar\u0131 demiri \u00e7\u0131karamay\u0131nca ameliyata itfaiye ekipleri m\u00fcdahale etti.<\/div>\n<div><\/div>\n<div class=\"css-175oi2r r-1adg3ll r-1udh08x\">\u015eahs\u0131n v\u00fccudundaki demir, kesilerek yar\u0131m saati bulan \u00e7al\u0131\u015fmayla \u00e7\u0131kar\u0131ld\u0131. Adam\u0131n hastanedeki tedavisi ise hala s\u00fcr\u00fcyor.<\/div>\n<\/div>\n<\/div>\n<\/div>\n<\/div>\n<\/div>\n<\/div>\n<\/div>\n<h2>Demirin \u00e7\u0131kart\u0131lma anlar\u0131 saniye saniye kaydedildi- Video<\/h2>\n<div style=\"width: 540px;\" class=\"wp-video\"><video class=\"wp-video-shortcode\" id=\"video-307746-1\" width=\"540\" height=\"540\" preload=\"metadata\" controls=\"controls\"><source type=\"video\/mp4\" src=\"https:\/\/www.nationalturk.com\/tr\/wp-content\/uploads\/2026\/03\/ssstwitter.com_1773515170062.mp4?_=1\" \/><a href=\"https:\/\/www.nationalturk.com\/tr\/wp-content\/uploads\/2026\/03\/ssstwitter.com_1773515170062.mp4\">https:\/\/www.nationalturk.com\/tr\/wp-content\/uploads\/2026\/03\/ssstwitter.com_1773515170062.mp4<\/a><\/video><\/div>\n<\/div>\n","protected":false},"excerpt":{"rendered":"<p>Hatay&#8216;da demir saplanan hastan\u0131n ameliyat\u0131na itfaiye girdi Hatay&#8217;da g\u00f6\u011fs\u00fcne saplan demirle ameliyata giren hastan\u0131n imdad\u0131na itfaiye ekipleri yeti\u015fti. V\u00fccuttaki demir itfaiye ekiplerince kesilerek \u00e7\u0131kar\u0131ld\u0131. D\u00f6rtyol il\u00e7esinde g\u00f6\u011f\u00fcs bo\u015flu\u011funa demir saplanan H.A. isimli adam, sa\u011fl\u0131k ekiplerinin olay yerindeki ilk m\u00fcdahalesinin ard\u0131ndan hastanede kald\u0131r\u0131ld\u0131. D\u00f6rtyol Devlet Hastanesi&#8217;nde sa\u011fl\u0131k \u00e7al\u0131\u015fanlar\u0131 demiri \u00e7\u0131karamay\u0131nca ameliyata itfaiye ekipleri m\u00fcdahale etti. \u015eahs\u0131n &hellip;<\/p>\n","protected":false},"author":9192229,"featured_media":307749,"comment_status":"closed","ping_status":"closed","sticky":false,"template":"","format":"standard","meta":{"_acf_changed":false,"footnotes":""},"categories":[220549,6805,342],"tags":[1396,11681,59376],"class_list":["post-307746","post","type-post","status-publish","format-standard","has-post-thumbnail","hentry","category-haber","category-turkiye","category-video","tag-hatay","tag-itfaiye","tag-yarali"],"acf":[],"_links":{"self":[{"href":"https:\/\/www.nationalturk.com\/tr\/wp-json\/wp\/v2\/posts\/307746","targetHints":{"allow":["GET"]}}],"collection":[{"href":"https:\/\/www.nationalturk.com\/tr\/wp-json\/wp\/v2\/posts"}],"about":[{"href":"https:\/\/www.nationalturk.com\/tr\/wp-json\/wp\/v2\/types\/post"}],"author":[{"embeddable":true,"href":"https:\/\/www.nationalturk.com\/tr\/wp-json\/wp\/v2\/users\/9192229"}],"replies":[{"embeddable":true,"href":"https:\/\/www.nationalturk.com\/tr\/wp-json\/wp\/v2\/comments?post=307746"}],"version-history":[{"count":1,"href":"https:\/\/www.nationalturk.com\/tr\/wp-json\/wp\/v2\/posts\/307746\/revisions"}],"predecessor-version":[{"id":307750,"href":"https:\/\/www.nationalturk.com\/tr\/wp-json\/wp\/v2\/posts\/307746\/revisions\/307750"}],"wp:featuredmedia":[{"embeddable":true,"href":"https:\/\/www.nationalturk.com\/tr\/wp-json\/wp\/v2\/media\/307749"}],"wp:attachment":[{"href":"https:\/\/www.nationalturk.com\/tr\/wp-json\/wp\/v2\/media?parent=307746"}],"wp:term":[{"taxonomy":"category","embeddable":true,"href":"https:\/\/www.nationalturk.com\/tr\/wp-json\/wp\/v2\/categories?post=307746"},{"taxonomy":"post_tag","embeddable":true,"href":"https:\/\/www.nationalturk.com\/tr\/wp-json\/wp\/v2\/tags?post=307746"}],"curies":[{"name":"wp","href":"https:\/\/api.w.org\/{rel}","templated":true}]}}