{"id":307751,"date":"2026-03-14T22:47:50","date_gmt":"2026-03-14T19:47:50","guid":{"rendered":"https:\/\/www.nationalturk.com\/tr\/?p=307751"},"modified":"2026-03-14T22:47:50","modified_gmt":"2026-03-14T19:47:50","slug":"adanada-trafikte-genclere-ceza","status":"publish","type":"post","link":"https:\/\/www.nationalturk.com\/tr\/adanada-trafikte-genclere-ceza\/","title":{"rendered":"Adana&#8217;da trafikte garip hareketler yapan gen\u00e7lere dev ceza"},"content":{"rendered":"<div class=\"css-175oi2r r-1s2bzr4\">\n<h2 dir=\"auto\" lang=\"tr\" data-testid=\"tweetText\"><a href=\"https:\/\/www.nationalturk.com\/tr\/adanada-duran-adama-otomobil-capti\/\">Adana<\/a>&#8216;da trafikte dev ceza<\/h2>\n<div id=\"id__xi15jxn79ui\" class=\"css-146c3p1 r-bcqeeo r-1ttztb7 r-qvutc0 r-37j5jr r-1inkyih r-16dba41 r-bnwqim r-135wba7\" dir=\"auto\" lang=\"tr\" data-testid=\"tweetText\"><span class=\"css-1jxf684 r-bcqeeo r-1ttztb7 r-qvutc0 r-poiln3\">Adana&#8217;da polisin &#8220;dur&#8221; ihtar\u0131na uymayan, plakas\u0131 kapal\u0131 ve modifiye egzozlu motosiklet s\u00fcr\u00fcc\u00fcs\u00fcne, polis ekiplerinden y\u00fcksek h\u0131zda ka\u00e7\u0131\u015f ve \u00e7ok say\u0131da trafik ihlali nedeniyle toplam 497 bin 465 TL <a href=\"http:\/\/ceza\">ceza<\/a> kesildi.<\/span><\/div>\n<\/div>\n<div dir=\"auto\" lang=\"tr\" data-testid=\"tweetText\"><\/div>\n<div dir=\"auto\" lang=\"tr\" data-testid=\"tweetText\"><img loading=\"lazy\" decoding=\"async\" class=\"alignnone wp-image-307752 size-medium\" src=\"https:\/\/www.nationalturk.com\/tr\/wp-content\/uploads\/2026\/03\/motor-800x450.png\" alt=\"Adana&#039;da trafikte dev ceza\" width=\"800\" height=\"450\" title=\"\" srcset=\"https:\/\/www.nationalturk.com\/tr\/wp-content\/uploads\/2026\/03\/motor-800x450.png 800w, https:\/\/www.nationalturk.com\/tr\/wp-content\/uploads\/2026\/03\/motor-1024x576.png 1024w, https:\/\/www.nationalturk.com\/tr\/wp-content\/uploads\/2026\/03\/motor-200x113.png 200w, https:\/\/www.nationalturk.com\/tr\/wp-content\/uploads\/2026\/03\/motor-390x220.png 390w, https:\/\/www.nationalturk.com\/tr\/wp-content\/uploads\/2026\/03\/motor.png 1280w\" sizes=\"auto, (max-width: 800px) 100vw, 800px\" \/><\/div>\n<div dir=\"auto\" lang=\"tr\" data-testid=\"tweetText\"><\/div>\n<div dir=\"auto\" lang=\"tr\" data-testid=\"tweetText\">Trafikte motorun \u00fcst\u00fcne yatan, polisin ihtar\u0131na uymayan, plakas\u0131 kapal\u0131 ve <span class=\"css-1jxf684 r-bcqeeo r-1ttztb7 r-qvutc0 r-poiln3\">modifiye egzozlu motosiklet s\u00fcr\u00fcc\u00fcs\u00fc gencin garip s\u00fcr\u00fc\u015f\u00fc sosyal medyada g\u00fcndem oldu. <\/span><\/div>\n<div dir=\"auto\" lang=\"tr\" data-testid=\"tweetText\"><\/div>\n<div dir=\"auto\" lang=\"tr\" data-testid=\"tweetText\"><span class=\"css-1jxf684 r-bcqeeo r-1ttztb7 r-qvutc0 r-poiln3\">Polislerden ka\u00e7amayan gencin ihlallerinin cezas\u0131 ise a\u011f\u0131r oldu. <\/span><span class=\"css-1jxf684 r-bcqeeo r-1ttztb7 r-qvutc0 r-poiln3\">Toplam 497 bin 465 TL ceza yiyen gencin motosikleti ise \u00e7ekildi.<\/span><\/div>\n<h2 dir=\"auto\" lang=\"tr\" data-testid=\"tweetText\">Dev ceza yedi- Video<\/h2>\n<div style=\"width: 480px;\" class=\"wp-video\"><video class=\"wp-video-shortcode\" id=\"video-307751-1\" width=\"480\" height=\"548\" preload=\"metadata\" controls=\"controls\"><source type=\"video\/mp4\" src=\"https:\/\/www.nationalturk.com\/tr\/wp-content\/uploads\/2026\/03\/ssstwitter.com_1773516819092.mp4?_=1\" \/><a href=\"https:\/\/www.nationalturk.com\/tr\/wp-content\/uploads\/2026\/03\/ssstwitter.com_1773516819092.mp4\">https:\/\/www.nationalturk.com\/tr\/wp-content\/uploads\/2026\/03\/ssstwitter.com_1773516819092.mp4<\/a><\/video><\/div>\n<div id=\"id__rnvakgdo5q\" class=\"css-175oi2r r-9aw3ui r-1s2bzr4\" aria-labelledby=\"id__9cw24pai76d id__2m0tenvh88o\">\n<div class=\"css-175oi2r r-9aw3ui\">\n<div class=\"css-175oi2r\">\n<div class=\"css-175oi2r\">\n<div class=\"css-175oi2r r-1kqtdi0 r-1phboty r-rs99b7 r-1867qdf r-1udh08x r-o7ynqc r-6416eg r-1ny4l3l\">\n<div class=\"css-175oi2r\">\n<div class=\"css-175oi2r r-1pi2tsx\" data-testid=\"tweetPhoto\">\n<div class=\"css-175oi2r\">\n<div class=\"css-175oi2r r-1adg3ll r-1udh08x\"><\/div>\n<\/div>\n<\/div>\n<\/div>\n<\/div>\n<\/div>\n<\/div>\n<\/div>\n<\/div>\n","protected":false},"excerpt":{"rendered":"<p>Adana&#8216;da trafikte dev ceza Adana&#8217;da polisin &#8220;dur&#8221; ihtar\u0131na uymayan, plakas\u0131 kapal\u0131 ve modifiye egzozlu motosiklet s\u00fcr\u00fcc\u00fcs\u00fcne, polis ekiplerinden y\u00fcksek h\u0131zda ka\u00e7\u0131\u015f ve \u00e7ok say\u0131da trafik ihlali nedeniyle toplam 497 bin 465 TL ceza kesildi. Trafikte motorun \u00fcst\u00fcne yatan, polisin ihtar\u0131na uymayan, plakas\u0131 kapal\u0131 ve modifiye egzozlu motosiklet s\u00fcr\u00fcc\u00fcs\u00fc gencin garip s\u00fcr\u00fc\u015f\u00fc sosyal medyada g\u00fcndem oldu. &hellip;<\/p>\n","protected":false},"author":9192229,"featured_media":307753,"comment_status":"closed","ping_status":"closed","sticky":false,"template":"","format":"standard","meta":{"_acf_changed":false,"footnotes":""},"categories":[6805,220549,342],"tags":[2933,29775,50767],"class_list":["post-307751","post","type-post","status-publish","format-standard","has-post-thumbnail","hentry","category-turkiye","category-haber","category-video","tag-adana","tag-ceza","tag-trafik"],"acf":[],"_links":{"self":[{"href":"https:\/\/www.nationalturk.com\/tr\/wp-json\/wp\/v2\/posts\/307751","targetHints":{"allow":["GET"]}}],"collection":[{"href":"https:\/\/www.nationalturk.com\/tr\/wp-json\/wp\/v2\/posts"}],"about":[{"href":"https:\/\/www.nationalturk.com\/tr\/wp-json\/wp\/v2\/types\/post"}],"author":[{"embeddable":true,"href":"https:\/\/www.nationalturk.com\/tr\/wp-json\/wp\/v2\/users\/9192229"}],"replies":[{"embeddable":true,"href":"https:\/\/www.nationalturk.com\/tr\/wp-json\/wp\/v2\/comments?post=307751"}],"version-history":[{"count":1,"href":"https:\/\/www.nationalturk.com\/tr\/wp-json\/wp\/v2\/posts\/307751\/revisions"}],"predecessor-version":[{"id":307755,"href":"https:\/\/www.nationalturk.com\/tr\/wp-json\/wp\/v2\/posts\/307751\/revisions\/307755"}],"wp:featuredmedia":[{"embeddable":true,"href":"https:\/\/www.nationalturk.com\/tr\/wp-json\/wp\/v2\/media\/307753"}],"wp:attachment":[{"href":"https:\/\/www.nationalturk.com\/tr\/wp-json\/wp\/v2\/media?parent=307751"}],"wp:term":[{"taxonomy":"category","embeddable":true,"href":"https:\/\/www.nationalturk.com\/tr\/wp-json\/wp\/v2\/categories?post=307751"},{"taxonomy":"post_tag","embeddable":true,"href":"https:\/\/www.nationalturk.com\/tr\/wp-json\/wp\/v2\/tags?post=307751"}],"curies":[{"name":"wp","href":"https:\/\/api.w.org\/{rel}","templated":true}]}}