{"id":307756,"date":"2026-03-14T23:28:58","date_gmt":"2026-03-14T20:28:58","guid":{"rendered":"https:\/\/www.nationalturk.com\/tr\/?p=307756"},"modified":"2026-03-14T23:28:58","modified_gmt":"2026-03-14T20:28:58","slug":"hatayda-zeynep-protez-bacagina-kavustu","status":"publish","type":"post","link":"https:\/\/www.nationalturk.com\/tr\/hatayda-zeynep-protez-bacagina-kavustu\/","title":{"rendered":"Hatay\u2019da 7 ya\u015f\u0131ndaki Zeynep protez baca\u011f\u0131na kavu\u015ftu"},"content":{"rendered":"<div class=\"css-175oi2r r-1s2bzr4\">\n<h2 id=\"id__w70l8aiory\" class=\"css-146c3p1 r-bcqeeo r-1ttztb7 r-qvutc0 r-37j5jr r-1inkyih r-16dba41 r-bnwqim r-135wba7\" dir=\"auto\" lang=\"tr\" data-testid=\"tweetText\"><span class=\"css-1jxf684 r-bcqeeo r-1ttztb7 r-qvutc0 r-poiln3\"><a href=\"https:\/\/www.nationalturk.com\/tr\/hatayda-ameliyat-itfaiye-ile-yapildi\/\">Hatay<\/a>\u2019da umudun ad\u0131 Zeynep oldu<\/span><\/h2>\n<div class=\"css-146c3p1 r-bcqeeo r-1ttztb7 r-qvutc0 r-37j5jr r-1inkyih r-16dba41 r-bnwqim r-135wba7\" dir=\"auto\" lang=\"tr\" data-testid=\"tweetText\"><span class=\"css-1jxf684 r-bcqeeo r-1ttztb7 r-qvutc0 r-poiln3\">Hatay&#8217;da <a href=\"http:\/\/deprem\">depremde<\/a> annesini, babas\u0131n\u0131 ve 4 karde\u015fini ve sa\u011f baca\u011f\u0131n\u0131 kaybeden 7 ya\u015f\u0131ndaki Zeynep, kendisi i\u00e7in yap\u0131lan Barbie \u00e7\u0131karmal\u0131 protez baca\u011f\u0131yla yeni hayat\u0131na ba\u015flad\u0131.<\/span><\/div>\n<\/div>\n<div dir=\"auto\" lang=\"tr\" data-testid=\"tweetText\"><\/div>\n<div id=\"id__20zy4x39fgb\" class=\"css-175oi2r r-9aw3ui r-1s2bzr4\" aria-labelledby=\"id__9s37tkwna4 id__ai9lwgo2y1u\">\n<div class=\"css-175oi2r r-9aw3ui\">\n<div class=\"css-175oi2r\">\n<div class=\"css-175oi2r\">\n<div class=\"css-175oi2r r-1kqtdi0 r-1phboty r-rs99b7 r-1867qdf r-1udh08x r-o7ynqc r-6416eg r-1ny4l3l\">\n<div class=\"css-175oi2r\">\n<div class=\"css-175oi2r r-1pi2tsx\" data-testid=\"tweetPhoto\">\n<div class=\"css-175oi2r\">\n<div class=\"css-175oi2r r-1adg3ll r-1udh08x\"><img loading=\"lazy\" decoding=\"async\" class=\"alignnone wp-image-307757 size-medium\" src=\"https:\/\/www.nationalturk.com\/tr\/wp-content\/uploads\/2026\/03\/zeynep2-800x450.png\" alt=\"Hatay\u2019da umudun ad\u0131 Zeynep oldu\" width=\"800\" height=\"450\" title=\"\" srcset=\"https:\/\/www.nationalturk.com\/tr\/wp-content\/uploads\/2026\/03\/zeynep2-800x450.png 800w, https:\/\/www.nationalturk.com\/tr\/wp-content\/uploads\/2026\/03\/zeynep2-1024x576.png 1024w, https:\/\/www.nationalturk.com\/tr\/wp-content\/uploads\/2026\/03\/zeynep2-200x113.png 200w, https:\/\/www.nationalturk.com\/tr\/wp-content\/uploads\/2026\/03\/zeynep2-390x220.png 390w, https:\/\/www.nationalturk.com\/tr\/wp-content\/uploads\/2026\/03\/zeynep2.png 1280w\" sizes=\"auto, (max-width: 800px) 100vw, 800px\" \/><\/div>\n<\/div>\n<div><\/div>\n<div>Kahramanmara\u015f merkezli depremlerin b\u00fcy\u00fck y\u0131k\u0131ma u\u011fratt\u0131\u011f\u0131 Antakya il\u00e7esi Saraykent Mahallesi&#8217;nde Zeynep Koyun; annesini, babas\u0131n\u0131 ve 4 karde\u015fini kaybetti.<\/div>\n<div><\/div>\n<div>Depremin kurtulurken sa\u011f baca\u011f\u0131n\u0131 kaybeden 7 ya\u015f\u0131ndaki Zeynep, ailesini kaybettikten sonra amcas\u0131n\u0131n ailesiyle ya\u015f\u0131yor. \u00a0Zeynep Y\u00fcksek Teknolojili Protez Ortez \u00dcretim ve Rehabilitasyon \u00dcnitesi&#8217;nde \u00f6zel olarak yap\u0131lan Barbie \u00e7\u0131karmal\u0131 protezi ile umuda ad\u0131m att\u0131. O anlar binlerce vatanda\u015fa duygusal anlar ya\u015fatt\u0131.<\/div>\n<div><\/div>\n<\/div>\n<\/div>\n<\/div>\n<\/div>\n<\/div>\n<div>\n<div style=\"width: 540px;\" class=\"wp-video\"><video class=\"wp-video-shortcode\" id=\"video-307756-1\" width=\"540\" height=\"540\" preload=\"metadata\" controls=\"controls\"><source type=\"video\/mp4\" src=\"https:\/\/www.nationalturk.com\/tr\/wp-content\/uploads\/2026\/03\/ssstwitter.com_1773519506431.mp4?_=1\" \/><a href=\"https:\/\/www.nationalturk.com\/tr\/wp-content\/uploads\/2026\/03\/ssstwitter.com_1773519506431.mp4\">https:\/\/www.nationalturk.com\/tr\/wp-content\/uploads\/2026\/03\/ssstwitter.com_1773519506431.mp4<\/a><\/video><\/div>\n<\/div>\n<\/div>\n<\/div>\n","protected":false},"excerpt":{"rendered":"<p>Hatay\u2019da umudun ad\u0131 Zeynep oldu Hatay&#8217;da depremde annesini, babas\u0131n\u0131 ve 4 karde\u015fini ve sa\u011f baca\u011f\u0131n\u0131 kaybeden 7 ya\u015f\u0131ndaki Zeynep, kendisi i\u00e7in yap\u0131lan Barbie \u00e7\u0131karmal\u0131 protez baca\u011f\u0131yla yeni hayat\u0131na ba\u015flad\u0131. Kahramanmara\u015f merkezli depremlerin b\u00fcy\u00fck y\u0131k\u0131ma u\u011fratt\u0131\u011f\u0131 Antakya il\u00e7esi Saraykent Mahallesi&#8217;nde Zeynep Koyun; annesini, babas\u0131n\u0131 ve 4 karde\u015fini kaybetti. Depremin kurtulurken sa\u011f baca\u011f\u0131n\u0131 kaybeden 7 ya\u015f\u0131ndaki Zeynep, &hellip;<\/p>\n","protected":false},"author":9192229,"featured_media":307758,"comment_status":"closed","ping_status":"closed","sticky":false,"template":"","format":"standard","meta":{"_acf_changed":false,"footnotes":""},"categories":[220549,6805,342],"tags":[222785,14320,1396],"class_list":["post-307756","post","type-post","status-publish","format-standard","has-post-thumbnail","hentry","category-haber","category-turkiye","category-video","tag-asrin-felaketi","tag-deprem","tag-hatay"],"acf":[],"_links":{"self":[{"href":"https:\/\/www.nationalturk.com\/tr\/wp-json\/wp\/v2\/posts\/307756","targetHints":{"allow":["GET"]}}],"collection":[{"href":"https:\/\/www.nationalturk.com\/tr\/wp-json\/wp\/v2\/posts"}],"about":[{"href":"https:\/\/www.nationalturk.com\/tr\/wp-json\/wp\/v2\/types\/post"}],"author":[{"embeddable":true,"href":"https:\/\/www.nationalturk.com\/tr\/wp-json\/wp\/v2\/users\/9192229"}],"replies":[{"embeddable":true,"href":"https:\/\/www.nationalturk.com\/tr\/wp-json\/wp\/v2\/comments?post=307756"}],"version-history":[{"count":1,"href":"https:\/\/www.nationalturk.com\/tr\/wp-json\/wp\/v2\/posts\/307756\/revisions"}],"predecessor-version":[{"id":307760,"href":"https:\/\/www.nationalturk.com\/tr\/wp-json\/wp\/v2\/posts\/307756\/revisions\/307760"}],"wp:featuredmedia":[{"embeddable":true,"href":"https:\/\/www.nationalturk.com\/tr\/wp-json\/wp\/v2\/media\/307758"}],"wp:attachment":[{"href":"https:\/\/www.nationalturk.com\/tr\/wp-json\/wp\/v2\/media?parent=307756"}],"wp:term":[{"taxonomy":"category","embeddable":true,"href":"https:\/\/www.nationalturk.com\/tr\/wp-json\/wp\/v2\/categories?post=307756"},{"taxonomy":"post_tag","embeddable":true,"href":"https:\/\/www.nationalturk.com\/tr\/wp-json\/wp\/v2\/tags?post=307756"}],"curies":[{"name":"wp","href":"https:\/\/api.w.org\/{rel}","templated":true}]}}