{"id":308776,"date":"2026-04-26T14:13:21","date_gmt":"2026-04-26T11:13:21","guid":{"rendered":"https:\/\/www.nationalturk.com\/tr\/?p=308776"},"modified":"2026-04-26T14:21:59","modified_gmt":"2026-04-26T11:21:59","slug":"gulistan-doku-olayi-ve-son-durum","status":"publish","type":"post","link":"https:\/\/www.nationalturk.com\/tr\/gulistan-doku-olayi-ve-son-durum\/","title":{"rendered":"G\u00fclistan Doku olay\u0131 ve son durum"},"content":{"rendered":"<h2>G\u00fclistan Doku olay\u0131nda ya\u015fananlar ve son durum<\/h2>\n<p>Tunceli&#8217;de bulunan Munzur \u00dcniversitesi \u00c7ocuk Geli\u015fimi B\u00f6l\u00fcm\u00fc 2. s\u0131n\u0131f \u00f6\u011frencisi G\u00fclistan Doku, 5 Ocak 2020 tarihinde kaybolmu\u015ftu.<\/p>\n<p>Diyarbak\u0131r&#8217;da ya\u015fayan ailesi, G\u00fclistan&#8217;\u0131n kayboldu\u011fu g\u00fcn Tunceli&#8217;ye gelip g\u00fcvenlik g\u00fc\u00e7lerine ihbarda bulundu.<\/p>\n<p>Ailenin ihbar\u0131yla arama \u00e7al\u0131\u015fmas\u0131 ba\u015flat\u0131ld\u0131.<\/p>\n<p>Ara\u015ft\u0131rmalar sonunda G\u00fclistan Doku&#8217;nun cep telefonunun, en son Uzun\u00e7ay\u0131r Baraj G\u00f6l\u00fc \u00fczerindeki Sar\u0131 Saltuk Viyad\u00fc\u011f\u00fc&#8217;nde sinyal verdi\u011fi belirlendi.<\/p>\n<p>Baraj g\u00f6l\u00fcnde yap\u0131lan aramalarda Doku&#8217;ya ait iz bulunamay\u0131nca, Ekim 2022&#8217;de arama \u00e7al\u0131\u015fmalar\u0131 sonland\u0131r\u0131lm\u0131\u015ft\u0131.<\/p>\n<p><strong>Ancak aile k\u0131zlar\u0131n\u0131 aramaktan vazge\u00e7medi.<\/strong><\/p>\n<p>Doku&#8217;nun ailesi de Ocak 2024&#8217;te avukatlar\u0131 arac\u0131l\u0131\u011f\u0131yla, dosyan\u0131n ba\u015f \u015f\u00fcphelisi ve adli kontrolle serbest b\u0131rak\u0131lan Z.A.&#8217;un tutuklanmas\u0131 ve o d\u00f6nem dosyay\u0131 y\u00fcr\u00fcten asayi\u015f biriminde g\u00f6revli olan, ard\u0131ndan g\u00f6revden ihra\u00e7 edilen polis memuru babas\u0131 E.Y.&#8217;nin \u015f\u00fcpheli s\u0131fat\u0131yla dosyaya girmesi i\u00e7in Cumhuriyet Ba\u015fsavc\u0131l\u0131\u011f\u0131&#8217;na dilek\u00e7e vermi\u015fti.<\/p>\n<p>Aile ayr\u0131ca d\u00f6nemin valisi Sonel hakk\u0131nda ba\u015f \u015f\u00fcphelinin yurt d\u0131\u015f\u0131na ka\u00e7\u0131r\u0131lmas\u0131n\u0131n bilgisi dahilinde oldu\u011fu iddias\u0131yla g\u00f6revi k\u00f6t\u00fcye kullanmaktan su\u00e7 duyurusunda bulunulmu\u015ftu.<\/p>\n<p>Munzur \u00dcniversitesi \u00c7ocuk Geli\u015fimi B\u00f6l\u00fcm\u00fc&#8217;nde e\u011fitim g\u00f6ren G\u00fclistan Doku intihar etti\u011fi \u015f\u00fcphesiyle bir baraj g\u00f6l\u00fcnde aylarca yap\u0131lan aramalardan sonu\u00e7 al\u0131namad\u0131.<\/p>\n<p>G\u00fclistan Doku&#8217;nun aile \u00fcyeleri, arkada\u015flar\u0131, Doku ailesinin avukat\u0131 Ali \u00c7imen, g\u00f6rg\u00fc tan\u0131\u011f\u0131 Hasan Mor, Munzur Arama Kurtarma Derne\u011fi&#8217;nden Hasan Mor, \u00e7al\u0131\u015fma kapsam\u0131nda g\u00f6r\u00fc\u015fme yap\u0131lan ki\u015filer aras\u0131nda bulundu.<\/p>\n<p>Dosyada \u015f\u00fcpheli olarak yer alan Zeynal Abakarov, ailesi ve avukat\u0131 ise, hukuki s\u00fcrecin devam etti\u011fi gerek\u00e7esiyle hi\u00e7 bir a\u00e7\u0131klama yapmay\u0131 kabul etmedi.<\/p>\n<p>Adalet Bakanl\u0131\u011f\u0131 yetkilileri uzun y\u0131llar soru\u015fturmay\u0131 s\u00fcrd\u00fcrd\u00fc.<\/p>\n<h3>G\u00fclistan Doku&#8217;nun Tunceli&#8217;de kaybolmas\u0131 sonras\u0131 neler ya\u015fand\u0131?<\/h3>\n<p>Munzur \u00dcniversitesi \u00c7ocuk Geli\u015fimi B\u00f6l\u00fcm\u00fc \u00f6\u011frencisi G\u00fclistan Doku&#8217;nun Tunceli&#8217;de kaybolmas\u0131n\u0131n \u00fczerinden y\u0131llar ge\u00e7tikten sonra devam eden soru\u015fturmada herhangi bir ilerleme sa\u011flanamam\u0131\u015ft\u0131.<\/p>\n<p>Sosyal medya \u00fczerinden bir\u00e7ok yazar, sanat\u00e7\u0131 ve siyaset\u00e7i G\u00fclistan&#8217;\u0131n ak\u0131betinin sorulmas\u0131 i\u00e7in bug\u00fcn bir\u00e7ok kentte yap\u0131lacak bas\u0131n a\u00e7\u0131klamalar\u0131na kat\u0131l\u0131m \u00e7a\u011fr\u0131s\u0131 yapt\u0131lar.<\/p>\n<p>G\u00fclistan Doku&#8217;\u0131n kayboldu\u011fu Tunceli ve Diyarbak\u0131r ba\u015fta olmak \u00fczere bir\u00e7ok ilde kad\u0131nlar e\u015f zamanl\u0131 olarak bir araya gelip bas\u0131n a\u00e7\u0131klamas\u0131 yapt\u0131lar.<\/p>\n<h3>Kad\u0131nlar, &#8220;G\u00fclistan Nerede?&#8221; diye sordu.<\/h3>\n<p>5 Ocak Pazar g\u00fcn\u00fc, eski erkek arkada\u015f\u0131 Zaynal Abarakov ile bir pastanenin \u00f6n\u00fcnde tart\u0131\u015ft\u0131ktan sonra \u00fcniversiteye giden bir minib\u00fcs\u00fcne bindi\u011fi anlar mobese kameralar\u0131na tak\u0131lan G\u00fclistan&#8217;dan bir daha haber al\u0131namad\u0131.<\/p>\n<figure id=\"attachment_308778\" aria-describedby=\"caption-attachment-308778\" style=\"width: 1024px\" class=\"wp-caption alignnone\"><img loading=\"lazy\" decoding=\"async\" class=\"size-large wp-image-308778\" src=\"https:\/\/www.nationalturk.com\/tr\/wp-content\/uploads\/2026\/04\/Gulistan-Doku-Son-Goruntuler-1024x576.webp\" alt=\"5 Ocak Pazar g\u00fcn\u00fc, eski erkek arkada\u015f\u0131 Zaynal Abarakov ile bir pastanenin \u00f6n\u00fcnde tart\u0131\u015ft\u0131ktan sonra \u00fcniversiteye giden bir minib\u00fcs\u00fcne bindi\u011fi anlar mobese kameralar\u0131na tak\u0131lan G\u00fclistan&#039;dan bir daha haber al\u0131namad\u0131.\" width=\"1024\" height=\"576\" title=\"\" srcset=\"https:\/\/www.nationalturk.com\/tr\/wp-content\/uploads\/2026\/04\/Gulistan-Doku-Son-Goruntuler-1024x576.webp 1024w, https:\/\/www.nationalturk.com\/tr\/wp-content\/uploads\/2026\/04\/Gulistan-Doku-Son-Goruntuler-800x450.webp 800w, https:\/\/www.nationalturk.com\/tr\/wp-content\/uploads\/2026\/04\/Gulistan-Doku-Son-Goruntuler-200x113.webp 200w, https:\/\/www.nationalturk.com\/tr\/wp-content\/uploads\/2026\/04\/Gulistan-Doku-Son-Goruntuler-390x220.webp 390w, https:\/\/www.nationalturk.com\/tr\/wp-content\/uploads\/2026\/04\/Gulistan-Doku-Son-Goruntuler.webp 1536w\" sizes=\"auto, (max-width: 1024px) 100vw, 1024px\" \/><figcaption id=\"caption-attachment-308778\" class=\"wp-caption-text\">5 Ocak Pazar g\u00fcn\u00fc, eski erkek arkada\u015f\u0131 Zaynal Abarakov ile bir pastanenin \u00f6n\u00fcnde tart\u0131\u015ft\u0131ktan sonra \u00fcniversiteye giden bir minib\u00fcs\u00fcne bindi\u011fi anlar mobese kameralar\u0131na tak\u0131lan G\u00fclistan&#8217;dan bir daha haber al\u0131namad\u0131.<\/figcaption><\/figure>\n<p>Uzun\u00e7ay\u0131r Baraj G\u00f6l\u00fc \u00fczerindeki Dinar K\u00f6pr\u00fcs\u00fc&#8217;nden ge\u00e7en bir ba\u015fka arac\u0131n kamera g\u00f6r\u00fcnt\u00fcs\u00fcnde, G\u00fclistan&#8217;\u0131n k\u00f6pr\u00fc korkuluklar\u0131 ve bariyerler aras\u0131nda otururken tespit edildi\u011fi g\u00f6r\u00fcnt\u00fcler de bas\u0131na yans\u0131d\u0131 ve G\u00fclistan&#8217;\u0131n intihar etmi\u015f olabilece\u011fi \u015f\u00fcpheleri \u00fczerine AFAD ve Jandarma ekipleri taraf\u0131ndan arama \u00e7al\u0131\u015fmalar\u0131 ba\u015flat\u0131ld\u0131.<\/p>\n<p>21 ya\u015f\u0131ndaki G\u00fclistan i\u00e7in ailesi, 6 Ocak&#8217;ta kay\u0131p ba\u015fvurusunda bulundu ve en son birlikte g\u00f6r\u00fcld\u00fc\u011f\u00fc eski erkek arkada\u015f\u0131 Rus as\u0131ll\u0131 Zainal Abarakov&#8217;un bu olayda ba\u015f \u015f\u00fcpheli oldu\u011funu iddia ederek hakk\u0131nda su\u00e7 duyurusunda bulundu.<\/p>\n<h3>G\u00fclistan Doku 17 km&#8217;lik baraj g\u00f6l\u00fcnde g\u00fcnlerce arand\u0131<\/h3>\n<p>17 kilometre uzunlu\u011funda ve yakla\u015f\u0131k 30 metre derinli\u011fe sahip baraj g\u00f6l\u00fcnde farkl\u0131 tarihlerde bir\u00e7ok arama yap\u0131ld\u0131.<\/p>\n<p>Baraj g\u00f6l\u00fcnde, 187 g\u00fcn boyunca k\u0131y\u0131ya yak\u0131n alanlarda, baraj kapaklar\u0131n\u0131n bulundu\u011fu b\u00f6l\u00fcmlerde yap\u0131lan arama \u00e7al\u0131\u015fmalar\u0131nda, farkl\u0131 tarihlerde kaybolan iki ki\u015finin cesedine ula\u015f\u0131lmas\u0131na ra\u011fmen, A\u011fustos ortalar\u0131na kadar devam eden arama \u00e7al\u0131\u015fmalar\u0131nda G\u00fclistan&#8217;a dair herhangi bir iz bulunamad\u0131.<\/p>\n<p>23 Eyl\u00fcl&#8217;de G\u00fclistan&#8217;\u0131n annesi, day\u0131s\u0131 ve ablas\u0131 \u0130\u00e7i\u015fleri Bakan\u0131 S\u00fcleyman Soylu ile y\u00fcz y\u00fcze bir g\u00f6r\u00fc\u015fme ger\u00e7ekle\u015ftirdi ve g\u00f6r\u00fc\u015fmenin ard\u0131ndan baraj\u0131n suyu azalt\u0131larak 15 Ekim&#8217;de yeni bir arama \u00e7al\u0131\u015fmas\u0131 ba\u015flat\u0131ld\u0131 ama 38 g\u00fcnl\u00fck son arama da sonu\u00e7suz kald\u0131.<\/p>\n<p>Tunceli Cumhuriyet Ba\u015fsavc\u0131l\u0131\u011f\u0131&#8217;n\u0131n ba\u015flatt\u0131\u011f\u0131 soru\u015fturma ise halen devam ediyor. \u0130stanbul Adalet Komisyonu&#8217;na kay\u0131tl\u0131 Ulusal Kriminal&#8217;in Temmuz ay\u0131nda tamamlad\u0131\u011f\u0131 bilirki\u015fi raporuna g\u00f6re G\u00fclistan&#8217;\u0131n atlad\u0131\u011f\u0131 iddia edilen Dinar K\u00f6pr\u00fcs\u00fc alt\u0131ndaki suda s\u00f6z konusu g\u00fcn ve saatte &#8220;y\u00fcksekten d\u00fc\u015fmeye ba\u011fl\u0131 bir hareketlilik olmad\u0131\u011f\u0131&#8221; tespit edildi.<\/p>\n<p>Ailenin avukat\u0131 Ali \u00c7imen da yapt\u0131\u011f\u0131 bir a\u00e7\u0131klamada, bu raporla G\u00fclistan&#8217;\u0131n intihar etti\u011fi tezinin \u00e7\u00f6kt\u00fc\u011f\u00fc; \u015f\u00fcpheli Zaynal Abarakov&#8217;un eylemini kararl\u0131 bir \u015fekilde tekrarlad\u0131\u011f\u0131; G\u00fclistan&#8217;\u0131 al\u0131koyup tehdit etti\u011fi; ona fiziksel bask\u0131da bulundu\u011funun ortaya \u00e7\u0131kt\u0131\u011f\u0131n\u0131 s\u00f6yleyerek \u015f\u00fcphelinin tutuklanmas\u0131 gerekti\u011fini savundu.<\/p>\n<p>Bu a\u00e7\u0131klamadan sonra, devam eden soru\u015fturman\u0131n belgelerini bas\u0131nla payla\u015ft\u0131\u011f\u0131 i\u00e7in Doku ailesinin avukat\u0131 Ali \u00c7imen hakk\u0131nda da soru\u015fturma a\u00e7\u0131ld\u0131.<\/p>\n<p>Hakk\u0131nda soru\u015fturma a\u00e7\u0131lan bir di\u011fer isim, ba\u015f \u015f\u00fcpheli Zainal Abarakov&#8217;un \u00fcvey babas\u0131.<\/p>\n<p>G\u00fclistan&#8217;\u0131n kayboldu\u011fu tarihte Tunceli Emniyet M\u00fcd\u00fcrl\u00fc\u011f\u00fc Asayi\u015f \u015eube Birimi polislerinden biri olan \u00fcvey baba Engin Y. dosyada yer alan baz\u0131 belgeleri bas\u0131nla payla\u015ft\u0131\u011f\u0131 i\u00e7in &#8220;ki\u015fisel verileri hukuka ayk\u0131r\u0131 olarak ele ge\u00e7irmek veya yaymak, hukuka ayk\u0131r\u0131 olarak ki\u015fisel verileri kaydetmek ve bu su\u00e7u kamu g\u00f6revlisi s\u0131fat\u0131yla yapmak gerek\u00e7esiyle&#8221; a\u00e7\u0131\u011fa al\u0131nd\u0131 ve Tunceli Cumhuriyet Ba\u015fsavc\u0131l\u0131\u011f\u0131 taraf\u0131ndan hakk\u0131nda kamu davas\u0131 a\u00e7\u0131ld\u0131.<\/p>\n<p>G\u00fclistan Doku&#8217;nun ailesi, suda bulunamayan k\u0131zlar\u0131n\u0131n Zaynal Abarakov taraf\u0131ndan \u00f6ld\u00fcr\u00fclm\u00fc\u015f olabilece\u011fini s\u00f6yleyerek Abarakov&#8217;un tutuklanmas\u0131n\u0131 istiyor.<\/p>\n<h4>G\u00fclistan Doku&#8217;nun 1 y\u0131ll\u0131k kronoloji raporu a\u00e7\u0131kland\u0131<\/h4>\n<p>&#8220;G\u00fclistan \u0130\u00e7in Adalet Komisyonlar\u0131&#8221; adl\u0131 sosyal hesapta G\u00fclistan&#8217;\u0131n kaybolmas\u0131n\u0131n birinci y\u0131ld\u00f6n\u00fcm\u00fcyle ilgili kronolojik bir rapor yay\u0131mlad\u0131.<\/p>\n<p>Rapor, 4 Ocak ak\u015fam\u0131 G\u00fclistan&#8217;\u0131n, polise \u015fikayet konusu olan Abarakov&#8217;un ailesinin evinin \u00f6n\u00fcnde zorla araca bindirilmeye \u00e7al\u0131\u015f\u0131ld\u0131\u011f\u0131 ve geceyi bir \u00f6\u011fretmenin evinde ge\u00e7irdi\u011fi ayr\u0131nt\u0131s\u0131yla ba\u015fl\u0131yor.<\/p>\n<p>Raporda yer alan bilgilere g\u00f6re, Abarakov&#8217;un 5 Ocak Pazar g\u00fcn\u00fc, saat 11.00&#8217;de G\u00fclistan&#8217;\u0131 telefonla \u00e7al\u0131\u015ft\u0131\u011f\u0131 kafeye \u00e7a\u011f\u0131rd\u0131\u011f\u0131, yedi dakika sonra kafeye gelen G\u00fclistan&#8217;\u0131n i\u00e7erde d\u00f6rt dakika kald\u0131\u011f\u0131, \u00e7\u0131kmak istedi\u011finde Abarakov&#8217;un onu durdurmaya \u00e7al\u0131\u015f\u0131p ba\u011f\u0131r\u0131p \u00fcst\u00fcne y\u00fcr\u00fcd\u00fc\u011f\u00fc, G\u00fclistan&#8217;\u0131n daha sonra \u00fcniversite arac\u0131na bindi\u011fi ve 12.21&#8217;de telefon sinyallerinin kesildi\u011fi belirtiliyor.<\/p>\n<p>&#8220;G\u00fclistan \u0130\u00e7in Adalet Komisyonlar\u0131&#8221; raporunun devam\u0131nda, G\u00fclistan&#8217;\u0131n 12.23&#8217;te Dinar K\u00f6pr\u00fcs\u00fc&#8217;nden ge\u00e7en bir arac\u0131n g\u00fcvenlik kameras\u0131na tak\u0131ld\u0131\u011f\u0131, 12.25&#8217;te Abarakov&#8217;un Tunceli Emniyet M\u00fcd\u00fcrl\u00fc\u011f\u00fc, Asayi\u015f \u015eube&#8217;de g\u00f6rev yapan \u00fcvey babas\u0131 Engin Y&#8217;nin g\u00f6rev yapt\u0131\u011f\u0131 Emniyet M\u00fcd\u00fcrl\u00fc\u011f\u00fc&#8217;ne &#8220;K\u00f6pr\u00fcden d\u00fc\u015fen bir nesne var&#8221; diye bir tutanak tuttu\u011fu iddias\u0131 \u00f6ne s\u00fcr\u00fcl\u00fcyor.<\/p>\n<p>Cumartesi gecesi, G\u00fclistan&#8217;\u0131n, K\u00fcbra ad\u0131ndaki bir arkada\u015f\u0131na mesaj att\u0131\u011f\u0131, gelen mesaj \u00fczerine arkada\u015f\u0131n\u0131n, ba\u015f \u015f\u00fcpheli Zainal&#8217;\u0131 aray\u0131p G\u00fclistan&#8217;\u0131 sordu\u011fu, Zainal&#8217;\u0131n ona &#8216;Sonra anlat\u0131r\u0131m&#8217; yan\u0131t\u0131n\u0131 verdi\u011fi, saat 17. 00 sular\u0131nda da \u015f\u00fcphelinin, Doku&#8217;nun bir arkada\u015f\u0131na &#8220;O kendine bunu getirdi.<\/p>\n<p>D\u00fcn gece ba\u015f\u0131ma bela oldu. Artistlik yapmaya ba\u015flad\u0131. Ondan insan gibi ayr\u0131lacakt\u0131m. D\u00fcn gece evde b\u00fcy\u00fck kavga \u00e7\u0131kt\u0131. Annemin b\u00fct\u00fcn planlar\u0131 bozuluyordu. Babam \u00e7ok sinirlendi&#8221; diye mesaj att\u0131\u011f\u0131 bilgisi de raporun devam\u0131nda yer al\u0131yor.<\/p>\n<p>Kronoloji raporuna g\u00f6re Zaynal Abarakov&#8217;un Pazar g\u00fcn\u00fc 16.00-19.00 aras\u0131 ne yapt\u0131\u011f\u0131na dair bir bilgiye ula\u015f\u0131lm\u0131yor ve baz istasyonu verileri sayesinde telefonunun a\u00e7\u0131k oldu\u011fu ama aramalara \u00e7\u0131kmad\u0131\u011f\u0131 tespit ediliyor.<\/p>\n<p>G\u00fclistan \u0130\u00e7in Adalet Komisyonu raporu, Tunceli Emniyeti&#8217;nin 12.25&#8217;te &#8220;K\u00f6pr\u00fcden d\u00fc\u015fen bir nesne var&#8221; diye tutanak tuttu\u011fu, ba\u015fsavc\u0131l\u0131\u011f\u0131n da bu bilgi \u00fczerine o g\u00fcn 11.00-13.30 saatleri aras\u0131nda k\u00f6pr\u00fcden ge\u00e7en 200 ki\u015fiyi dinledi\u011fi bilgisiyle devam ediyor.<\/p>\n<p>Raporun devam\u0131nda, ba\u015fsavc\u0131l\u0131\u011f\u0131n, emniyette 5 Ocak&#8217;ta Abarakov&#8217;un \u00fcvey babas\u0131 Engin Y.&#8217;nin Pazar g\u00fcn\u00fc sabah sekizden gece 12&#8217;ye kadar ne yapt\u0131\u011f\u0131na ili\u015fkin bilgi vermesi i\u00e7in bir polisin g\u00f6revlendirildi\u011fi ve bu polisin, Abarakov&#8217;un \u00fcvey babas\u0131n\u0131 arayarak &#8220;Hi\u00e7 d\u0131\u015far\u0131 \u00e7\u0131kt\u0131n m\u0131?&#8221; sorusuna &#8220;Hay\u0131r&#8221; yan\u0131t\u0131n\u0131 ald\u0131\u011f\u0131; polisin &#8220;Evdeydi. Kamera evin \u00f6n\u00fcn\u00fc g\u00f6rm\u00fcyor, \u00e7\u0131kt\u0131ysa da bilemeyiz&#8221; \u015feklinde tutanak yazd\u0131\u011f\u0131 bilgisine de yer veriliyor.<\/p>\n<h4>G\u00fclistan Doku olay\u0131nda ihmal var m\u0131 ?<\/h4>\n<p>G\u00fclistan Doku i\u00e7in Adalet Komisyonlar\u0131, polisin ihmali oldu\u011funu savunarak \u015f\u00f6yle bir hat\u0131rlatma yap\u0131yor:<\/p>\n<p>&#8220;Fakat polisler daha \u00f6nceden 4 Ocak gecesi Doku&#8217;nun Abarakov&#8217;un ailesi ile ya\u015fad\u0131\u011f\u0131 eve girdi\u011fini, daha sonra Abarakov&#8217;un evden \u00e7\u0131k\u0131p arac\u0131na bindi\u011fini ve Doku&#8217;nun da arkas\u0131ndan gitti\u011fini evin \u00f6n\u00fcn\u00fc g\u00f6ren kameralardan \u00f6\u011frenmi\u015fti. Ba\u015fsavc\u0131 bu arac\u0131n PTS (plaka tan\u0131ma sistemi) kayd\u0131n\u0131n dosyaya al\u0131nmas\u0131 talimat\u0131n\u0131 verdi.<\/p>\n<p>Abarakov&#8217;un \u00fcvey babas\u0131 Engin Y\u00fccel&#8217;in g\u00f6rev yapt\u0131\u011f\u0131 Asayi\u015f \u015eube Ba\u015fsavc\u0131l\u0131\u011fa verdi\u011fi yan\u0131tta g\u00fcvenlik kameralar\u0131n\u0131n plakaya yakla\u015f\u0131ld\u0131\u011f\u0131nda g\u00f6r\u00fcnt\u00fcs\u00fcn\u00fc alamad\u0131klar\u0131 gerek\u00e7esiyle tespit yap\u0131lamad\u0131\u011f\u0131n\u0131 belirtti. Fakat dosyada 200 arac\u0131n HTS kay\u0131tlar\u0131 var. Arac\u0131 kullanan ki\u015filerin y\u00fczleri dahi g\u00f6r\u00fclebiliyor!&#8221;<\/p>\n<p>Kronolojik rapora g\u00f6re, G\u00fclistan&#8217;\u0131n arkada\u015flar\u0131, kayboldu\u011funu bildirmek \u00fczere karakola gittiklerinde saatlerce beyanlar\u0131 al\u0131nmam\u0131\u015f. Tepki g\u00f6stermeleri \u00fczerine gece 02.00 gibi \u015f\u00fcpheli Zaynal Abarakov Asayi\u015f \u015eube&#8217;ye getirilmi\u015f.<\/p>\n<p>Ayr\u0131ca o gece Dilek ad\u0131nda bir \u00f6\u011frencinin ifadesine &#8220;G\u00fclistan, kendimi Munzur&#8217;a atmaya gidiyorum, dedi&#8221; \u015feklinde bir ekleme yap\u0131ld\u0131\u011f\u0131, s\u00f6z konusu \u00f6\u011frencinin b\u00f6yle bir beyan vermedi\u011fini a\u00e7\u0131klad\u0131\u011f\u0131 iddias\u0131 da \u00f6ne s\u00fcr\u00fcl\u00fcyor.<\/p>\n<p><strong>G\u00fclistan Doku kronolojik geli\u015fmelere g\u00f6re haz\u0131rlanan raporda yer alan di\u011fer iddialar ise \u015f\u00f6yle s\u0131ralanm\u0131\u015f:<\/strong><\/p>\n<p>&#8220;Ba\u015f \u015f\u00fcpheli Abarakov 5 Ocak&#8217;tan 26 \u015eubat&#8217;a kadar onu hi\u00e7 aramad\u0131. 26 \u015eubat gecesi birden &#8216;Seni \u00e7ok \u00f6zledim, seni \u00e7ok seviyorum&#8217; gibi mesajlar yazd\u0131. Abarakov arkada\u015f\u0131na &#8216;Telefonumu alacaklar. Sana sonra yazar\u0131m&#8217; diye mesaj yazm\u0131\u015f. Doku kaybolduktan tam 52 g\u00fcn sonra, kamuoyunun yo\u011fun bask\u0131s\u0131 nedeniyle 27 \u015eubat&#8217;ta telefonuna el konuldu.&#8221;<\/p>\n<p>Kronoloji raporu, bir y\u0131l boyunca arama \u00e7al\u0131\u015fmalar\u0131n\u0131 yak\u0131ndan takip eden abla G\u00fclay Doku&#8217;nun baz\u0131 iddialar\u0131na da yer verdi. Bir iddiaya g\u00f6re eski Tunceli Valisi Tuncay Sonel taraf\u0131ndan g\u00f6nderildi\u011fini s\u00f6yleyen valilik \u00e7al\u0131\u015fan\u0131 F. G. ve Tunceli \u0130\u015fkur M\u00fcd\u00fcr\u00fc \u00d6. A. taraf\u0131ndan 5 May\u0131s 2020 tarihinde \u00fcst\u00fc kapal\u0131 bir \u015fekilde Ayg\u00fcl Doku&#8217;yu tehdit etti.<\/p>\n<p>&#8220;Twitter&#8217;da Doku i\u00e7in yapt\u0131\u011f\u0131 payla\u015f\u0131mlar\u0131 kald\u0131rmas\u0131n\u0131, Vali Tuncay Sonel&#8217;e s\u00fcrekli te\u015fekk\u00fcr etmesini, halk\u0131n Doku&#8217;yu sormamas\u0131 gerekti\u011fini ve farkl\u0131 kurumlarca yap\u0131lan twitter desteklerini kabul etmemesi ve onlar\u0131 uzakla\u015ft\u0131rmas\u0131 gerekti\u011fini s\u00f6ylediklerini; aksi takdirde Vali Tuncay Sonel&#8217;in Doku&#8217;yu aramayaca\u011f\u0131n\u0131 s\u00f6yleyerek tehdit edildi\u011fini a\u00e7\u0131klad\u0131.&#8221;<\/p>\n<p>Ayg\u00fcl Doku, sosyal medyada yapt\u0131\u011f\u0131 payla\u015f\u0131mlarda da bu iddias\u0131n\u0131 tekrarlad\u0131. Doku&#8217;nun iddialar\u0131n\u0131n oda\u011f\u0131ndaki resmi yetkililerden herhangi bir a\u00e7\u0131klama yap\u0131lmad\u0131.<\/p>\n<p>Doku ailesinin avukat\u0131 Ali \u00c7imen ile soru\u015fturman\u0131n gidi\u015fat\u0131n\u0131, raporda \u00f6ne s\u00fcr\u00fclen iddialar ile ilgili k\u0131sa bir de\u011ferlendirme yapmas\u0131n\u0131 istedik ama avukat, ailenin onay\u0131 olmadan a\u00e7\u0131klama yapamayaca\u011f\u0131n\u0131 s\u00f6yledi.<\/p>\n<p>G\u00fclistan Doku&#8217;nun ablas\u0131 Ayg\u00fcl Doku ise o tarihte r\u00f6portaj talebimize d\u00f6n\u00fc\u015f yapmad\u0131.<\/p>\n<p>Ocak 2020&#8217;de kaybolan Doku&#8217;yu arama \u00e7al\u0131\u015fmalar\u0131 Ekim 2022&#8217;de sonland\u0131r\u0131ld\u0131.<\/p>\n<figure id=\"attachment_308779\" aria-describedby=\"caption-attachment-308779\" style=\"width: 1024px\" class=\"wp-caption alignnone\"><img loading=\"lazy\" decoding=\"async\" class=\"size-large wp-image-308779\" src=\"https:\/\/www.nationalturk.com\/tr\/wp-content\/uploads\/2026\/04\/Gulistan-Doku-Olayi-Son-Durum-1024x699.png\" alt=\"Tunceli Cumhuriyet Ba\u015fsavc\u0131s\u0131 Ebru Cansu&#039;nun g\u00f6reve ba\u015flamas\u0131\" width=\"1024\" height=\"699\" title=\"\" srcset=\"https:\/\/www.nationalturk.com\/tr\/wp-content\/uploads\/2026\/04\/Gulistan-Doku-Olayi-Son-Durum-1024x699.png 1024w, https:\/\/www.nationalturk.com\/tr\/wp-content\/uploads\/2026\/04\/Gulistan-Doku-Olayi-Son-Durum-732x500.png 732w, https:\/\/www.nationalturk.com\/tr\/wp-content\/uploads\/2026\/04\/Gulistan-Doku-Olayi-Son-Durum-200x137.png 200w, https:\/\/www.nationalturk.com\/tr\/wp-content\/uploads\/2026\/04\/Gulistan-Doku-Olayi-Son-Durum-220x150.png 220w, https:\/\/www.nationalturk.com\/tr\/wp-content\/uploads\/2026\/04\/Gulistan-Doku-Olayi-Son-Durum.png 1450w\" sizes=\"auto, (max-width: 1024px) 100vw, 1024px\" \/><figcaption id=\"caption-attachment-308779\" class=\"wp-caption-text\">Tunceli Cumhuriyet Ba\u015fsavc\u0131s\u0131 Ebru Cansu&#8217;nun g\u00f6reve ba\u015flamas\u0131yla olaylar\u0131 seyri de\u011fi\u015fti.<\/figcaption><\/figure>\n<h4>Tunceli Cumhuriyet Ba\u015fsavc\u0131s\u0131 Ebru Cansu&#8217;nun g\u00f6reve ba\u015flamas\u0131<\/h4>\n<p>13 Haziran 2024&#8217;te ise Tunceli Cumhuriyet Ba\u015fsavc\u0131l\u0131\u011f\u0131&#8217;na atanan Ebru Cansu, k\u0131sa bir s\u00fcre sonra G\u00fclistan Doku soru\u015fturmas\u0131 i\u00e7in \u00f6zel bir birim kurdu ve soru\u015fturmay\u0131 derinle\u015ftirdi.<\/p>\n<p>Tunceli Cumhuriyet Ba\u015fsavc\u0131l\u0131\u011f\u0131, &#8220;cinayet, delil karartma, dijital izlerin silinmesi, kamu n\u00fcfuzunun kullan\u0131lmas\u0131&#8221; su\u00e7lar\u0131n\u0131 ara\u015ft\u0131rmaya ba\u015flad\u0131.<\/p>\n<p>Ankara&#8217;dan gelen donan\u0131ml\u0131 JASAT ekipleri ve teknik cihaz deste\u011fiyle 30 ki\u015filik bir ekip \u015fu an hala sahada \u00e7al\u0131\u015fmalar\u0131n\u0131 s\u00fcrd\u00fcr\u00fcrken\u00a0soru\u015fturma kapsam\u0131nda jandarmaya gelen gizli tan\u0131k beyanlar\u0131n\u0131n Tunceli&#8217;deki Gen\u00e7lik Merkezi ve Sar\u0131saltuk Viyad\u00fc\u011f\u00fc b\u00f6lgesini i\u015faret etti.<\/p>\n<p>Bu kapsamda b\u00f6lgede yeniden baz \u00e7al\u0131\u015fmas\u0131 yap\u0131ld\u0131, t\u00fcm \u015f\u00fcphelilerin cep telefonu, bilgisayar ve tablet gibi dijital materyallerine el konuldu.<\/p>\n<p>Siber su\u00e7lar uzmanlar\u0131nca incelemeler devam ederken HTS ve PTS kay\u0131tlar\u0131n\u0131 yeniden analizleri yap\u0131ld\u0131. \u0130ddia edilen b\u00f6lgelerde bizzat konum alarak \u00e7al\u0131\u015fmalar\u0131m\u0131z\u0131 derinle\u015ftirildi.<\/p>\n<p>Ba\u015fsavc\u0131 Cansu&#8217;nu s\u00fcrd\u00fcrd\u00fc\u011f\u00fc soru\u015fturmada Doku&#8217;nun hastane kay\u0131tlar\u0131ndaki tutars\u0131zl\u0131\u011f\u0131 Ba\u015fsavc\u0131l\u0131 Ebru Cansu&#8217;nun dikkatlerini \u00e7eken bir ba\u015fka nokta oldu.<\/p>\n<p>Tunceli Cumhuriyet Ba\u015fsavc\u0131l\u0131\u011f\u0131&#8217;na atanan Ebru Cansu tedavi evraklar\u0131n\u0131n tarihlerinde \u00e7eli\u015fki tespit ettiklerini ifade etti.<\/p>\n<p>Ba\u015fsavc\u0131 &#8220;Polnet kayd\u0131nda hastane giri\u015fi g\u00f6r\u00fcnen bir tarih, hastane tedavi evraklar\u0131nda hi\u00e7 yer alm\u0131yordu. Bu durum bize \u015f\u00fcpheli geldi&#8221; dedi.<\/p>\n<p>Konuyla ilgili Sa\u011fl\u0131k Bakanl\u0131\u011f\u0131 m\u00fcfetti\u015flerinin hastanede incelemelerini s\u00fcrd\u00fcrd\u00fc\u011f\u00fcn\u00fc belirtti.<\/p>\n<p><strong>Soru\u015fturmada kimlerin isimleri ge\u00e7iyor, kimler tutukland\u0131?<\/strong><\/p>\n<p>Soru\u015fturma kapsam\u0131nda son olarak Tunceli Devlet Hastanesi bilgi i\u015flem g\u00f6revlileri B.Y. ve Y.E 25 Nisan&#8217;da g\u00f6zalt\u0131na al\u0131nd\u0131.<\/p>\n<p>17 Nisan&#8217;da g\u00f6zalt\u0131na al\u0131nan d\u00f6nemin Tunceli Valisi Tuncay Sonel de 21 Nisan&#8217;da adliyeye sevk edildi ve savc\u0131l\u0131ktaki ifadesinden sonra tutukland\u0131.<\/p>\n<p>Sonel&#8217;in o\u011flu Mustafa T\u00fcrkay Sonel 18 Nisan&#8217;da tutuklanm\u0131\u015ft\u0131.<\/p>\n<p>25 ya\u015f\u0131ndaki Sonel savc\u0131l\u0131k ifadesinde hakk\u0131ndaki iddialar\u0131 reddetti.<\/p>\n<p>G\u00fclistan Doku&#8217;yu tan\u0131mad\u0131\u011f\u0131n\u0131 savunan Sonel, &#8220;Gizli tan\u0131\u011f\u0131n beyan\u0131ndaki tecav\u00fcz olay\u0131 ile benim hi\u00e7bir bilgim ve alakam yoktur&#8221; dedi.<\/p>\n<p>Sonel&#8217;in g\u00f6revde oldu\u011fu s\u0131rada korumas\u0131 olan \u015e\u00fckr\u00fc Ero\u011flu da 18 Nisan&#8217;da tutukland\u0131.<\/p>\n<p>Soru\u015fturma kapsam\u0131nda, d\u00f6nemin <a title=\"Tunceli Do\u011fa K\u00fclt\u00fcr Varl\u0131klar\u0131\" href=\"https:\/\/www.turizmtatilseyahat.com\/tunceli-rafting-keyfi-21657\/\" target=\"_blank\" rel=\"noopener\">Tunceli<\/a> Devlet Hastanesi Ba\u015fhekimi de g\u00f6zalt\u0131na al\u0131nd\u0131 ve 20 Nisan&#8217;da tutukland\u0131.<\/p>\n<p>Bursa&#8217;da g\u00f6zalt\u0131na al\u0131nan doktor hakk\u0131nda hastane kay\u0131tlar\u0131n\u0131n silindi\u011fi su\u00e7lamas\u0131 var.<\/p>\n<p>Tutuklananlar aras\u0131nda G\u00fclistan Doku&#8217;nun erkek arkada\u015f\u0131 Zeinal Abakarov ile annesi ve \u00fcvey babas\u0131 da var.<\/p>\n<p>Meslekten ihra\u00e7 edilmi\u015f polis memuru G\u00f6khan Ertok &#8220;delilleri yok etme&#8221;, Tunceli \u0130l \u00d6zel \u0130daresi eski personeli Erdo\u011fan Elald\u0131 da &#8220;kasten \u00f6ld\u00fcrme&#8221; su\u00e7lamas\u0131yla tutuklanm\u0131\u015ft\u0131.<\/p>\n<p>Elald\u0131&#8217;n\u0131n, <a title=\"G\u00fclistan Doku Haberleri\" href=\"https:\/\/www.nationalturk.com\/haber\/gulistan-doku\/\" target=\"_blank\" rel=\"noopener\">G\u00fclistan Doku<\/a>&#8216;ya son temas eden ki\u015fi oldu\u011fu belirtildi.<\/p>\n<p>ABD&#8217;de bulunan \u015f\u00fcpheli Umut Alta\u015f hakk\u0131nda ise yakalama karar\u0131n\u0131n ard\u0131ndan uluslararas\u0131 k\u0131rm\u0131z\u0131 b\u00fclten \u00e7\u0131kar\u0131ld\u0131.<\/p>\n<h4>Tunceli Cumhuriyet Ba\u015fsavc\u0131s\u0131 Ebru Cansu kimdir?<\/h4>\n<p>Ebru Cansu, 4 Temmuz 1976, \u00c7orum \/ Alaca do\u011fumludur.<br \/>\n\u0130lk ve orta \u00f6\u011frenimini Ankara \u00d6zel Y\u00fckseli\u015f Koleji&#8217;nde, lise e\u011fitimini ise \u00d6zel Antalya Koleji&#8217;nde tamamlam\u0131\u015ft\u0131r.<br \/>\n2001 y\u0131l\u0131nda Marmara \u00dcniversitesi Hukuk Fak\u00fcltesi&#8217;nden mezun olmu\u015ftur<\/p>\n<p>Ebru Cansu, 2024 y\u0131l\u0131ndan bu yana Tunceli Cumhuriyet Ba\u015fsavc\u0131s\u0131 olarak g\u00f6rev yapan, hukuk kariyerindeki tecr\u00fcbesi ve \u00f6zellikle kamuoyunda yak\u0131ndan takip edilen davalardaki kararl\u0131 tutumuyla tan\u0131nan bir hukuk\u00e7udur.<\/p>\n<figure id=\"attachment_308780\" aria-describedby=\"caption-attachment-308780\" style=\"width: 1024px\" class=\"wp-caption alignnone\"><img loading=\"lazy\" decoding=\"async\" class=\"wp-image-308780 size-large\" src=\"https:\/\/www.nationalturk.com\/tr\/wp-content\/uploads\/2026\/04\/Tunceli_Bassavcisi_Ebru_Cansu.Kimdir-1024x576.jpg\" alt=\"Tunceli Cumhuriyet Ba\u015fsavc\u0131s\u0131 Ebru Cansu kimdir?\" width=\"1024\" height=\"576\" title=\"\" srcset=\"https:\/\/www.nationalturk.com\/tr\/wp-content\/uploads\/2026\/04\/Tunceli_Bassavcisi_Ebru_Cansu.Kimdir-1024x576.jpg 1024w, https:\/\/www.nationalturk.com\/tr\/wp-content\/uploads\/2026\/04\/Tunceli_Bassavcisi_Ebru_Cansu.Kimdir-800x450.jpg 800w, https:\/\/www.nationalturk.com\/tr\/wp-content\/uploads\/2026\/04\/Tunceli_Bassavcisi_Ebru_Cansu.Kimdir-200x113.jpg 200w, https:\/\/www.nationalturk.com\/tr\/wp-content\/uploads\/2026\/04\/Tunceli_Bassavcisi_Ebru_Cansu.Kimdir-390x220.jpg 390w, https:\/\/www.nationalturk.com\/tr\/wp-content\/uploads\/2026\/04\/Tunceli_Bassavcisi_Ebru_Cansu.Kimdir.jpg 1280w\" sizes=\"auto, (max-width: 1024px) 100vw, 1024px\" \/><figcaption id=\"caption-attachment-308780\" class=\"wp-caption-text\">Ebru Cansu, 2024 y\u0131l\u0131ndan bu yana Tunceli Cumhuriyet Ba\u015fsavc\u0131s\u0131 olarak g\u00f6rev yapmaktad\u0131r.<\/figcaption><\/figure>\n<p><strong>Mesleki Kariyeri<\/strong><br \/>\nEbru Cansu, savc\u0131l\u0131k g\u00f6revine ge\u00e7meden \u00f6nce yakla\u015f\u0131k 13 y\u0131l boyunca serbest avukatl\u0131k yapm\u0131\u015ft\u0131r. Daha sonra adli yarg\u0131 kariyerine ge\u00e7i\u015f yaparak \u015fu g\u00f6revlerde bulunmu\u015ftur:<\/p>\n<ul>\n<li>\u00a0\u0130stanbul Adliyesi&#8217;nde Cumhuriyet Savc\u0131l\u0131\u011f\u0131,<\/li>\n<li>Denizli \u00c7ameli Cumhuriyet Savc\u0131l\u0131\u011f\u0131,<\/li>\n<li>Seferihisar Cumhuriyet Ba\u015fsavc\u0131l\u0131\u011f\u0131 (2022-2024).<\/li>\n<\/ul>\n<p>13 Haziran 2024 tarihinde yay\u0131mlanan kararname ile Tunceli Cumhuriyet Ba\u015fsavc\u0131s\u0131 olarak atanm\u0131\u015ft\u0131r. Cansu, Tunceli&#8217;nin bu g\u00f6reve getirilen ikinci kad\u0131n ba\u015fsavc\u0131s\u0131d\u0131r.<\/p>\n<p>\u00d6zellikle T\u00fcrkiye g\u00fcndemini uzun s\u00fcredir me\u015fgul eden <a title=\"G\u00fclistan Doku Haberleri\" href=\"https:\/\/www.nationalturk.com\/haber\/gulistan-doku\/\" target=\"_blank\" rel=\"noopener\">G\u00fclistan Doku<\/a> soru\u015fturmas\u0131ndaki aktif rol\u00fcyle bilinmektedir. G\u00f6reve gelmesinin ard\u0131ndan soru\u015fturma i\u00e7in \u00f6zel bir ekip kurdurmu\u015f, dosyan\u0131n seyrini de\u011fi\u015ftirecek kritik ad\u0131mlar atm\u0131\u015f ve s\u00fcrecin \u015feffaf bir \u015fekilde y\u00fcr\u00fct\u00fclmesi i\u00e7in \u00e7al\u0131\u015fm\u0131\u015ft\u0131r.<\/p>\n<p>Nitekim 2026 y\u0131l\u0131n\u0131n Nisan ay\u0131nda, soru\u015fturma kapsam\u0131nda \u00f6nemli bir tutuklama (eski ba\u015fhekim \u00c7a\u011fda\u015f \u00d6zdemir&#8217;in tutuklanmas\u0131) ger\u00e7ekle\u015fmi\u015ftir.<\/p>\n<p>Ebru Cansu, evli ve bir \u00e7ocuk annesidir.<\/p>\n<h5>G\u00fclistan Doku soru\u015fturma Savc\u0131s\u0131 Ebru Cansu&#8217;nun a\u00e7\u0131klamalar\u0131 &#8211; Video<\/h5>\n<p><iframe loading=\"lazy\" title=\"YouTube video player\" src=\"https:\/\/www.youtube.com\/embed\/tyPYJhLRkzU?si=RUd7UzFNtyCT8-g-\" width=\"560\" height=\"315\" frameborder=\"0\" allowfullscreen=\"allowfullscreen\"><\/iframe><\/p>\n","protected":false},"excerpt":{"rendered":"<p>G\u00fclistan Doku olay\u0131nda ya\u015fananlar ve son durum Tunceli&#8217;de bulunan Munzur \u00dcniversitesi \u00c7ocuk Geli\u015fimi B\u00f6l\u00fcm\u00fc 2. s\u0131n\u0131f \u00f6\u011frencisi G\u00fclistan Doku, 5 Ocak 2020 tarihinde kaybolmu\u015ftu. Diyarbak\u0131r&#8217;da ya\u015fayan ailesi, G\u00fclistan&#8217;\u0131n kayboldu\u011fu g\u00fcn Tunceli&#8217;ye gelip g\u00fcvenlik g\u00fc\u00e7lerine ihbarda bulundu. Ailenin ihbar\u0131yla arama \u00e7al\u0131\u015fmas\u0131 ba\u015flat\u0131ld\u0131. Ara\u015ft\u0131rmalar sonunda G\u00fclistan Doku&#8217;nun cep telefonunun, en son Uzun\u00e7ay\u0131r Baraj G\u00f6l\u00fc \u00fczerindeki Sar\u0131 Saltuk &hellip;<\/p>\n","protected":false},"author":6,"featured_media":308777,"comment_status":"closed","ping_status":"closed","sticky":false,"template":"","format":"standard","meta":{"_acf_changed":false,"footnotes":""},"categories":[342,6155,6805],"tags":[10402,222890,222889,222894,29996,222891,222886,20255,222888,222893,33499,61671,40322,222892,4134,48055,52192,8581,28894,222887],"class_list":["post-308776","post","type-post","status-publish","format-standard","has-post-thumbnail","hentry","category-video","category-gundem","category-turkiye","tag-adalet-bakanligi","tag-ali-cimen","tag-aygul-doku","tag-cocuk-gelisimi","tag-cumhuriyet-bassavciligi","tag-ebru-cansu","tag-gulistan-doku","tag-icisleri-bakani","tag-jandarma-ekipleri","tag-munzur-universitesi","tag-rus","tag-sosyal-medya","tag-suleyman-soylu","tag-tuncay-sonel","tag-tunceli","tag-twitter","tag-vali","tag-video","tag-youtube","tag-zaynal-abarakov"],"acf":[],"_links":{"self":[{"href":"https:\/\/www.nationalturk.com\/tr\/wp-json\/wp\/v2\/posts\/308776","targetHints":{"allow":["GET"]}}],"collection":[{"href":"https:\/\/www.nationalturk.com\/tr\/wp-json\/wp\/v2\/posts"}],"about":[{"href":"https:\/\/www.nationalturk.com\/tr\/wp-json\/wp\/v2\/types\/post"}],"author":[{"embeddable":true,"href":"https:\/\/www.nationalturk.com\/tr\/wp-json\/wp\/v2\/users\/6"}],"replies":[{"embeddable":true,"href":"https:\/\/www.nationalturk.com\/tr\/wp-json\/wp\/v2\/comments?post=308776"}],"version-history":[{"count":2,"href":"https:\/\/www.nationalturk.com\/tr\/wp-json\/wp\/v2\/posts\/308776\/revisions"}],"predecessor-version":[{"id":308784,"href":"https:\/\/www.nationalturk.com\/tr\/wp-json\/wp\/v2\/posts\/308776\/revisions\/308784"}],"wp:featuredmedia":[{"embeddable":true,"href":"https:\/\/www.nationalturk.com\/tr\/wp-json\/wp\/v2\/media\/308777"}],"wp:attachment":[{"href":"https:\/\/www.nationalturk.com\/tr\/wp-json\/wp\/v2\/media?parent=308776"}],"wp:term":[{"taxonomy":"category","embeddable":true,"href":"https:\/\/www.nationalturk.com\/tr\/wp-json\/wp\/v2\/categories?post=308776"},{"taxonomy":"post_tag","embeddable":true,"href":"https:\/\/www.nationalturk.com\/tr\/wp-json\/wp\/v2\/tags?post=308776"}],"curies":[{"name":"wp","href":"https:\/\/api.w.org\/{rel}","templated":true}]}}