{"id":308786,"date":"2026-04-26T22:51:43","date_gmt":"2026-04-26T19:51:43","guid":{"rendered":"https:\/\/www.nationalturk.com\/tr\/?p=308786"},"modified":"2026-04-26T22:51:43","modified_gmt":"2026-04-26T19:51:43","slug":"galatasaray-3-0-fenerbahce-trendyol-super","status":"publish","type":"post","link":"https:\/\/www.nationalturk.com\/tr\/galatasaray-3-0-fenerbahce-trendyol-super\/","title":{"rendered":"Galatasaray \u015eampiyonluk yolunda: Galatasaray 3-0 Fenerbah\u00e7e"},"content":{"rendered":"<h2>Galatasaray Fenerbah\u00e7e&#8217;yi 3-0 yenerek \u015eampiyonluk yolunda b\u00fcy\u00fck avantaj elde eti.<\/h2>\n<p>Galatasaray&#8217;\u0131n golleri Victor Osimhen (40\u2019), Bar\u0131\u015f Alper Y\u0131lmaz (67\u2019 pen.) ve Lucas Torreira\u2019dan geldi.<\/p>\n<p>Galatasaray bu skorla 74 puana y\u00fckselerek sar\u0131-lacivertli tak\u0131mla aras\u0131ndaki fark\u0131 \u00fc\u00e7 hafta kala 7\u2019ye \u00e7\u0131kard\u0131.<\/p>\n<p>Galatasaray bu ma\u00e7\u0131n ard\u0131ndan Samsunspor ile kar\u015f\u0131la\u015facak.<\/p>\n<p>Galatasaray: U\u011furcan \u00c7ak\u0131r, Roland Sallai, Ismail Jakobs, Davinson Sanchez, Abd\u00fclkerim Bardakc\u0131, Lucas Torreira, Mario Lemina, Yunus Akg\u00fcn, Bar\u0131\u015f Alper Y\u0131lmaz, Leroy Sane, Victor Osimhen.<\/p>\n<p>Fenerbah\u00e7e: Ederson, Semedo, Skriniar, Oosterwolde, Brown, Kante, Guendouzi, Nene, Talisca, Kerem, Cherif.<\/p>\n<p>Onbirleriyle sahay \u00e7\u0131kt\u0131.<\/p>\n<p>\u0130lk yar\u0131da Fenerbah\u00e7e tak\u0131m \u00f6nde dengeli bask\u0131 yaparken iki tak\u0131m da ma\u00e7\u0131n ilk b\u00f6l\u00fcm\u00fcnde birbirine \u00fcst\u00fcnl\u00fck kuramad\u0131.<\/p>\n<p>5. dakikada Oosterwolde\u2019nin topa sahip olan U\u011furcan \u00c7ak\u0131r\u2019a sert m\u00fcdahalesi sonras\u0131 rakip oyuncuya sar\u0131 kart \u00e7\u0131karken, U\u011furcan \u00c7ak\u0131r&#8217;da kart g\u00f6rd\u00fc. Bu kartla U\u011furcan \u00c7ak\u0131r cezal\u0131 duruma d\u00fc\u015ft\u00fc.<\/p>\n<p>7. dakikada Osimhen\u2019in kornerden gelen topa kafa vuru\u015fu d\u0131\u015far\u0131ya \u00e7\u0131kt\u0131.<\/p>\n<p>11. dakikada Fenerbah\u00e7e penalt\u0131 kazand\u0131. Cherif&#8217;in topla birlikte ceza sahas\u0131na girdi\u011fi pozisiyonda yap\u0131lan m\u00fcdahale i\u00e7in Yasin Kol penalt\u0131 noktas\u0131n\u0131 g\u00f6sterdi.<\/p>\n<p>Anderson Talisca, beyaz noktada U\u011furcan\u2019\u0131n soluna vurdu. Top auta \u00e7\u0131kt\u0131.<\/p>\n<p>Bask\u0131lar\u0131n\u0131 art\u0131ran Galatasaray&#8217;\u0131n gol\u00fc 40. dakikada Osimhen\u2019den geldi.<\/p>\n<p>Jakobs\u2019un kulland\u0131\u011f\u0131 uzun ta\u00e7 kafalardan sekerek Osimhen&#8217;e gitti ve Osimhen \u00f6nce kontrol etti sonra diziyle yapt\u0131\u011f\u0131 vuru\u015fla topu a\u011flara g\u00f6nderdi: 1-0.<\/p>\n<p>Santra yap\u0131l\u0131rken Yunus Akg\u00fcn\u2019e de sar\u0131 kart g\u00f6sterildi.<\/p>\n<p>\u0130lk yar\u0131 1-0 ev sahibinin \u00fcst\u00fcnl\u00fc\u011f\u00fcyle sona erdi. \u0130lk yar\u0131da Fenerbah\u00e7e isabetli \u015fut kaydedemeden soyunma odas\u0131na gitti.<\/p>\n<p>\u0130kinci yar\u0131da daha hareketli bir Galatasaray vard\u0131. 50. dakikada Nene&#8217;nin ara pas\u0131nda ceza sahas\u0131 i\u00e7erisinde Guendouzi topla bulu\u015ftuktan sonra i\u00e7eriye \u00e7evirmek istedi\u011fi top U\u011furcan&#8217;\u0131n kuca\u011f\u0131nda kald\u0131.<\/p>\n<p>54\u2019te Osimhen ile ve 56\u2019da Torreira ile Galatasaray&#8217;\u0131n buldu\u011fu gol ofsayt gerek\u00e7esiyle ge\u00e7erli say\u0131lmad\u0131.<\/p>\n<p>Dakikalar 60\u2019\u0131 g\u00f6sterirken Yunus&#8217;un ceza sahas\u0131 i\u00e7erisinde yerde kald\u0131\u011f\u0131 pozisyon i\u00e7in Yasin Kol beyaz noktay\u0131 g\u00f6sterdi.<\/p>\n<p>Bu esnada penalt\u0131 at\u0131\u015f\u0131nda kalesine ge\u00e7memekte direnen Ederson ikinci sar\u0131 kart\u0131n\u0131 g\u00f6rerek tak\u0131m\u0131n\u0131 10 ki\u015fi b\u0131rakt\u0131. Yerine Mert G\u00fcnok girdi. 66\u2019da beyaz noktaya ge\u00e7en Bar\u0131\u015f Alper Y\u0131lmaz, kaleci ve topu farkl\u0131 k\u00f6\u015felere g\u00f6nderdi: 2-0.<\/p>\n<p>Gol\u00fcn ard\u0131ndan \u00e7\u0131kan Yunus Akg\u00fcn\u2019\u00fcn yerine Noa Lang girdi. Rakip 10 ki\u015fi kal\u0131nca \u00fcst\u00fcnl\u00fck tamamen <a title=\"\u015eampiyon Galatasaray\" href=\"https:\/\/www.nationalturk.com\/tr\/super-ligde-sampiyon-galatasaray\/\" target=\"_blank\" rel=\"noopener\">Galatasaray<\/a>&#8216;a ge\u00e7ti.<\/p>\n<p>81\u2019de \u00fc\u00e7 oyuncu de\u011fi\u015ftiren Okan Buruk Lemina, Bar\u0131\u015f Alper ve Jakobs yerine Icardi, \u0130lkay G\u00fcndo\u011fan ve Eren Elmal\u0131&#8217;y\u0131 oyuna ald\u0131.<\/p>\n<p>Ma\u00e7a noktay\u0131 koyan gol Lucas\u2019tan geldi. Soldan gelen ortay\u0131 kontrol ederken rakibiyle \u00e7arp\u0131\u015fan Mert G\u00fcnok, topu elinden ka\u00e7\u0131rd\u0131. Bu f\u0131rsat\u0131 ka\u00e7\u0131rmayan Torreira, bo\u015f topu kaleye yuvarlad\u0131: 3-0.<\/p>\n<h3>Ederson \u00e7\u0131karken VAR kul\u00fcbesine vurdu<\/h3>\n<blockquote class=\"twitter-tweet\">\n<p dir=\"ltr\" lang=\"tr\">Ederson \u00e7\u0131karken VAR kul\u00fcbesine vurdu<\/p>\n<p>\ud83e\udd33\ud83c\udffb: <a href=\"https:\/\/twitter.com\/selencansu5?ref_src=twsrc%5Etfw\" target=\"_blank\" rel=\"noopener\">@selencansu5<\/a> <a href=\"https:\/\/t.co\/1YjSpg0RK0\">pic.twitter.com\/1YjSpg0RK0<\/a><\/p>\n<p>\u2014 Spor Arena (@sporarena) <a href=\"https:\/\/twitter.com\/sporarena\/status\/2048470194679410920?ref_src=twsrc%5Etfw\" target=\"_blank\" rel=\"noopener\">April 26, 2026<\/a><\/p><\/blockquote>\n<p><script async src=\"https:\/\/platform.twitter.com\/widgets.js\" charset=\"utf-8\"><\/script><\/p>\n<blockquote class=\"wp-embedded-content\" data-secret=\"RwbUxMKceN\"><p><a href=\"https:\/\/www.nationalturk.com\/tr\/super-ligde-sampiyon-galatasaray\/\">S\u00fcper Lig&#8217;de \u015fampiyon Galatasaray<\/a><\/p><\/blockquote>\n<p><iframe loading=\"lazy\" class=\"wp-embedded-content\" sandbox=\"allow-scripts\" security=\"restricted\" style=\"position: absolute; visibility: hidden;\" title=\"&#8220;S\u00fcper Lig&#8217;de \u015fampiyon Galatasaray&#8221; &#8212; NationalTurk\" src=\"https:\/\/www.nationalturk.com\/tr\/super-ligde-sampiyon-galatasaray\/embed\/#?secret=3cDw9Wz5mu#?secret=RwbUxMKceN\" data-secret=\"RwbUxMKceN\" width=\"500\" height=\"282\" frameborder=\"0\" marginwidth=\"0\" marginheight=\"0\" scrolling=\"no\"><\/iframe><\/p>\n<p>&nbsp;<\/p>\n","protected":false},"excerpt":{"rendered":"<p>Galatasaray S\u00fcper Lig\u2019in 31. haftas\u0131nda Fenerbah\u00e7e ile kar\u015f\u0131 3-0\u2019l\u0131k skorla kazanarak \u015fampiyonluk yolunda \u00f6nemli bir avantaj elde etti.<\/p>\n","protected":false},"author":4,"featured_media":308787,"comment_status":"closed","ping_status":"closed","sticky":false,"template":"","format":"standard","meta":{"_acf_changed":false,"footnotes":""},"categories":[6774],"tags":[849,4114,222895],"class_list":["post-308786","post","type-post","status-publish","format-standard","has-post-thumbnail","hentry","category-futbol","tag-fenerbahce","tag-galatasaray","tag-victor-osimhen"],"acf":[],"_links":{"self":[{"href":"https:\/\/www.nationalturk.com\/tr\/wp-json\/wp\/v2\/posts\/308786","targetHints":{"allow":["GET"]}}],"collection":[{"href":"https:\/\/www.nationalturk.com\/tr\/wp-json\/wp\/v2\/posts"}],"about":[{"href":"https:\/\/www.nationalturk.com\/tr\/wp-json\/wp\/v2\/types\/post"}],"author":[{"embeddable":true,"href":"https:\/\/www.nationalturk.com\/tr\/wp-json\/wp\/v2\/users\/4"}],"replies":[{"embeddable":true,"href":"https:\/\/www.nationalturk.com\/tr\/wp-json\/wp\/v2\/comments?post=308786"}],"version-history":[{"count":1,"href":"https:\/\/www.nationalturk.com\/tr\/wp-json\/wp\/v2\/posts\/308786\/revisions"}],"predecessor-version":[{"id":308789,"href":"https:\/\/www.nationalturk.com\/tr\/wp-json\/wp\/v2\/posts\/308786\/revisions\/308789"}],"wp:featuredmedia":[{"embeddable":true,"href":"https:\/\/www.nationalturk.com\/tr\/wp-json\/wp\/v2\/media\/308787"}],"wp:attachment":[{"href":"https:\/\/www.nationalturk.com\/tr\/wp-json\/wp\/v2\/media?parent=308786"}],"wp:term":[{"taxonomy":"category","embeddable":true,"href":"https:\/\/www.nationalturk.com\/tr\/wp-json\/wp\/v2\/categories?post=308786"},{"taxonomy":"post_tag","embeddable":true,"href":"https:\/\/www.nationalturk.com\/tr\/wp-json\/wp\/v2\/tags?post=308786"}],"curies":[{"name":"wp","href":"https:\/\/api.w.org\/{rel}","templated":true}]}}