{"id":309270,"date":"2026-04-27T20:43:12","date_gmt":"2026-04-27T17:43:12","guid":{"rendered":"https:\/\/www.nationalturk.com\/tr\/?p=309270"},"modified":"2026-04-27T20:43:12","modified_gmt":"2026-04-27T17:43:12","slug":"eskisehirde-cocuk-yasli-adami-darp-etti","status":"publish","type":"post","link":"https:\/\/www.nationalturk.com\/tr\/eskisehirde-cocuk-yasli-adami-darp-etti\/","title":{"rendered":"Eski\u015fehir\u2019de 14 ya\u015f\u0131ndaki \u00e7ocuk ya\u015fl\u0131 adam\u0131 darp etti"},"content":{"rendered":"<h2><a href=\"https:\/\/www.nationalturk.com\/tr\/eskisehirde-bina-catisi-uctu\/\">Eski\u015fehir<\/a>\u2019de \u00e7ocuktan ya\u015fl\u0131ya <a href=\"http:\/\/darp\">darp<\/a><\/h2>\n<p>Eski\u015fehir&#8217;in Odunpazar\u0131 il\u00e7esi \u0130stiklal Mahallesi 2 Eyl\u00fcl Caddesi \u00fczerinde daha \u00f6nceden birbirini tan\u0131yan 14 ya\u015f\u0131ndaki F.B.A. ile 70 ya\u015f\u0131ndaki C.Y. aras\u0131nda ya\u015fanan tart\u0131\u015fman\u0131n sonucunda \u00e7ocuk ya\u015fl\u0131 adama sald\u0131rd\u0131.<\/p>\n<p><img loading=\"lazy\" decoding=\"async\" class=\"alignnone wp-image-309271 size-medium\" src=\"https:\/\/www.nationalturk.com\/tr\/wp-content\/uploads\/2026\/04\/darp-800x450.jpg\" alt=\"Eski\u015fehir\u2019de \u00e7ocuktan ya\u015fl\u0131ya darp\" width=\"800\" height=\"450\" title=\"\" srcset=\"https:\/\/www.nationalturk.com\/tr\/wp-content\/uploads\/2026\/04\/darp-800x450.jpg 800w, https:\/\/www.nationalturk.com\/tr\/wp-content\/uploads\/2026\/04\/darp-1024x576.jpg 1024w, https:\/\/www.nationalturk.com\/tr\/wp-content\/uploads\/2026\/04\/darp-200x113.jpg 200w, https:\/\/www.nationalturk.com\/tr\/wp-content\/uploads\/2026\/04\/darp-390x220.jpg 390w, https:\/\/www.nationalturk.com\/tr\/wp-content\/uploads\/2026\/04\/darp.jpg 1280w\" sizes=\"auto, (max-width: 800px) 100vw, 800px\" \/><\/p>\n<p>\u00c7ocuk ile ya\u015fl\u0131 adam aras\u0131nda \u00e7\u0131kan tart\u0131\u015fmada \u00e7ocuk ya\u015fl\u0131 \u015fahsa yumruk att\u0131. Yumrukla beraber yere y\u0131\u011f\u0131lan ya\u015fl\u0131 adam\u0131n burnu kanad\u0131. \u00c7evredeki vatanda\u015flar ya\u015fl\u0131 adama ilk m\u00fcdehaleyi yaparak yard\u0131mc\u0131 oldu. Ard\u0131ndan ya\u015fl\u0131 adam\u00a0sa\u011fl\u0131k ekipleri taraf\u0131ndan tedavi i\u00e7in Yunus Emre Devlet hastanesine kald\u0131r\u0131ld\u0131.<\/p>\n<p>Eski\u015fehir \u0130l Emniyet M\u00fcd\u00fcrl\u00fc\u011f\u00fc \u00c7ocuk \u015eube M\u00fcd\u00fcrl\u00fc\u011f\u00fc ekiplerince yakalanan 14 ya\u015f\u0131ndaki \u00e7ocuk, i\u015flemleri i\u00e7in polis merkezine g\u00f6t\u00fcr\u00fcld\u00fc. Olayla ilgili inceleme ba\u015flat\u0131ld\u0131.<\/p>\n<h2>Korku dolu darp anlar\u0131 b\u00f6yle g\u00f6r\u00fcnt\u00fclendi- Video<\/h2>\n<div style=\"width: 512px;\" class=\"wp-video\"><video class=\"wp-video-shortcode\" id=\"video-309270-1\" width=\"512\" height=\"288\" preload=\"metadata\" controls=\"controls\"><source type=\"video\/mp4\" src=\"https:\/\/www.nationalturk.com\/tr\/wp-content\/uploads\/2026\/04\/1F839530-704A-4FE1-B118-078C07E561C0.mp4?_=1\" \/><a href=\"https:\/\/www.nationalturk.com\/tr\/wp-content\/uploads\/2026\/04\/1F839530-704A-4FE1-B118-078C07E561C0.mp4\">https:\/\/www.nationalturk.com\/tr\/wp-content\/uploads\/2026\/04\/1F839530-704A-4FE1-B118-078C07E561C0.mp4<\/a><\/video><\/div>\n","protected":false},"excerpt":{"rendered":"<p>Eski\u015fehir\u2019de \u00e7ocuktan ya\u015fl\u0131ya darp Eski\u015fehir&#8217;in Odunpazar\u0131 il\u00e7esi \u0130stiklal Mahallesi 2 Eyl\u00fcl Caddesi \u00fczerinde daha \u00f6nceden birbirini tan\u0131yan 14 ya\u015f\u0131ndaki F.B.A. ile 70 ya\u015f\u0131ndaki C.Y. aras\u0131nda ya\u015fanan tart\u0131\u015fman\u0131n sonucunda \u00e7ocuk ya\u015fl\u0131 adama sald\u0131rd\u0131. \u00c7ocuk ile ya\u015fl\u0131 adam aras\u0131nda \u00e7\u0131kan tart\u0131\u015fmada \u00e7ocuk ya\u015fl\u0131 \u015fahsa yumruk att\u0131. Yumrukla beraber yere y\u0131\u011f\u0131lan ya\u015fl\u0131 adam\u0131n burnu kanad\u0131. \u00c7evredeki vatanda\u015flar ya\u015fl\u0131 &hellip;<\/p>\n","protected":false},"author":9192229,"featured_media":309272,"comment_status":"closed","ping_status":"closed","sticky":false,"template":"","format":"standard","meta":{"_acf_changed":false,"footnotes":""},"categories":[220549,6805,342],"tags":[222521,8985,222900],"class_list":["post-309270","post","type-post","status-publish","format-standard","has-post-thumbnail","hentry","category-haber","category-turkiye","category-video","tag-darp","tag-eskisehir","tag-eskisehir-il-emniyet-mudurlugu"],"acf":[],"_links":{"self":[{"href":"https:\/\/www.nationalturk.com\/tr\/wp-json\/wp\/v2\/posts\/309270","targetHints":{"allow":["GET"]}}],"collection":[{"href":"https:\/\/www.nationalturk.com\/tr\/wp-json\/wp\/v2\/posts"}],"about":[{"href":"https:\/\/www.nationalturk.com\/tr\/wp-json\/wp\/v2\/types\/post"}],"author":[{"embeddable":true,"href":"https:\/\/www.nationalturk.com\/tr\/wp-json\/wp\/v2\/users\/9192229"}],"replies":[{"embeddable":true,"href":"https:\/\/www.nationalturk.com\/tr\/wp-json\/wp\/v2\/comments?post=309270"}],"version-history":[{"count":1,"href":"https:\/\/www.nationalturk.com\/tr\/wp-json\/wp\/v2\/posts\/309270\/revisions"}],"predecessor-version":[{"id":309277,"href":"https:\/\/www.nationalturk.com\/tr\/wp-json\/wp\/v2\/posts\/309270\/revisions\/309277"}],"wp:featuredmedia":[{"embeddable":true,"href":"https:\/\/www.nationalturk.com\/tr\/wp-json\/wp\/v2\/media\/309272"}],"wp:attachment":[{"href":"https:\/\/www.nationalturk.com\/tr\/wp-json\/wp\/v2\/media?parent=309270"}],"wp:term":[{"taxonomy":"category","embeddable":true,"href":"https:\/\/www.nationalturk.com\/tr\/wp-json\/wp\/v2\/categories?post=309270"},{"taxonomy":"post_tag","embeddable":true,"href":"https:\/\/www.nationalturk.com\/tr\/wp-json\/wp\/v2\/tags?post=309270"}],"curies":[{"name":"wp","href":"https:\/\/api.w.org\/{rel}","templated":true}]}}