{"id":309280,"date":"2026-04-27T22:09:12","date_gmt":"2026-04-27T19:09:12","guid":{"rendered":"https:\/\/www.nationalturk.com\/tr\/?p=309280"},"modified":"2026-04-27T22:10:16","modified_gmt":"2026-04-27T19:10:16","slug":"muglada-akran-zorbaligi-kamerada","status":"publish","type":"post","link":"https:\/\/www.nationalturk.com\/tr\/muglada-akran-zorbaligi-kamerada\/","title":{"rendered":"Mu\u011fla&#8217;da akran zorbal\u0131\u011f\u0131 kamerada"},"content":{"rendered":"<h2><a href=\"https:\/\/www.nationalturk.com\/tr\/muglada-akran-zorbaligi-kamerada\/\">Mu\u011fla<\/a>&#8216;da <a href=\"https:\/\/www.nationalturk.com\/tr\/eskisehirde-cocuk-yasli-adami-darp-etti\/\">darp<\/a><\/h2>\n<p>Mu\u011fla&#8217;n\u0131n Ortaca il\u00e7esinde lise \u00f6\u011frencisi oldu\u011fu ileri s\u00fcr\u00fclen 2 k\u0131z, kendilerinden k\u00fc\u00e7\u00fck bir k\u0131za evire \u00e7evire d\u00f6v\u00fcp <a href=\"http:\/\/\u015fiddet\">\u015fiddet<\/a> uygulad\u0131klar\u0131 anlar\u0131n g\u00f6r\u00fcnt\u00fclerini kaydettiler. O korkun\u00e7 anlar g\u00f6renlerin kan\u0131n\u0131 dondurdu.<\/p>\n<p><img loading=\"lazy\" decoding=\"async\" class=\"alignnone wp-image-309281 size-medium\" src=\"https:\/\/www.nationalturk.com\/tr\/wp-content\/uploads\/2026\/04\/zorbalik-800x450.jpg\" alt=\"Mu\u011fla&#039;da akran zorbal\u0131\u011f\u0131 kamerada\" width=\"800\" height=\"450\" title=\"\" srcset=\"https:\/\/www.nationalturk.com\/tr\/wp-content\/uploads\/2026\/04\/zorbalik-800x450.jpg 800w, https:\/\/www.nationalturk.com\/tr\/wp-content\/uploads\/2026\/04\/zorbalik-1024x576.jpg 1024w, https:\/\/www.nationalturk.com\/tr\/wp-content\/uploads\/2026\/04\/zorbalik-200x113.jpg 200w, https:\/\/www.nationalturk.com\/tr\/wp-content\/uploads\/2026\/04\/zorbalik-390x220.jpg 390w, https:\/\/www.nationalturk.com\/tr\/wp-content\/uploads\/2026\/04\/zorbalik.jpg 1280w\" sizes=\"auto, (max-width: 800px) 100vw, 800px\" \/><\/p>\n<p>Kendilerinden ya\u015f\u00e7a k\u00fc\u00e7\u00fck bir k\u0131z\u0131 metruk bir alana g\u00f6t\u00fcren 3 k\u0131z \u00f6\u011frenci tek ba\u015f\u0131na olan k\u0131z\u0131 feci \u015fekilde darp etti. 2 k\u0131z darp\u0131 yaparken di\u011feri de ger\u00e7ekle\u015ftirdikleri akran zorbal\u0131\u011f\u0131n\u0131 kayda ald\u0131.<\/p>\n<p>Erkek meselesi y\u00fcz\u00fcnden kendilerinden ya\u015f\u00e7a k\u00fc\u00e7\u00fck bir k\u0131z\u0131 d\u00f6ven k\u0131zlar bu korkun\u00e7 anlar\u0131 telefon ile saniye saniye kaydetti. D\u00f6vd\u00fckleri k\u0131z\u0131 &#8220;\u015fikayet\u00e7i olursan seni daha k\u00f6t\u00fc d\u00f6veriz&#8221; diye tehdit eden k\u0131zlar\u0131n bu g\u00f6r\u00fcnt\u00fcleri izleyenlerin adeta kan\u0131n\u0131 dondurdu.<\/p>\n<div style=\"width: 512px;\" class=\"wp-video\"><video class=\"wp-video-shortcode\" id=\"video-309280-1\" width=\"512\" height=\"288\" preload=\"metadata\" controls=\"controls\"><source type=\"video\/mp4\" src=\"https:\/\/www.nationalturk.com\/tr\/wp-content\/uploads\/2026\/04\/87151928-07FD-4BA1-A876-8639C2169CB7.mp4?_=1\" \/><a href=\"https:\/\/www.nationalturk.com\/tr\/wp-content\/uploads\/2026\/04\/87151928-07FD-4BA1-A876-8639C2169CB7.mp4\">https:\/\/www.nationalturk.com\/tr\/wp-content\/uploads\/2026\/04\/87151928-07FD-4BA1-A876-8639C2169CB7.mp4<\/a><\/video><\/div>\n","protected":false},"excerpt":{"rendered":"<p>Mu\u011fla&#8216;da darp Mu\u011fla&#8217;n\u0131n Ortaca il\u00e7esinde lise \u00f6\u011frencisi oldu\u011fu ileri s\u00fcr\u00fclen 2 k\u0131z, kendilerinden k\u00fc\u00e7\u00fck bir k\u0131za evire \u00e7evire d\u00f6v\u00fcp \u015fiddet uygulad\u0131klar\u0131 anlar\u0131n g\u00f6r\u00fcnt\u00fclerini kaydettiler. O korkun\u00e7 anlar g\u00f6renlerin kan\u0131n\u0131 dondurdu. Kendilerinden ya\u015f\u00e7a k\u00fc\u00e7\u00fck bir k\u0131z\u0131 metruk bir alana g\u00f6t\u00fcren 3 k\u0131z \u00f6\u011frenci tek ba\u015f\u0131na olan k\u0131z\u0131 feci \u015fekilde darp etti. 2 k\u0131z darp\u0131 yaparken di\u011feri &hellip;<\/p>\n","protected":false},"author":9192229,"featured_media":309283,"comment_status":"closed","ping_status":"closed","sticky":false,"template":"","format":"standard","meta":{"_acf_changed":false,"footnotes":""},"categories":[220549,6805,342],"tags":[222901,222521,702],"class_list":["post-309280","post","type-post","status-publish","format-standard","has-post-thumbnail","hentry","category-haber","category-turkiye","category-video","tag-akran-zorbaligi","tag-darp","tag-mugla"],"acf":[],"_links":{"self":[{"href":"https:\/\/www.nationalturk.com\/tr\/wp-json\/wp\/v2\/posts\/309280","targetHints":{"allow":["GET"]}}],"collection":[{"href":"https:\/\/www.nationalturk.com\/tr\/wp-json\/wp\/v2\/posts"}],"about":[{"href":"https:\/\/www.nationalturk.com\/tr\/wp-json\/wp\/v2\/types\/post"}],"author":[{"embeddable":true,"href":"https:\/\/www.nationalturk.com\/tr\/wp-json\/wp\/v2\/users\/9192229"}],"replies":[{"embeddable":true,"href":"https:\/\/www.nationalturk.com\/tr\/wp-json\/wp\/v2\/comments?post=309280"}],"version-history":[{"count":2,"href":"https:\/\/www.nationalturk.com\/tr\/wp-json\/wp\/v2\/posts\/309280\/revisions"}],"predecessor-version":[{"id":309286,"href":"https:\/\/www.nationalturk.com\/tr\/wp-json\/wp\/v2\/posts\/309280\/revisions\/309286"}],"wp:featuredmedia":[{"embeddable":true,"href":"https:\/\/www.nationalturk.com\/tr\/wp-json\/wp\/v2\/media\/309283"}],"wp:attachment":[{"href":"https:\/\/www.nationalturk.com\/tr\/wp-json\/wp\/v2\/media?parent=309280"}],"wp:term":[{"taxonomy":"category","embeddable":true,"href":"https:\/\/www.nationalturk.com\/tr\/wp-json\/wp\/v2\/categories?post=309280"},{"taxonomy":"post_tag","embeddable":true,"href":"https:\/\/www.nationalturk.com\/tr\/wp-json\/wp\/v2\/tags?post=309280"}],"curies":[{"name":"wp","href":"https:\/\/api.w.org\/{rel}","templated":true}]}}