{"id":309282,"date":"2026-04-27T23:04:17","date_gmt":"2026-04-27T20:04:17","guid":{"rendered":"https:\/\/www.nationalturk.com\/tr\/?p=309282"},"modified":"2026-04-27T23:04:17","modified_gmt":"2026-04-27T20:04:17","slug":"doruk-madencilik-iscileri-eyle-son-durum","status":"publish","type":"post","link":"https:\/\/www.nationalturk.com\/tr\/doruk-madencilik-iscileri-eyle-son-durum\/","title":{"rendered":"Doruk Madencilik i\u015f\u00e7ileri i\u00e7in Meclis\u2019e \u00f6nerge"},"content":{"rendered":"<p>Eski\u015fehir\u2019den Ankara\u2019ya y\u00fcr\u00fcyerek hak aray\u0131\u015f\u0131n\u0131 s\u00fcrd\u00fcren Doruk Madencilik i\u015f\u00e7ilerinin m\u00fccadelesi, farkl\u0131 kentlerden gelen desteklerle b\u00fcy\u00fcrken konu T\u00fcrkiye B\u00fcy\u00fck Millet Meclisi\u2019ne de ta\u015f\u0131nd\u0131. CHP Enerji ve Tabii Kaynaklar Politika Kurulu Ba\u015fkan\u0131 \u00dcmit \u00d6zlale, madencilerin ya\u015fad\u0131\u011f\u0131 hak kay\u0131plar\u0131n\u0131n ara\u015ft\u0131r\u0131lmas\u0131 i\u00e7in resmi \u00f6nerge sundu. \u0130\u015f\u00e7ilerin a\u00e7l\u0131k greviyle devam eden direni\u015fi, yaln\u0131zca \u00f6denmeyen maa\u015f ve tazminatlarla de\u011fil, madencilik sekt\u00f6r\u00fcndeki yap\u0131sal sorunlarla birlikte g\u00fcndeme geldi.<\/p>\n<h2><strong>Doruk Madencilik i\u015f\u00e7ilerinin hak kay\u0131plar\u0131 i\u00e7in ara\u015ft\u0131rma istendi<\/strong><\/h2>\n<p>CHP Enerji ve Tabii Kaynaklar Politika Kurulu Ba\u015fkan\u0131 \u00dcmit \u00d6zlale\u2019nin TBMM Ba\u015fkanl\u0131\u011f\u0131\u2019na sundu\u011fu \u00f6nergede, Doruk Madencilik i\u015f\u00e7ilerinin uzun s\u00fcredir alamad\u0131\u011f\u0131 \u00fccret ve tazminat haklar\u0131 ele al\u0131nd\u0131.<\/p>\n<p>\u00d6nergede, i\u015f\u00e7ilerin \u00fccretsiz izne zorland\u0131\u011f\u0131 ve sendikal bask\u0131lara maruz kald\u0131\u011f\u0131 iddialar\u0131 da yer ald\u0131. Sorunun yaln\u0131zca tek bir i\u015fletmeyle s\u0131n\u0131rl\u0131 olmad\u0131\u011f\u0131, madencilik sekt\u00f6r\u00fcnde \u00f6zelle\u015ftirme ve r\u00f6dovans sistemi sonras\u0131 i\u015f\u00e7i haklar\u0131nda ciddi sorunlar ya\u015fand\u0131\u011f\u0131 belirtildi.<\/p>\n<h2><strong>Eski\u015fehir\u2019den Ankara\u2019ya uzanan direni\u015f<\/strong><\/h2>\n<p>Doruk Madencilik i\u015f\u00e7ileri, haklar\u0131n\u0131 almak i\u00e7in Eski\u015fehir\u2019den Ankara\u2019ya y\u00fcr\u00fcd\u00fc. Ankara\u2019da eylemlerini s\u00fcrd\u00fcren i\u015f\u00e7iler, a\u00e7l\u0131k grevine ba\u015flad\u0131.<\/p>\n<p>\u00d6nergede, i\u015f\u00e7ilerin taleplerine ra\u011fmen sorunun \u00e7\u00f6z\u00fclmedi\u011fi ve s\u00fcrecin devam etti\u011fi vurguland\u0131. Sorumlular\u0131n tespit edilmesi, benzer ma\u011fduriyetlerin \u00f6n\u00fcne ge\u00e7ilmesi ve gerekli yasal ile idari d\u00fczenlemelerin yap\u0131lmas\u0131 istendi.<\/p>\n<h2><strong>\u0130zmir Barosu i\u015f\u00e7ileri ziyaret etti<\/strong><\/h2>\n<p>Doruk <a title=\"Maden haberleri\" href=\"https:\/\/www.kadikoypostasi.com\/?s=maden\" target=\"_blank\" rel=\"noopener\">Maden<\/a>cilik i\u015f\u00e7ilerine bir destek de \u0130zmir Barosu\u2019ndan geldi. \u0130zmir Barosu ad\u0131na \u0130\u015f ve Sosyal G\u00fcvenlik Hukukundan Sorumlu Y\u00f6netim Kurulu \u00dcyesi Av. Aylin Aras \u00d6zt\u00fcrk, Ankara\u2019da a\u00e7l\u0131k grevindeki i\u015f\u00e7ileri ziyaret etti.<\/p>\n<p>Ziyarette, i\u015f\u00e7ilerin yaln\u0131zca \u00fccretlerini de\u011fil, sosyal haklar\u0131n\u0131 ve insan onuruna yara\u015f\u0131r bir ya\u015fam\u0131 talep ettikleri vurguland\u0131.<\/p>\n<h3><strong>\u201c\u0130\u015f\u00e7ilerin \u00fccretleri derhal \u00f6denmelidir\u201d<\/strong><\/h3>\n<p>Av. Aylin Aras \u00d6zt\u00fcrk, ziyarette yapt\u0131\u011f\u0131 a\u00e7\u0131klamada i\u015f\u00e7ilerin ya\u015fad\u0131\u011f\u0131 tabloya tepki g\u00f6sterdi.<\/p>\n<p>\u00d6zt\u00fcrk, \u201cBug\u00fcn burada ger\u00e7ekten utan\u00e7 verici bir tabloyla kar\u015f\u0131 kar\u015f\u0131yay\u0131z. \u0130\u015f\u00e7ileri ve ailelerini aylard\u0131r \u00f6denmeyen \u00fccretlerle a\u011f\u0131r ya\u015fam ko\u015fullar\u0131na mahk\u00fbm eden sermayenin, 23 Nisan\u2019da \u00e7ocuklara ili\u015fkin reklam filmleriyle kamuoyu \u00f6n\u00fcne \u00e7\u0131kmas\u0131 b\u00fcy\u00fck bir \u00e7eli\u015fkidir. \u00c7ocuklar\u0131n \u00fcst\u00fcn yarar\u0131ndan s\u00f6z edebilmek i\u00e7in, \u00f6ncelikle emek\u00e7ilerin \u00fccretlerinin \u00f6demesi, \u00e7ocuklar\u0131n e\u011fitim, sa\u011fl\u0131k, beslenme ve bar\u0131nma gibi temel haklara eri\u015fiminin g\u00fcvence alt\u0131na almas\u0131 gerekti\u011fini buradan hat\u0131rlat\u0131yoruz. G\u00fcnlerdir hak m\u00fccadelesi veren <a title=\"Doruk Madencilik i\u015f\u00e7ileri Ankara\u2019dan ayr\u0131lm\u0131yor!\" href=\"https:\/\/www.nationalturk.com\/tr\/doruk-madencilik-iscileri-grev-son-durum\/\" target=\"_blank\" rel=\"noopener\">Doruk Madencilik<\/a> i\u015f\u00e7ilerinin yan\u0131nday\u0131z. \u0130\u015f\u00e7ilerin \u00fccretleri, sosyal haklar\u0131 ve gasp edilen t\u00fcm alacaklar\u0131 derhal \u00f6denmelidir.\u201d dedi.<\/p>\n<h3><strong>\u201cGit dava a\u00e7\u201d tepkisi<\/strong><\/h3>\n<p>\u0130\u015f\u00e7iler, ziyaret s\u0131ras\u0131nda baz\u0131 i\u015f\u00e7ilere i\u015fveren taraf\u0131ndan \u201cgidin dava a\u00e7\u0131n, hakk\u0131n\u0131z\u0131 mahkemede aray\u0131n\u201d denildi\u011fini aktard\u0131. Mahkemeye ba\u015fvuran i\u015f\u00e7ilerin davalar\u0131n\u0131 kazanmalar\u0131na ra\u011fmen alacaklar\u0131n\u0131 tahsil edemediklerini belirtti.<\/p>\n<p>\u0130\u015f\u00e7iler, \u015firketin paravan yap\u0131lar ve i\u00e7i bo\u015f \u015firketler \u00fczerinden sorumluluktan ka\u00e7maya \u00e7al\u0131\u015ft\u0131\u011f\u0131n\u0131 \u00f6ne s\u00fcrd\u00fc.<\/p>\n<p>Av. \u00d6zt\u00fcrk ise bu yakla\u015f\u0131m\u0131n hakk\u0131 teslim etmek anlam\u0131na gelmedi\u011fini s\u00f6yledi.<\/p>\n<p>\u00d6zt\u00fcrk, \u201c\u0130\u015f\u00e7iye \u2018git dava a\u00e7\u2019 demek, hele ki kazan\u0131lm\u0131\u015f davalara ra\u011fmen alacaklar\u0131n tahsil edilemedi\u011fi bir d\u00fczende, hakk\u0131 teslim etmek de\u011fil, i\u015f\u00e7iyi y\u0131llara yay\u0131lan yarg\u0131 s\u00fcre\u00e7lerine mahk\u00fbm etmek, direni\u015ften, dayan\u0131\u015fmadan ve \u00f6rg\u00fctl\u00fc m\u00fccadeleden uzakla\u015ft\u0131rmakt\u0131r. Eme\u011fin kar\u015f\u0131l\u0131\u011f\u0131n\u0131n \u00f6denmemesi, i\u015f\u00e7ilerin ve ailelerinin a\u00e7l\u0131kla s\u0131nanmas\u0131, yarg\u0131 kararlar\u0131na ra\u011fmen alacaklar\u0131n tahsil edilememesi hukuk devleti ilkesiyle ba\u011fda\u015fmamaktad\u0131r\u201d dedi.<\/p>\n<h4><strong>Hopa\u2019dan destek a\u00e7\u0131klamas\u0131<\/strong><\/h4>\n<p>Doruk Madencilik i\u015f\u00e7ileri i\u00e7in Hopa\u2019da da destek a\u00e7\u0131klamas\u0131 yap\u0131ld\u0131. Umut-Sen\u2019in \u00e7a\u011fr\u0131s\u0131yla Hopa Park\u0131\u2019nda oturma eylemi d\u00fczenlendi.<\/p>\n<p>Eylemin ard\u0131ndan Umut-Sen Karadeniz Temsilcisi Serpil Hac\u0131murato\u011flu bas\u0131n a\u00e7\u0131klamas\u0131n\u0131 okudu. A\u00e7\u0131klamada, Doruk Madencilik i\u015f\u00e7ilerinin hak gasplar\u0131na ili\u015fkin raporun kamuoyu ve 600 milletvekiliyle payla\u015f\u0131ld\u0131\u011f\u0131, ancak \u00e7\u00f6z\u00fcm i\u00e7in ad\u0131m at\u0131lmad\u0131\u011f\u0131 belirtildi.<\/p>\n<h4><strong>\u201cMadenciler yaln\u0131zca Eski\u015fehir\u2019de ma\u011fdur edilmedi\u201d<\/strong><\/h4>\n<p>A\u00e7\u0131klamada, Y\u0131ld\u0131zlar SSS Holding\u2019in madeni devrald\u0131\u011f\u0131 d\u00f6nemde yakla\u015f\u0131k 1200 madencinin \u00e7al\u0131\u015ft\u0131\u011f\u0131, bu say\u0131n\u0131n zamanla 250\u2019ye kadar d\u00fc\u015ft\u00fc\u011f\u00fc ifade edildi.<\/p>\n<p>Madencilerin kazand\u0131\u011f\u0131 davalara ve ba\u015flatt\u0131\u011f\u0131 icra s\u00fcre\u00e7lerine ra\u011fmen 4 y\u0131ld\u0131r \u00f6zl\u00fck haklar\u0131n\u0131n \u00f6denmedi\u011fi belirtildi. \u0130\u00e7eride bulunan 250 i\u015f\u00e7iden yakla\u015f\u0131k 200\u2019\u00fcn\u00fcn zorla \u00fccretsiz izne \u00e7\u0131kar\u0131ld\u0131\u011f\u0131, son 5 ayd\u0131r maa\u015flar\u0131n \u00f6denmedi\u011fi kaydedildi.<\/p>\n<p>A\u00e7\u0131klamada, benzer sorunlar\u0131n yaln\u0131zca Eski\u015fehir\u2019de de\u011fil, K\u00fctahya, Elaz\u0131\u011f, \u00c7ank\u0131r\u0131, G\u00fcm\u00fc\u015fhane ve Bilecik\u2019teki i\u015fletmelerde de ya\u015fand\u0131\u011f\u0131 savunuldu.<\/p>\n<h4><strong>\u201cBu art\u0131k onur m\u00fccadelesi\u201d<\/strong><\/h4>\n<p>Hopa\u2019daki a\u00e7\u0131klamada, Doruk Madencilik i\u015f\u00e7ilerinin m\u00fccadelesinin yaln\u0131zca bir hak aray\u0131\u015f\u0131 olmad\u0131\u011f\u0131 belirtildi.<\/p>\n<p>A\u00e7\u0131klamada, \u201cMadencilerin m\u00fccadelesi art\u0131k yaln\u0131zca bir hak m\u00fccadelesi de\u011fil, ayn\u0131 zamanda bir onur ve haysiyet m\u00fccadelesidir. Her t\u00fcrl\u00fc hile ve yalana kar\u015f\u0131 ba\u015flat\u0131lan bu direni\u015fin mutlaka kazanaca\u011f\u0131na inan\u0131yoruz. Madencileri a\u00e7l\u0131\u011fa mahk\u00fbm etmeye \u00e7al\u0131\u015fanlar bilmelidir ki a\u00e7l\u0131kla korkutamazs\u0131n\u0131z. Doruk Madencilik i\u015f\u00e7ileri asla yaln\u0131z de\u011fildir. TMSF\u2019yi, Enerji Bakanl\u0131\u011f\u0131\u2019n\u0131, \u00c7al\u0131\u015fma Bakanl\u0131\u011f\u0131\u2019n\u0131, Y\u0131ld\u0131zlar SSS Holding\u2019in sahibi Sabahattin Y\u0131ld\u0131z\u2019\u0131 ve y\u0131llar \u00f6nce s\u00f6z veren milletvekillerini bu sorunu \u00e7\u00f6zmeye \u00e7a\u011f\u0131r\u0131yoruz.\u201d denildi.<\/p>\n<h5><strong>Bakanl\u0131k \u00f6n\u00fcndeki barikat ele\u015ftirildi<\/strong><\/h5>\n<p>A\u00e7\u0131klamada, madencilerin Enerji Bakanl\u0131\u011f\u0131\u2019na y\u00fcr\u00fcy\u00fc\u015f\u00fc s\u0131ras\u0131nda \u00f6nlerine kurulan barikata da tepki g\u00f6sterildi.<\/p>\n<p>\u201cMadencilerin bug\u00fcn Enerji Bakanl\u0131\u011f\u0131\u2019na y\u00fcr\u00fcrken \u00f6nlerine kurulan barikat, holdinglerin barikat\u0131d\u0131r. A\u00e7l\u0131k grevindeki madencilere sald\u0131ran, biber gaz\u0131 kullanan polis, holdingleri mi korumaktad\u0131r? Bug\u00fcn madenciler Kurtulu\u015f Park\u0131\u2019nda abluka alt\u0131ndad\u0131r. Kimseyle konu\u015fmamakta, kimseyle g\u00f6r\u00fc\u015ft\u00fcr\u00fclmemektedirler. Buradan t\u00fcm T\u00fcrkiye\u2019ye sesleniyoruz: Madencilerin sesi olun, bulundu\u011funuz her yerde bu ablukaya ve bu haks\u0131zl\u0131\u011fa kar\u015f\u0131 ses \u00e7\u0131kar\u0131n.\u201d ifadeleri kullan\u0131ld\u0131.<\/p>\n<p><iframe loading=\"lazy\" title=\"Doruk Madencilik i\u015f\u00e7ilerinin, Enerji ve Tabii Kaynaklar Bakanl\u0131\u011f\u0131\u2019na y\u00fcr\u00fcy\u00fc\u015f\u00fcne izin verilmiyor\" src=\"https:\/\/www.youtube.com\/embed\/IRVrSdFZmXs\" width=\"951\" height=\"535\" frameborder=\"0\" allowfullscreen=\"allowfullscreen\"><\/iframe><\/p>\n","protected":false},"excerpt":{"rendered":"<p>Doruk Madencilik i\u015f\u00e7ilerinin aylard\u0131r s\u00fcren hak m\u00fccadelesi Meclis g\u00fcndemine ta\u015f\u0131nd\u0131. <\/p>\n","protected":false},"author":9192226,"featured_media":309297,"comment_status":"closed","ping_status":"closed","sticky":false,"template":"","format":"standard","meta":{"_acf_changed":false,"footnotes":""},"categories":[220549],"tags":[15848,1688,222879,8985,131870,222904,222880,55995,222903,222905],"class_list":["post-309282","post","type-post","status-publish","format-standard","has-post-thumbnail","hentry","category-haber","tag-aclik-grevi","tag-ankara","tag-doruk-madencilik","tag-eskisehir","tag-isci","tag-izmir-barosu","tag-madenci","tag-tazminat","tag-umit-ozlale","tag-umut-sen"],"acf":[],"_links":{"self":[{"href":"https:\/\/www.nationalturk.com\/tr\/wp-json\/wp\/v2\/posts\/309282","targetHints":{"allow":["GET"]}}],"collection":[{"href":"https:\/\/www.nationalturk.com\/tr\/wp-json\/wp\/v2\/posts"}],"about":[{"href":"https:\/\/www.nationalturk.com\/tr\/wp-json\/wp\/v2\/types\/post"}],"author":[{"embeddable":true,"href":"https:\/\/www.nationalturk.com\/tr\/wp-json\/wp\/v2\/users\/9192226"}],"replies":[{"embeddable":true,"href":"https:\/\/www.nationalturk.com\/tr\/wp-json\/wp\/v2\/comments?post=309282"}],"version-history":[{"count":1,"href":"https:\/\/www.nationalturk.com\/tr\/wp-json\/wp\/v2\/posts\/309282\/revisions"}],"predecessor-version":[{"id":309299,"href":"https:\/\/www.nationalturk.com\/tr\/wp-json\/wp\/v2\/posts\/309282\/revisions\/309299"}],"wp:featuredmedia":[{"embeddable":true,"href":"https:\/\/www.nationalturk.com\/tr\/wp-json\/wp\/v2\/media\/309297"}],"wp:attachment":[{"href":"https:\/\/www.nationalturk.com\/tr\/wp-json\/wp\/v2\/media?parent=309282"}],"wp:term":[{"taxonomy":"category","embeddable":true,"href":"https:\/\/www.nationalturk.com\/tr\/wp-json\/wp\/v2\/categories?post=309282"},{"taxonomy":"post_tag","embeddable":true,"href":"https:\/\/www.nationalturk.com\/tr\/wp-json\/wp\/v2\/tags?post=309282"}],"curies":[{"name":"wp","href":"https:\/\/api.w.org\/{rel}","templated":true}]}}