{"id":309287,"date":"2026-04-27T22:19:54","date_gmt":"2026-04-27T19:19:54","guid":{"rendered":"https:\/\/www.nationalturk.com\/tr\/?p=309287"},"modified":"2026-04-27T22:19:54","modified_gmt":"2026-04-27T19:19:54","slug":"tokatta-kene-can-aldi","status":"publish","type":"post","link":"https:\/\/www.nationalturk.com\/tr\/tokatta-kene-can-aldi\/","title":{"rendered":"Tokat&#8217;ta kene can ald\u0131"},"content":{"rendered":"<h2><a href=\"https:\/\/www.nationalturk.com\/tr\/tokatta-motosikletiyle-dev-ceza\/\">Tokat<\/a>&#8216;ta korkutan olay<\/h2>\n<p>Tokat&#8217;ta 21 ya\u015f\u0131ndaki gen\u00e7 K\u0131r\u0131m Kongo Kanamal\u0131 Ate\u015fi (KKKA) nedeniyle vefat etti. Hayat\u0131n\u0131 kaybeden gen\u00e7 \u00a0memleketi Zile&#8217;de son yolculu\u011funa u\u011furland\u0131.<\/p>\n<p><img loading=\"lazy\" decoding=\"async\" class=\"aligncenter wp-image-309288 size-medium\" src=\"https:\/\/www.nationalturk.com\/tr\/wp-content\/uploads\/2026\/04\/AW692375_03-726x500.jpg\" alt=\"Tokat&#039;ta korkutan olay\" width=\"726\" height=\"500\" title=\"\" srcset=\"https:\/\/www.nationalturk.com\/tr\/wp-content\/uploads\/2026\/04\/AW692375_03-726x500.jpg 726w, https:\/\/www.nationalturk.com\/tr\/wp-content\/uploads\/2026\/04\/AW692375_03-1024x705.jpg 1024w, https:\/\/www.nationalturk.com\/tr\/wp-content\/uploads\/2026\/04\/AW692375_03-200x138.jpg 200w, https:\/\/www.nationalturk.com\/tr\/wp-content\/uploads\/2026\/04\/AW692375_03-1536x1058.jpg 1536w, https:\/\/www.nationalturk.com\/tr\/wp-content\/uploads\/2026\/04\/AW692375_03.jpg 2000w\" sizes=\"auto, (max-width: 726px) 100vw, 726px\" \/><\/p>\n<p>Hayvanc\u0131l\u0131kla u\u011fra\u015fan S.G, v\u00fccuduna <a href=\"http:\/\/kene\">kene<\/a> yap\u0131\u015fmas\u0131 nedeniyle rahats\u0131zlanarak hastaneye ba\u015fvurdu. Gen\u00e7 bu s\u00fcre\u00e7te KKKA \u015f\u00fcphesiyle tedavi alt\u0131na al\u0131nd\u0131. Durumunun a\u011f\u0131rla\u015fmas\u0131 \u00fczerine Sivas Cumhuriyet \u00dcniversitesi Hastanesi&#8217;ne sevk edilen gen\u00e7, t\u00fcm m\u00fcdahalelerine ra\u011fmen kurtar\u0131lamad\u0131.<\/p>\n<p>S.G&#8217;nin cenazesi, memleketi Evrenk\u00f6y&#8217;e getirildi. Gencin cenazesi g\u00fcvenlik \u00f6nlemi nedeniyle cenaze arac\u0131ndan \u00e7\u0131kar\u0131lmad\u0131. Vefat eden gen\u00e7 cenaze namaz\u0131n\u0131n ard\u0131ndan gen\u00e7, mezarl\u0131\u011f\u0131nda defnedildi.<\/p>\n<div style=\"width: 512px;\" class=\"wp-video\"><video class=\"wp-video-shortcode\" id=\"video-309287-1\" width=\"512\" height=\"288\" preload=\"metadata\" controls=\"controls\"><source type=\"video\/mp4\" src=\"https:\/\/www.nationalturk.com\/tr\/wp-content\/uploads\/2026\/04\/ABAD9D55-5388-43A9-9943-0D363B861ECD.mp4?_=1\" \/><a href=\"https:\/\/www.nationalturk.com\/tr\/wp-content\/uploads\/2026\/04\/ABAD9D55-5388-43A9-9943-0D363B861ECD.mp4\">https:\/\/www.nationalturk.com\/tr\/wp-content\/uploads\/2026\/04\/ABAD9D55-5388-43A9-9943-0D363B861ECD.mp4<\/a><\/video><\/div>\n","protected":false},"excerpt":{"rendered":"<p>Tokat&#8216;ta korkutan olay Tokat&#8217;ta 21 ya\u015f\u0131ndaki gen\u00e7 K\u0131r\u0131m Kongo Kanamal\u0131 Ate\u015fi (KKKA) nedeniyle vefat etti. Hayat\u0131n\u0131 kaybeden gen\u00e7 \u00a0memleketi Zile&#8217;de son yolculu\u011funa u\u011furland\u0131. Hayvanc\u0131l\u0131kla u\u011fra\u015fan S.G, v\u00fccuduna kene yap\u0131\u015fmas\u0131 nedeniyle rahats\u0131zlanarak hastaneye ba\u015fvurdu. Gen\u00e7 bu s\u00fcre\u00e7te KKKA \u015f\u00fcphesiyle tedavi alt\u0131na al\u0131nd\u0131. Durumunun a\u011f\u0131rla\u015fmas\u0131 \u00fczerine Sivas Cumhuriyet \u00dcniversitesi Hastanesi&#8217;ne sevk edilen gen\u00e7, t\u00fcm m\u00fcdahalelerine ra\u011fmen kurtar\u0131lamad\u0131. &hellip;<\/p>\n","protected":false},"author":9192229,"featured_media":309290,"comment_status":"closed","ping_status":"closed","sticky":false,"template":"","format":"standard","meta":{"_acf_changed":false,"footnotes":""},"categories":[220549,6805,342],"tags":[222451,6951],"class_list":["post-309287","post","type-post","status-publish","format-standard","has-post-thumbnail","hentry","category-haber","category-turkiye","category-video","tag-kene","tag-tokat"],"acf":[],"_links":{"self":[{"href":"https:\/\/www.nationalturk.com\/tr\/wp-json\/wp\/v2\/posts\/309287","targetHints":{"allow":["GET"]}}],"collection":[{"href":"https:\/\/www.nationalturk.com\/tr\/wp-json\/wp\/v2\/posts"}],"about":[{"href":"https:\/\/www.nationalturk.com\/tr\/wp-json\/wp\/v2\/types\/post"}],"author":[{"embeddable":true,"href":"https:\/\/www.nationalturk.com\/tr\/wp-json\/wp\/v2\/users\/9192229"}],"replies":[{"embeddable":true,"href":"https:\/\/www.nationalturk.com\/tr\/wp-json\/wp\/v2\/comments?post=309287"}],"version-history":[{"count":1,"href":"https:\/\/www.nationalturk.com\/tr\/wp-json\/wp\/v2\/posts\/309287\/revisions"}],"predecessor-version":[{"id":309291,"href":"https:\/\/www.nationalturk.com\/tr\/wp-json\/wp\/v2\/posts\/309287\/revisions\/309291"}],"wp:featuredmedia":[{"embeddable":true,"href":"https:\/\/www.nationalturk.com\/tr\/wp-json\/wp\/v2\/media\/309290"}],"wp:attachment":[{"href":"https:\/\/www.nationalturk.com\/tr\/wp-json\/wp\/v2\/media?parent=309287"}],"wp:term":[{"taxonomy":"category","embeddable":true,"href":"https:\/\/www.nationalturk.com\/tr\/wp-json\/wp\/v2\/categories?post=309287"},{"taxonomy":"post_tag","embeddable":true,"href":"https:\/\/www.nationalturk.com\/tr\/wp-json\/wp\/v2\/tags?post=309287"}],"curies":[{"name":"wp","href":"https:\/\/api.w.org\/{rel}","templated":true}]}}