{"id":309292,"date":"2026-04-27T23:01:01","date_gmt":"2026-04-27T20:01:01","guid":{"rendered":"https:\/\/www.nationalturk.com\/tr\/?p=309292"},"modified":"2026-04-27T23:01:01","modified_gmt":"2026-04-27T20:01:01","slug":"orduda-belediyede-satirli-saldiri","status":"publish","type":"post","link":"https:\/\/www.nationalturk.com\/tr\/orduda-belediyede-satirli-saldiri\/","title":{"rendered":"Ordu&#8217;da belediyede sat\u0131rl\u0131 sald\u0131r\u0131"},"content":{"rendered":"<h2><a href=\"https:\/\/www.nationalturk.com\/tr\/ordu-hangi-ilceler-okullar-tatil-3-mart\/\">Ordu<\/a>&#8216;da belediyede feci olay<\/h2>\n<p>Ordu&#8217;da 21 Nisan g\u00fcn\u00fc saat 10.50&#8217;de Aybast\u0131 Belediyesi&#8217;ne giden Y.D isimli \u015fah\u0131s, belediye \u00e7al\u0131\u015fan\u0131 ve ba\u015fkan\u0131n sekreteri Adem Demirkale&#8217;ye baz\u0131 sorular sordu. Bir s\u00fcre sonra Y.D, Demirkale&#8217;nin ba\u015f\u0131na sat\u0131r\u0131n keskin k\u0131sm\u0131yla 2 kez vurarak <a href=\"http:\/\/yaralad\u0131\">yaralad\u0131<\/a>.<\/p>\n<p><img loading=\"lazy\" decoding=\"async\" class=\"alignnone wp-image-309293 size-medium\" src=\"https:\/\/www.nationalturk.com\/tr\/wp-content\/uploads\/2026\/04\/balta-800x450.jpg\" alt=\"Ordu&#039;da belediyede sat\u0131rl\u0131 sald\u0131r\u0131\" width=\"800\" height=\"450\" title=\"\" srcset=\"https:\/\/www.nationalturk.com\/tr\/wp-content\/uploads\/2026\/04\/balta-800x450.jpg 800w, https:\/\/www.nationalturk.com\/tr\/wp-content\/uploads\/2026\/04\/balta-1024x576.jpg 1024w, https:\/\/www.nationalturk.com\/tr\/wp-content\/uploads\/2026\/04\/balta-200x113.jpg 200w, https:\/\/www.nationalturk.com\/tr\/wp-content\/uploads\/2026\/04\/balta-390x220.jpg 390w, https:\/\/www.nationalturk.com\/tr\/wp-content\/uploads\/2026\/04\/balta.jpg 1280w\" sizes=\"auto, (max-width: 800px) 100vw, 800px\" \/><\/p>\n<p>Y.D isimli \u015fah\u0131s sekreterlik odas\u0131na gelerek ceketinin cebinden \u00e7\u0131kard\u0131\u011f\u0131 sat\u0131r\u0131n keskin k\u0131sm\u0131yla Demirkale&#8217;nin ba\u015f\u0131na 2 kez vurdu.<\/p>\n<p>Bu esnada Demirkale ve di\u011fer belediye \u00e7al\u0131\u015fanlar\u0131 \u015fahs\u0131 etkisiz hale getirdi. Ba\u015f\u0131ndan yaralanan Demirkale, olay yerindeki ilk m\u00fcdahalenin ard\u0131ndan ambulansla Fatsa&#8217;daki bir hastaneye sevk edildi.<\/p>\n<p>Olay\u0131 ger\u00e7ekle\u015ftiren \u015fah\u0131s tutuklanarak cezaevine g\u00f6nderildi.<\/p>\n<div style=\"width: 512px;\" class=\"wp-video\"><video class=\"wp-video-shortcode\" id=\"video-309292-1\" width=\"512\" height=\"288\" preload=\"metadata\" controls=\"controls\"><source type=\"video\/mp4\" src=\"https:\/\/www.nationalturk.com\/tr\/wp-content\/uploads\/2026\/04\/44710CF3-BD90-4270-B294-0B85809AE6CE.mp4?_=1\" \/><a href=\"https:\/\/www.nationalturk.com\/tr\/wp-content\/uploads\/2026\/04\/44710CF3-BD90-4270-B294-0B85809AE6CE.mp4\">https:\/\/www.nationalturk.com\/tr\/wp-content\/uploads\/2026\/04\/44710CF3-BD90-4270-B294-0B85809AE6CE.mp4<\/a><\/video><\/div>\n","protected":false},"excerpt":{"rendered":"<p>Ordu&#8216;da belediyede feci olay Ordu&#8217;da 21 Nisan g\u00fcn\u00fc saat 10.50&#8217;de Aybast\u0131 Belediyesi&#8217;ne giden Y.D isimli \u015fah\u0131s, belediye \u00e7al\u0131\u015fan\u0131 ve ba\u015fkan\u0131n sekreteri Adem Demirkale&#8217;ye baz\u0131 sorular sordu. Bir s\u00fcre sonra Y.D, Demirkale&#8217;nin ba\u015f\u0131na sat\u0131r\u0131n keskin k\u0131sm\u0131yla 2 kez vurarak yaralad\u0131. Y.D isimli \u015fah\u0131s sekreterlik odas\u0131na gelerek ceketinin cebinden \u00e7\u0131kard\u0131\u011f\u0131 sat\u0131r\u0131n keskin k\u0131sm\u0131yla Demirkale&#8217;nin ba\u015f\u0131na 2 kez &hellip;<\/p>\n","protected":false},"author":9192229,"featured_media":309295,"comment_status":"closed","ping_status":"closed","sticky":false,"template":"","format":"standard","meta":{"_acf_changed":false,"footnotes":""},"categories":[220549,6805,342],"tags":[2518,222902,222695],"class_list":["post-309292","post","type-post","status-publish","format-standard","has-post-thumbnail","hentry","category-haber","category-turkiye","category-video","tag-ordu","tag-satir","tag-yaralama"],"acf":[],"_links":{"self":[{"href":"https:\/\/www.nationalturk.com\/tr\/wp-json\/wp\/v2\/posts\/309292","targetHints":{"allow":["GET"]}}],"collection":[{"href":"https:\/\/www.nationalturk.com\/tr\/wp-json\/wp\/v2\/posts"}],"about":[{"href":"https:\/\/www.nationalturk.com\/tr\/wp-json\/wp\/v2\/types\/post"}],"author":[{"embeddable":true,"href":"https:\/\/www.nationalturk.com\/tr\/wp-json\/wp\/v2\/users\/9192229"}],"replies":[{"embeddable":true,"href":"https:\/\/www.nationalturk.com\/tr\/wp-json\/wp\/v2\/comments?post=309292"}],"version-history":[{"count":1,"href":"https:\/\/www.nationalturk.com\/tr\/wp-json\/wp\/v2\/posts\/309292\/revisions"}],"predecessor-version":[{"id":309296,"href":"https:\/\/www.nationalturk.com\/tr\/wp-json\/wp\/v2\/posts\/309292\/revisions\/309296"}],"wp:featuredmedia":[{"embeddable":true,"href":"https:\/\/www.nationalturk.com\/tr\/wp-json\/wp\/v2\/media\/309295"}],"wp:attachment":[{"href":"https:\/\/www.nationalturk.com\/tr\/wp-json\/wp\/v2\/media?parent=309292"}],"wp:term":[{"taxonomy":"category","embeddable":true,"href":"https:\/\/www.nationalturk.com\/tr\/wp-json\/wp\/v2\/categories?post=309292"},{"taxonomy":"post_tag","embeddable":true,"href":"https:\/\/www.nationalturk.com\/tr\/wp-json\/wp\/v2\/tags?post=309292"}],"curies":[{"name":"wp","href":"https:\/\/api.w.org\/{rel}","templated":true}]}}