{"id":309310,"date":"2026-04-28T21:22:11","date_gmt":"2026-04-28T18:22:11","guid":{"rendered":"https:\/\/www.nationalturk.com\/tr\/?p=309310"},"modified":"2026-04-28T21:22:11","modified_gmt":"2026-04-28T18:22:11","slug":"doruk-madencilik-iscileri-eylem-bitti-mi","status":"publish","type":"post","link":"https:\/\/www.nationalturk.com\/tr\/doruk-madencilik-iscileri-eylem-bitti-mi\/","title":{"rendered":"Doruk Madencilik i\u015f\u00e7ileri eylemi bitirdi!"},"content":{"rendered":"<p>Eski\u015fehir\u2019den Ankara\u2019ya y\u00fcr\u00fcyerek hak aray\u0131\u015f\u0131n\u0131 s\u00fcrd\u00fcren <a title=\"Doruk Madencilik i\u015f\u00e7ileri i\u00e7in Meclis\u2019e \u00f6nerge\" href=\"https:\/\/www.nationalturk.com\/tr\/doruk-madencilik-iscileri-eyle-son-durum\/\" target=\"_blank\" rel=\"noopener\">Doruk Madencilik<\/a> i\u015f\u00e7ilerinin eyleminde uzla\u015fma sa\u011fland\u0131. \u0130\u00e7i\u015fleri Bakanl\u0131\u011f\u0131\u2019n\u0131n a\u00e7\u0131klamas\u0131na g\u00f6re, i\u015f\u00e7iler ile i\u015fveren temsilcileri aras\u0131nda bakanl\u0131k koordinasyonunda yap\u0131lan toplant\u0131 anla\u015fmayla sonu\u00e7land\u0131. Tazminat, maa\u015f ve \u00f6zl\u00fck haklar\u0131n\u0131n \u00f6denmesi talebiyle Kurtulu\u015f Park\u0131\u2019nda a\u00e7l\u0131k grevi ba\u015flatan i\u015f\u00e7iler, g\u00f6r\u00fc\u015fmenin ard\u0131ndan eylemi sonland\u0131rd\u0131.<\/p>\n<h3><strong>\u0130\u00e7i\u015fleri Bakanl\u0131\u011f\u0131 duyurdu<\/strong><\/h3>\n<p>\u0130\u00e7i\u015fleri Bakanl\u0131\u011f\u0131, sosyal medya hesab\u0131ndan yapt\u0131\u011f\u0131 a\u00e7\u0131klamada g\u00f6r\u00fc\u015fmelerin taraflar\u0131n uzla\u015fmas\u0131yla tamamland\u0131\u011f\u0131n\u0131 bildirdi.<\/p>\n<blockquote class=\"quote-light\"><p><strong>A\u00e7\u0131klamada, \u201c\u0130\u00e7i\u015fleri Bakanl\u0131\u011f\u0131ndaki toplant\u0131 taraflar\u0131n uzla\u015fmas\u0131yla sonu\u00e7lanm\u0131\u015ft\u0131r. \u0130\u015f\u00e7iler, i\u015fverenle anla\u015farak eylemi noktalad\u0131klar\u0131n\u0131 a\u00e7\u0131klam\u0131\u015flard\u0131r\u201d denildi.<\/strong><\/p><\/blockquote>\n<h3><strong>Sendika ve i\u015f\u00e7i heyeti toplant\u0131ya kat\u0131ld\u0131<\/strong><\/h3>\n<p>Kurtulu\u015f Park\u0131\u2019nda a\u00e7l\u0131k grevi ba\u015flatan i\u015f\u00e7iler, \u0130\u00e7i\u015fleri Bakanl\u0131\u011f\u0131 koordinasyonunda i\u015fveren temsilcileriyle bir araya geldi.<\/p>\n<p>G\u00f6r\u00fc\u015fmeye Ba\u011f\u0131ms\u0131z Maden \u0130\u015f Genel Ba\u015fkan\u0131 G\u00f6kay \u00c7ak\u0131r, \u00d6rg\u00fctlenme Uzman\u0131 Ba\u015faran Aksu, sendika avukat\u0131 Mert Batur ve i\u015f\u00e7i heyeti kat\u0131ld\u0131.<\/p>\n<h3><strong>\u201c15 g\u00fcnl\u00fck s\u00fcre istediler\u201d<\/strong><\/h3>\n<p>Toplant\u0131 sonras\u0131 a\u00e7\u0131klama yapan Ba\u011f\u0131ms\u0131z Maden \u0130\u015f Genel Ba\u015fkan\u0131 G\u00f6kay \u00c7ak\u0131r, g\u00f6r\u00fc\u015fmenin olumlu ge\u00e7ti\u011fini ve i\u015f\u00e7ilerin b\u00fcy\u00fck b\u00f6l\u00fcm\u00fcn\u00fcn maa\u015flar\u0131n\u0131n yat\u0131r\u0131ld\u0131\u011f\u0131n\u0131 s\u00f6yledi.<\/p>\n<p>\u00c7ak\u0131r, \u201cBizden 15 g\u00fcnl\u00fck bir s\u00fcre istediler. Bunun garant\u00f6rl\u00fc\u011f\u00fcn\u00fc \u00c7al\u0131\u015fma Bakanl\u0131\u011f\u0131, Enerji Bakanl\u0131\u011f\u0131, \u0130\u00e7i\u015fleri Bakanl\u0131\u011f\u0131 ve Ankara Emniyet M\u00fcd\u00fcr\u00fc \u00fcstlendi. Bu saatten itibaren eylemimizi sonland\u0131rd\u0131k\u201d dedi.<\/p>\n<h2><strong>Doruk Madencilik i\u015f\u00e7ileri i i\u00e7in tazminat ve \u00f6zl\u00fck haklar\u0131 da kapsama al\u0131nd\u0131<\/strong><\/h2>\n<p>Anla\u015fman\u0131n yaln\u0131zca maa\u015flarla s\u0131n\u0131rl\u0131 olmad\u0131\u011f\u0131n\u0131 belirten \u00c7ak\u0131r, tazminat ve t\u00fcm \u00f6zl\u00fck haklar\u0131n\u0131n da kapsama al\u0131nd\u0131\u011f\u0131n\u0131 ifade etti.<\/p>\n<p>\u00c7ak\u0131r, \u201c\u0130\u015ften ayr\u0131lmak isteyen ve tazminat hakk\u0131 bulunan t\u00fcm i\u015f\u00e7ilerin \u00f6demeleri 15 g\u00fcn i\u00e7inde yap\u0131lacak. \u00c7al\u0131\u015fmak isteyenler ise yaln\u0131zca maa\u015flar\u0131n\u0131 alacak. Avukatlar\u0131m\u0131z s\u00fcreci takip edecek, hi\u00e7bir i\u015f\u00e7imizi ma\u011fdur etmeyece\u011fiz\u201d diye konu\u015ftu.<\/p>\n<h4><strong>\u201cHi\u00e7bir arkada\u015f\u0131m\u0131z d\u0131\u015far\u0131da b\u0131rak\u0131lmad\u0131\u201d<\/strong><\/h4>\n<p>Ba\u011f\u0131ms\u0131z <a title=\"Maden haberleri\" href=\"https:\/\/www.kadikoypostasi.com\/?s=maden\" target=\"_blank\" rel=\"noopener\">Maden<\/a> \u0130\u015f \u00d6rg\u00fctlenme Uzman\u0131 Ba\u015faran Aksu da toplant\u0131da t\u00fcm ba\u015fl\u0131klar\u0131n kabul edildi\u011fini s\u00f6yledi.<\/p>\n<p>Aksu, \u201c\u00d6zl\u00fck haklar\u0131, \u00f6denmemi\u015f sendikal haklar, \u00fccretsiz izne \u00e7\u0131kar\u0131lan i\u015f\u00e7ilerin SGK giri\u015fleri ve \u00fccretleri, mahkeme s\u00fcrecindeki alacaklar\u2026 Hi\u00e7bir arkada\u015f\u0131m\u0131z d\u0131\u015far\u0131da b\u0131rak\u0131lmad\u0131. Direni\u015f zaferle sonu\u00e7land\u0131\u201d de\u011ferlendirmesinde bulundu.<\/p>\n<p>Aksu, benzer durumda olan i\u015f\u00e7ilere de \u201cHaklar\u0131n\u0131z\u0131 aramaktan korkmay\u0131n\u201d \u00e7a\u011fr\u0131s\u0131 yapt\u0131.<\/p>\n<h4><strong>\u00d6demeler May\u0131s ortas\u0131n\u0131 a\u015fmayacak<\/strong><\/h4>\n<p>Sendika avukat\u0131 Mert Batur, Doruk Madencilik i\u015f\u00e7ilerinin b\u00fcy\u00fck bir kazan\u0131m elde etti\u011fini belirtti. Batur, \u00f6demelerin May\u0131s ay\u0131 ortas\u0131n\u0131 a\u015fmayacak \u015fekilde tamamlanmas\u0131 konusunda mutabakata var\u0131ld\u0131\u011f\u0131n\u0131 s\u00f6yledi.<\/p>\n<p>Batur, mevcut ko\u015fullarda i\u015f\u00e7iler i\u00e7in hakl\u0131 fesih \u015fartlar\u0131n\u0131n olu\u015ftu\u011funun kabul edildi\u011fini belirterek, \u201cHakl\u0131 fesih yap\u0131p yapmad\u0131klar\u0131na bak\u0131lmaks\u0131z\u0131n t\u00fcm tazminatlar \u00f6denecek. \u00dccretsiz izin dayatmas\u0131 gibi uygulamalar\u0131n tekrar g\u00fcndeme gelmesinin \u00f6n\u00fcne ge\u00e7ilecek\u201d dedi.<\/p>\n<h5><strong>S\u00fcre\u00e7 bakanl\u0131klar taraf\u0131ndan takip edilecek<\/strong><\/h5>\n<p>Batur, \u0130\u00e7i\u015fleri, Enerji ve \u00c7al\u0131\u015fma bakanl\u0131klar\u0131n\u0131n s\u00fcreci iki haftal\u0131k periyotlarla takip edece\u011fini aktard\u0131.<\/p>\n<p>Batur, \u201cEn b\u00fcy\u00fck garant\u00f6r halkt\u0131r. Halk\u0131n bu s\u00fcreci takip etmesi benzer hak aray\u0131\u015flar\u0131na g\u00fc\u00e7 verecektir\u201d ifadelerini kulland\u0131.<\/p>\n<h5><strong>Eski\u015fehir\u2019den Ankara\u2019ya y\u00fcr\u00fcm\u00fc\u015flerdi<\/strong><\/h5>\n<p>Eski\u015fehir\u2019de faaliyet g\u00f6steren Y\u0131ld\u0131zlar SSS Holding\u2019e ba\u011fl\u0131 Doruk Madencilik\u2019te \u00e7al\u0131\u015fan 113 i\u015f\u00e7i, \u00fccret ve tazminatlar\u0131n\u0131 alamad\u0131klar\u0131 gerek\u00e7esiyle 15 g\u00fcn \u00f6nce eyleme ba\u015flam\u0131\u015ft\u0131.<\/p>\n<p>Eski\u015fehir\u2019den Ankara\u2019ya y\u00fcr\u00fcyen i\u015f\u00e7iler, taleplerinin kar\u015f\u0131lanmamas\u0131 \u00fczerine Ankara\u2019da a\u00e7l\u0131k grevine ba\u015flam\u0131\u015ft\u0131.<\/p>\n<p><iframe loading=\"lazy\" title=\"Doruk Madencilik i\u015f\u00e7ileri ad\u0131na \u0130\u00e7i\u015fleri Bakanl\u0131\u011f\u0131\u2019na giden sendika y\u00f6neticileri a\u00e7\u0131klama yap\u0131yor\" src=\"https:\/\/www.youtube.com\/embed\/B7Eng651scM\" width=\"951\" height=\"535\" frameborder=\"0\" allowfullscreen=\"allowfullscreen\"><\/iframe><\/p>\n","protected":false},"excerpt":{"rendered":"<p>Eski\u015fehir\u2019den Ankara\u2019ya y\u00fcr\u00fcyerek hak aray\u0131\u015f\u0131n\u0131 s\u00fcrd\u00fcren Doruk Madencilik i\u015f\u00e7ilerinin eyleminde uzla\u015fma sa\u011fland\u0131. \u0130\u00e7i\u015fleri Bakanl\u0131\u011f\u0131\u2019n\u0131n a\u00e7\u0131klamas\u0131na g\u00f6re, i\u015f\u00e7iler ile i\u015fveren temsilcileri aras\u0131nda bakanl\u0131k koordinasyonunda yap\u0131lan toplant\u0131 anla\u015fmayla sonu\u00e7land\u0131. Tazminat, maa\u015f ve \u00f6zl\u00fck haklar\u0131n\u0131n \u00f6denmesi talebiyle Kurtulu\u015f Park\u0131\u2019nda a\u00e7l\u0131k grevi ba\u015flatan i\u015f\u00e7iler, g\u00f6r\u00fc\u015fmenin ard\u0131ndan eylemi sonland\u0131rd\u0131. \u0130\u00e7i\u015fleri Bakanl\u0131\u011f\u0131 duyurdu \u0130\u00e7i\u015fleri Bakanl\u0131\u011f\u0131, sosyal medya hesab\u0131ndan yapt\u0131\u011f\u0131 a\u00e7\u0131klamada g\u00f6r\u00fc\u015fmelerin &hellip;<\/p>\n","protected":false},"author":9192226,"featured_media":309311,"comment_status":"closed","ping_status":"closed","sticky":false,"template":"","format":"standard","meta":{"_acf_changed":false,"footnotes":""},"categories":[220549],"tags":[15848,1688,222882,222907,222879,222906,15426,7008,222880,222908],"class_list":["post-309310","post","type-post","status-publish","format-standard","has-post-thumbnail","hentry","category-haber","tag-aclik-grevi","tag-ankara","tag-bagimsiz-maden-is","tag-basaran-aksu","tag-doruk-madencilik","tag-gokay-cakir","tag-icisleri-bakanligi","tag-isci-haklari","tag-madenci","tag-mert-batur"],"acf":[],"_links":{"self":[{"href":"https:\/\/www.nationalturk.com\/tr\/wp-json\/wp\/v2\/posts\/309310","targetHints":{"allow":["GET"]}}],"collection":[{"href":"https:\/\/www.nationalturk.com\/tr\/wp-json\/wp\/v2\/posts"}],"about":[{"href":"https:\/\/www.nationalturk.com\/tr\/wp-json\/wp\/v2\/types\/post"}],"author":[{"embeddable":true,"href":"https:\/\/www.nationalturk.com\/tr\/wp-json\/wp\/v2\/users\/9192226"}],"replies":[{"embeddable":true,"href":"https:\/\/www.nationalturk.com\/tr\/wp-json\/wp\/v2\/comments?post=309310"}],"version-history":[{"count":1,"href":"https:\/\/www.nationalturk.com\/tr\/wp-json\/wp\/v2\/posts\/309310\/revisions"}],"predecessor-version":[{"id":309313,"href":"https:\/\/www.nationalturk.com\/tr\/wp-json\/wp\/v2\/posts\/309310\/revisions\/309313"}],"wp:featuredmedia":[{"embeddable":true,"href":"https:\/\/www.nationalturk.com\/tr\/wp-json\/wp\/v2\/media\/309311"}],"wp:attachment":[{"href":"https:\/\/www.nationalturk.com\/tr\/wp-json\/wp\/v2\/media?parent=309310"}],"wp:term":[{"taxonomy":"category","embeddable":true,"href":"https:\/\/www.nationalturk.com\/tr\/wp-json\/wp\/v2\/categories?post=309310"},{"taxonomy":"post_tag","embeddable":true,"href":"https:\/\/www.nationalturk.com\/tr\/wp-json\/wp\/v2\/tags?post=309310"}],"curies":[{"name":"wp","href":"https:\/\/api.w.org\/{rel}","templated":true}]}}