{"id":309315,"date":"2026-04-28T23:06:27","date_gmt":"2026-04-28T20:06:27","guid":{"rendered":"https:\/\/www.nationalturk.com\/tr\/?p=309315"},"modified":"2026-04-28T23:06:27","modified_gmt":"2026-04-28T20:06:27","slug":"bursada-trafikte-tehlikeli-anlar","status":"publish","type":"post","link":"https:\/\/www.nationalturk.com\/tr\/bursada-trafikte-tehlikeli-anlar\/","title":{"rendered":"Bursa&#8217;da trafikte tehlikeli anlar"},"content":{"rendered":"<h2><a href=\"https:\/\/www.nationalturk.com\/tr\/bursada-kacmak-icin-estetik-yaptirdi\/\">Bursa<\/a>&#8216;da korkutan olay<\/h2>\n<p>Bursa&#8217;da motosiklet s\u00fcr\u00fcc\u00fcs\u00fcn\u00fcn <a href=\"http:\/\/trafikte\">trafikte<\/a> yapt\u0131\u011f\u0131 tehlikeli hareketler g\u00f6renleri hayrete d\u00fc\u015f\u00fcrd\u00fc. Seyir halindeyken yapt\u0131\u011f\u0131 hareketler nedeniyle trafikte g\u00f6renleri pani\u011fe s\u00fcr\u00fckledi.<\/p>\n<p><img loading=\"lazy\" decoding=\"async\" class=\"alignnone wp-image-309316 size-medium\" src=\"https:\/\/www.nationalturk.com\/tr\/wp-content\/uploads\/2026\/04\/motor-800x450.jpg\" alt=\"Bursa&#039;da korkutan olay\" width=\"800\" height=\"450\" title=\"\" srcset=\"https:\/\/www.nationalturk.com\/tr\/wp-content\/uploads\/2026\/04\/motor-800x450.jpg 800w, https:\/\/www.nationalturk.com\/tr\/wp-content\/uploads\/2026\/04\/motor-1024x576.jpg 1024w, https:\/\/www.nationalturk.com\/tr\/wp-content\/uploads\/2026\/04\/motor-200x113.jpg 200w, https:\/\/www.nationalturk.com\/tr\/wp-content\/uploads\/2026\/04\/motor-390x220.jpg 390w, https:\/\/www.nationalturk.com\/tr\/wp-content\/uploads\/2026\/04\/motor.jpg 1280w\" sizes=\"auto, (max-width: 800px) 100vw, 800px\" \/><\/p>\n<p>Kestel il\u00e7esinde bir motosikletli hem kendini hem de di\u011fer vatanda\u015flar\u0131 yapt\u0131\u011f\u0131 hareketlerle tehlikeye att\u0131. \u00a0Kurallar\u0131 yok sayan s\u00fcr\u00fcc\u00fcn\u00fcn bu tehlikeli hareketi \u00e7evredeki vatanda\u015flar taraf\u0131ndan g\u00f6r\u00fcnt\u00fclendi. \u015eah\u0131s hakk\u0131nda yetkililere \u00e7a\u011fr\u0131da bulunuldu.<\/p>\n<p>Vatanda\u015flar motosikletin trafikten men edilmesi ve el konulmas\u0131 gibi daha cayd\u0131r\u0131c\u0131 yapt\u0131r\u0131mlar uygulanmas\u0131 gerekti\u011fini dile getirdi.<\/p>\n<div style=\"width: 512px;\" class=\"wp-video\"><video class=\"wp-video-shortcode\" id=\"video-309315-1\" width=\"512\" height=\"288\" preload=\"metadata\" controls=\"controls\"><source type=\"video\/mp4\" src=\"https:\/\/www.nationalturk.com\/tr\/wp-content\/uploads\/2026\/04\/990DA6E8-F4F4-4E12-81EF-EAF0C27DB7D7.mp4?_=1\" \/><a href=\"https:\/\/www.nationalturk.com\/tr\/wp-content\/uploads\/2026\/04\/990DA6E8-F4F4-4E12-81EF-EAF0C27DB7D7.mp4\">https:\/\/www.nationalturk.com\/tr\/wp-content\/uploads\/2026\/04\/990DA6E8-F4F4-4E12-81EF-EAF0C27DB7D7.mp4<\/a><\/video><\/div>\n","protected":false},"excerpt":{"rendered":"<p>Bursa&#8216;da korkutan olay Bursa&#8217;da motosiklet s\u00fcr\u00fcc\u00fcs\u00fcn\u00fcn trafikte yapt\u0131\u011f\u0131 tehlikeli hareketler g\u00f6renleri hayrete d\u00fc\u015f\u00fcrd\u00fc. Seyir halindeyken yapt\u0131\u011f\u0131 hareketler nedeniyle trafikte g\u00f6renleri pani\u011fe s\u00fcr\u00fckledi. Kestel il\u00e7esinde bir motosikletli hem kendini hem de di\u011fer vatanda\u015flar\u0131 yapt\u0131\u011f\u0131 hareketlerle tehlikeye att\u0131. \u00a0Kurallar\u0131 yok sayan s\u00fcr\u00fcc\u00fcn\u00fcn bu tehlikeli hareketi \u00e7evredeki vatanda\u015flar taraf\u0131ndan g\u00f6r\u00fcnt\u00fclendi. \u015eah\u0131s hakk\u0131nda yetkililere \u00e7a\u011fr\u0131da bulunuldu. Vatanda\u015flar motosikletin trafikten &hellip;<\/p>\n","protected":false},"author":9192229,"featured_media":309319,"comment_status":"closed","ping_status":"closed","sticky":false,"template":"","format":"standard","meta":{"_acf_changed":false,"footnotes":""},"categories":[220549,6805,342],"tags":[],"class_list":["post-309315","post","type-post","status-publish","format-standard","has-post-thumbnail","hentry","category-haber","category-turkiye","category-video"],"acf":[],"_links":{"self":[{"href":"https:\/\/www.nationalturk.com\/tr\/wp-json\/wp\/v2\/posts\/309315","targetHints":{"allow":["GET"]}}],"collection":[{"href":"https:\/\/www.nationalturk.com\/tr\/wp-json\/wp\/v2\/posts"}],"about":[{"href":"https:\/\/www.nationalturk.com\/tr\/wp-json\/wp\/v2\/types\/post"}],"author":[{"embeddable":true,"href":"https:\/\/www.nationalturk.com\/tr\/wp-json\/wp\/v2\/users\/9192229"}],"replies":[{"embeddable":true,"href":"https:\/\/www.nationalturk.com\/tr\/wp-json\/wp\/v2\/comments?post=309315"}],"version-history":[{"count":2,"href":"https:\/\/www.nationalturk.com\/tr\/wp-json\/wp\/v2\/posts\/309315\/revisions"}],"predecessor-version":[{"id":309321,"href":"https:\/\/www.nationalturk.com\/tr\/wp-json\/wp\/v2\/posts\/309315\/revisions\/309321"}],"wp:featuredmedia":[{"embeddable":true,"href":"https:\/\/www.nationalturk.com\/tr\/wp-json\/wp\/v2\/media\/309319"}],"wp:attachment":[{"href":"https:\/\/www.nationalturk.com\/tr\/wp-json\/wp\/v2\/media?parent=309315"}],"wp:term":[{"taxonomy":"category","embeddable":true,"href":"https:\/\/www.nationalturk.com\/tr\/wp-json\/wp\/v2\/categories?post=309315"},{"taxonomy":"post_tag","embeddable":true,"href":"https:\/\/www.nationalturk.com\/tr\/wp-json\/wp\/v2\/tags?post=309315"}],"curies":[{"name":"wp","href":"https:\/\/api.w.org\/{rel}","templated":true}]}}