{"id":309338,"date":"2026-04-29T20:32:17","date_gmt":"2026-04-29T17:32:17","guid":{"rendered":"https:\/\/www.nationalturk.com\/tr\/?p=309338"},"modified":"2026-04-29T20:32:17","modified_gmt":"2026-04-29T17:32:17","slug":"vanda-sokak-kopekleri-cocugu-oldurdu","status":"publish","type":"post","link":"https:\/\/www.nationalturk.com\/tr\/vanda-sokak-kopekleri-cocugu-oldurdu\/","title":{"rendered":"Van&#8217;da sokak k\u00f6pekleri \u00e7ocu\u011fu \u00f6ld\u00fcrd\u00fc"},"content":{"rendered":"<h2><a href=\"https:\/\/www.nationalturk.com\/tr\/malatyada-hayvanseverler-can-kurtardi\/\">Van<\/a>&#8216;da korkun\u00e7 olay<\/h2>\n<p>Van&#8217;\u0131n Saray il\u00e7esinde evlerinin \u00f6n\u00fcnde oyun oynarken sahipsiz sokak <a href=\"http:\/\/k\u00f6pek\">k\u00f6peklerinin<\/a> sald\u0131r\u0131s\u0131na u\u011frayan iki \u00e7ocuktan 5 ya\u015f\u0131ndaki Hamza \u00d6zsoy hayat\u0131n\u0131 kaybetti, kuzeni ise yaraland\u0131.<\/p>\n<p><img loading=\"lazy\" decoding=\"async\" class=\"aligncenter wp-image-309339 size-medium\" src=\"https:\/\/www.nationalturk.com\/tr\/wp-content\/uploads\/2026\/04\/AW694224_02-667x500.jpg\" alt=\"Van&#039;da sokak k\u00f6pekleri \u00e7ocu\u011fu \u00f6ld\u00fcrd\u00fc\" width=\"667\" height=\"500\" title=\"\" srcset=\"https:\/\/www.nationalturk.com\/tr\/wp-content\/uploads\/2026\/04\/AW694224_02-667x500.jpg 667w, https:\/\/www.nationalturk.com\/tr\/wp-content\/uploads\/2026\/04\/AW694224_02-1024x768.jpg 1024w, https:\/\/www.nationalturk.com\/tr\/wp-content\/uploads\/2026\/04\/AW694224_02-200x150.jpg 200w, https:\/\/www.nationalturk.com\/tr\/wp-content\/uploads\/2026\/04\/AW694224_02-1536x1152.jpg 1536w, https:\/\/www.nationalturk.com\/tr\/wp-content\/uploads\/2026\/04\/AW694224_02-2048x1536.jpg 2048w\" sizes=\"auto, (max-width: 667px) 100vw, 667px\" \/><br \/>\nSaray il\u00e7esi Kaz\u0131mpa\u015fa Mahallesi&#8217;nde evlerinin bah\u00e7esinde oyun oynayan amca \u00e7ocuklar\u0131, aniden sahipsiz sokak k\u00f6peklerinin sald\u0131r\u0131s\u0131na u\u011frad\u0131.<\/p>\n<p>\u00c7evredekilerin m\u00fcdahalesiyle kurtar\u0131lan \u00e7ocuklardan 5 ya\u015f\u0131ndaki Hamza \u00d6zsoy, a\u011f\u0131r yaral\u0131 olarak kald\u0131r\u0131ld\u0131\u011f\u0131 Saray Devlet Hastanesi&#8217;nde yap\u0131lan t\u00fcm m\u00fcdahalelere ra\u011fmen kurtar\u0131lamayarak hayat\u0131n\u0131 kaybetti.<br \/>\nSald\u0131r\u0131da yaralanan 9 ya\u015f\u0131ndaki A.\u00d6.n\u00fcn ise sa\u011fl\u0131k durumunun iyi oldu\u011fu \u00f6\u011frenildi.<\/p>\n","protected":false},"excerpt":{"rendered":"<p>Van&#8216;da korkun\u00e7 olay Van&#8217;\u0131n Saray il\u00e7esinde evlerinin \u00f6n\u00fcnde oyun oynarken sahipsiz sokak k\u00f6peklerinin sald\u0131r\u0131s\u0131na u\u011frayan iki \u00e7ocuktan 5 ya\u015f\u0131ndaki Hamza \u00d6zsoy hayat\u0131n\u0131 kaybetti, kuzeni ise yaraland\u0131. Saray il\u00e7esi Kaz\u0131mpa\u015fa Mahallesi&#8217;nde evlerinin bah\u00e7esinde oyun oynayan amca \u00e7ocuklar\u0131, aniden sahipsiz sokak k\u00f6peklerinin sald\u0131r\u0131s\u0131na u\u011frad\u0131. \u00c7evredekilerin m\u00fcdahalesiyle kurtar\u0131lan \u00e7ocuklardan 5 ya\u015f\u0131ndaki Hamza \u00d6zsoy, a\u011f\u0131r yaral\u0131 olarak kald\u0131r\u0131ld\u0131\u011f\u0131 Saray &hellip;<\/p>\n","protected":false},"author":9192229,"featured_media":309340,"comment_status":"closed","ping_status":"closed","sticky":false,"template":"","format":"standard","meta":{"_acf_changed":false,"footnotes":""},"categories":[220549,6805,342],"tags":[222910,3114],"class_list":["post-309338","post","type-post","status-publish","format-standard","has-post-thumbnail","hentry","category-haber","category-turkiye","category-video","tag-kopek-saldirisi","tag-van"],"acf":[],"_links":{"self":[{"href":"https:\/\/www.nationalturk.com\/tr\/wp-json\/wp\/v2\/posts\/309338","targetHints":{"allow":["GET"]}}],"collection":[{"href":"https:\/\/www.nationalturk.com\/tr\/wp-json\/wp\/v2\/posts"}],"about":[{"href":"https:\/\/www.nationalturk.com\/tr\/wp-json\/wp\/v2\/types\/post"}],"author":[{"embeddable":true,"href":"https:\/\/www.nationalturk.com\/tr\/wp-json\/wp\/v2\/users\/9192229"}],"replies":[{"embeddable":true,"href":"https:\/\/www.nationalturk.com\/tr\/wp-json\/wp\/v2\/comments?post=309338"}],"version-history":[{"count":2,"href":"https:\/\/www.nationalturk.com\/tr\/wp-json\/wp\/v2\/posts\/309338\/revisions"}],"predecessor-version":[{"id":309342,"href":"https:\/\/www.nationalturk.com\/tr\/wp-json\/wp\/v2\/posts\/309338\/revisions\/309342"}],"wp:featuredmedia":[{"embeddable":true,"href":"https:\/\/www.nationalturk.com\/tr\/wp-json\/wp\/v2\/media\/309340"}],"wp:attachment":[{"href":"https:\/\/www.nationalturk.com\/tr\/wp-json\/wp\/v2\/media?parent=309338"}],"wp:term":[{"taxonomy":"category","embeddable":true,"href":"https:\/\/www.nationalturk.com\/tr\/wp-json\/wp\/v2\/categories?post=309338"},{"taxonomy":"post_tag","embeddable":true,"href":"https:\/\/www.nationalturk.com\/tr\/wp-json\/wp\/v2\/tags?post=309338"}],"curies":[{"name":"wp","href":"https:\/\/api.w.org\/{rel}","templated":true}]}}