{"id":31096,"date":"2010-07-05T16:46:37","date_gmt":"2010-07-05T14:46:37","guid":{"rendered":"http:\/\/www.nationalturk.com\/?p=31096"},"modified":"2010-07-05T16:47:59","modified_gmt":"2010-07-05T14:47:59","slug":"besiktas-tabata-avusturya-schuster-quaresma-hilbert-2180957","status":"publish","type":"post","link":"https:\/\/www.nationalturk.com\/tr\/besiktas-tabata-avusturya-schuster-quaresma-hilbert-2180957\/","title":{"rendered":"Be\u015fikta\u015fl\u0131 Tabata: Ge\u00e7en sezon istedi\u011fim futbolu oynayamad\u0131m"},"content":{"rendered":"<p><strong><a href=\"http:\/\/www.nationalturk.com\/tr\/wp-content\/uploads\/2010\/07\/tabata.jpg\"><img loading=\"lazy\" decoding=\"async\" class=\"alignleft size-medium wp-image-31106\" title=\"Tabata\" src=\"http:\/\/www.nationalturk.com\/tr\/wp-content\/uploads\/2010\/07\/tabata-e1278341034205-280x172.jpg\" alt=\"\" width=\"280\" height=\"172\"><\/a>Yeni sezon haz\u0131rl\u0131klar\u0131n\u0131 Avusturya\u2019n\u0131n Pongau B\u00f6lgesi&#8217;nde s\u00fcrd\u00fcren Be\u015fikta\u015f\u2019\u0131n Brezilyal\u0131 orta saha oyuncusu Tabata, &#8220;Eski\u015fehirspor\u2019dan transfer teklifi almad\u0131\u011f\u0131n\u0131 ve Be\u015fikta\u015f\u2019ta kalmak istedi\u011fini&#8221; s\u00f6yledi.<\/strong><\/p>\n<p>Bug\u00fcnk\u00fc sabah antrenman\u0131n\u0131n ard\u0131ndan kamp yapt\u0131klar\u0131 otelde bas\u0131na a\u00e7\u0131klamalarda bulunan Tabata, ge\u00e7en sezon istedi\u011fi futbolu oynayamad\u0131\u011f\u0131n\u0131 ifade ederek, eski teknik direkt\u00f6r Mustafa Denizli ile aralar\u0131nda bir k\u0131rg\u0131nl\u0131k olmad\u0131\u011f\u0131n\u0131 belirtti.<\/p>\n<p>Tabata, Mustafa Denizli\u2019yi ima ederek, &#8220;Bir hocan\u0131n elinde 24 futbolcu var ve sadece 11 ki\u015fiyi sahaya \u00e7\u0131karabilir. Bana ge\u00e7en sezon sahada yer vermemesi tamamen profesyonelce bir karar. Aram\u0131zda hi\u00e7bir sorun olmad\u0131 ve ben kendisine k\u0131rg\u0131n de\u011filim&#8221; diye konu\u015ftu.<\/p>\n<p>Be\u015fikta\u015f\u2019\u0131n yeni transferleri Quaresma ve Hilbert i\u00e7in &#8220;\u00e7ok kaliteli ve kendilerini kan\u0131tlam\u0131\u015f futbolcular&#8221; ifadesini kullanan Tabata, &#8220;Yeni arkada\u015flar\u0131m\u0131zla \u00e7ok iyi yerlere \u00e7\u0131kaca\u011f\u0131m\u0131za inan\u0131yorum&#8221; dedi.\u00a0Ge\u00e7en sezon geldi\u011finde tak\u0131m\u0131n haz\u0131rl\u0131klar\u0131n\u0131 tamamlam\u0131\u015f oldu\u011funu anlatan Tabata, ge\u00e7en sezon tam istedi\u011fi yerde oynayamad\u0131\u011f\u0131n\u0131 belirterek, &#8220;Bundan sonra beni daha iyi g\u00f6rebileceksiniz &#8220;diye konu\u015ftu.<\/p>\n<p>Kendisinin genellikle orta sahan\u0131n g\u00f6be\u011finde oynad\u0131\u011f\u0131n\u0131 ifade eden Tabata, \u015fu anda uygulanmakta olan 4-1-4-1 sisteminin zamanla de\u011fi\u015fece\u011fini d\u00fc\u015f\u00fcnd\u00fc\u011f\u00fcn\u00fc belirtti. Tabata bir soru \u00fczerine teknik direkt\u00f6r Schuster\u2019in kendisine nas\u0131l bir g\u00f6rev verece\u011fini hen\u00fcz bilmedi\u011fini kaydetti.<\/p>\n<p>Teknik direkt\u00f6r Schuster\u2019in uygulayaca\u011f\u0131 sisteme t\u00fcm futbolcular\u0131n sayg\u0131 duyaca\u011f\u0131n\u0131 belirten Tabata, &#8220;hepsi profesyonel ve kaliteli oyuncu olan futbolcular\u0131n sistemle hi\u00e7bir sorun ya\u015famayaca\u011f\u0131n\u0131&#8221; savundu.<\/p>\n<p>Her yeni gelen hocan\u0131n tak\u0131mda baz\u0131 beklentilere neden oldu\u011funu anlatan Tabata, siyah beyazl\u0131 ekipte de bu yenili\u011fin olumlu yans\u0131malar\u0131 oldu\u011funu belirterek, gelecek sezonda bu olumlu yans\u0131malar\u0131n sonu\u00e7lar\u0131n\u0131n somut olarak g\u00f6r\u00fclece\u011fini s\u00f6yledi.\u00a0Fenerbah\u00e7e\u2019de oynayan hem\u015fehrisi Alex\u2019in oyun stiline ili\u015fkin bir soruya ise Tabata, &#8220;Alex \u00e7ok iyi bir futbolcu ve benim de \u00f6rnek ald\u0131\u011f\u0131m bir oyuncu.\u00a0Bazen ben de Alex\u2019in oyun stilini uyguluyorum ve kendime \u00f6rnek al\u0131yorum&#8221; ifadelerini kulland\u0131.<\/p>\n<p>Kendisinin esprili ki\u015fili\u011fi ile tak\u0131m arkada\u015flar\u0131n\u0131 \u00e7ok g\u00fcld\u00fcrd\u00fc\u011f\u00fcn\u00fc anlatan bir gazetecinin, Be\u015fikta\u015f taraftarlar\u0131n\u0131 ne zaman g\u00fcld\u00fcreceksin \u015feklindeki sorusuna Tabata, &#8220;En k\u0131sa zamanda bu olacak&#8221; yan\u0131t\u0131n\u0131 verdi.<\/p>\n<p>Tabata, ge\u00e7en sezon ba\u015far\u0131l\u0131 olamad\u0131\u011f\u0131n\u0131 ve istedi\u011fi futbolu oynayamad\u0131\u011f\u0131n\u0131 belirterek, yeni sezonda ba\u015far\u0131l\u0131 olabilmek i\u00e7in \u00e7ok \u00e7al\u0131\u015ft\u0131\u011f\u0131n\u0131 kaydetti.\u00a0Yeni sezon haz\u0131rl\u0131klar\u0131n\u0131 Avusturya\u2019da s\u00fcrd\u00fcren siyah beyazl\u0131 ekip, g\u00fcn\u00fcn ikinci antrenman\u0131n\u0131 bug\u00fcn ak\u015fam saatlerinde bas\u0131na kapal\u0131 olarak ger\u00e7ekle\u015ftirecek.<\/p>\n<p>Yar\u0131n sabah mahalli saatle 10:00\u2019da Bischofshofen Stad\u0131&#8217;nda bas\u0131na a\u00e7\u0131k bir antrenman yapaca\u011f\u0131 belirtilen Be\u015fikta\u015f, ak\u015fam T\u00fcrkiye saatiyle(TS\u0130) 19:30\u2019da Avusturya ikinci liginden SV.Gr\u00f6dig tak\u0131m\u0131yla haz\u0131rl\u0131k ma\u00e7\u0131 oynayacak.\u00a0Be\u015fikta\u015f\u2019\u0131n 7 Temmuz\u2019da T\u00fcrkiye\u2019ye d\u00f6nmek \u00fczere Avusturya\u2019dan ayr\u0131lmas\u0131 bekleniyor.<\/p>\n<p><strong>BERND SCHUSTER&#8217;DEN MESUT \u00d6Z\u0130L&#8217;E \u00d6VG\u00dc<\/strong><\/p>\n<p>Be\u015fikta\u015f\u2019\u0131n teknik direkt\u00f6r\u00fc Bernd Schuster, Alman Milli Tak\u0131m\u0131&#8217;n\u0131n T\u00fcrk k\u00f6kenli oyuncusu Mesut \u00d6zil\u2019in inan\u0131lmaz bir potansiyele sahip oldu\u011funu s\u00f6yledi.<\/p>\n<p>Schuster, &#8220;K\u00f6lner Express&#8221; Gazetesi&#8217;ne yapt\u0131\u011f\u0131 a\u00e7\u0131klamada, Mesut\u2019u \u00f6verek, &#8220;\u0130nan\u0131lmaz potansiyeli var. Ola\u011fan\u00fcst\u00fc bir kariyer ba\u015flatmas\u0131 i\u00e7in her \u015feyi var. Teknik olarak m\u00fckemmel, h\u0131zl\u0131 ve gol tehlikesi yarat\u0131yor. Her teknik direkt\u00f6r\u00fcn istedi\u011fi bir oyuncu&#8221; dedi.<\/p>\n<p>Bastian Schweinsteiger\u2019i de de\u011ferlendiren Schuster, Schweinsteiger\u2019in D\u00fcnya Kupas\u0131\u2019nda \u015fimdiye kadar en iyi oyuncu oldu\u011funu ifade ederek, &#8220;Michael Ballack\u2019\u0131n olmamas\u0131 Almanya i\u00e7in bir \u015fanst\u0131. Ballack sakatlanmasayd\u0131 Schweinsteiger bu kadar kendisini g\u00f6steremezdi. Schweinsteiger\u2019in, Ballack\u2019\u0131n arkas\u0131nda s\u0131raya girmesi gerekecekti&#8221; \u015feklinde g\u00f6r\u00fc\u015f belirtti.<\/p>\n<p>&#8220;\u015eimdiye kadar bu kadar \u00fcst\u00fcn oynayan bir Alman milli tak\u0131m\u0131 g\u00f6rd\u00fcn\u00fcz m\u00fc?&#8221; \u015feklindeki bir soruya kar\u015f\u0131l\u0131k da Schuster, &#8220;Arjantin\u2019e kar\u015f\u0131 oynanan oyunu uzun y\u0131llardan beri g\u00f6rmedim. Oynad\u0131\u011f\u0131m\u0131z tarz harikayd\u0131. Burada bir felsefe, bir d\u00fczen, kondisyon var. Futbolcular da oynamay\u0131 biliyor. \u00c7ok etkilendim&#8221; diye yan\u0131t verdi.\u00a0Schuster, Almanya\u2019n\u0131n yar\u0131 finalde \u0130spanya\u2019ya kar\u015f\u0131 \u015fans\u0131n\u0131n oldu\u011funu, bunun \u015fampiyonan\u0131n en iyi ma\u00e7\u0131 olaca\u011f\u0131n\u0131 kaydetti.<\/p>\n<span style=\"font-weight: bold; color: #f00;\">Error, group does not exist! Check your syntax! (ID: 76)<\/span>\n<span style=\"font-weight: bold; color: #f00;\">Error, group does not exist! Check your syntax! (ID: 58)<\/span>\n","protected":false},"excerpt":{"rendered":"<p>Yeni sezon haz\u0131rl\u0131klar\u0131n\u0131 Avusturya\u2019n\u0131n Pongau B\u00f6lgesi&#8217;nde s\u00fcrd\u00fcren Be\u015fikta\u015f\u2019\u0131n Brezilyal\u0131 orta saha oyuncusu Tabata, &#8220;Eski\u015fehirspor\u2019dan transfer teklifi almad\u0131\u011f\u0131n\u0131 ve Be\u015fikta\u015f\u2019ta kalmak istedi\u011fini&#8221; s\u00f6yledi.<\/p>\n","protected":false},"author":28,"featured_media":191117,"comment_status":"open","ping_status":"open","sticky":false,"template":"","format":"standard","meta":{"_acf_changed":false,"footnotes":""},"categories":[6774,6194],"tags":[9704,24308,2174,7089,2173,29958,30747,28700,1748,34297,23661,33290,34299,20655,34295,34294,6595,6264,849,29128,15,34301,30748,21311,5290,34296,32593,22706,28865,34302,33432,8499,34298,34300,195938],"class_list":["post-31096","post","type-post","status-publish","format-standard","has-post-thumbnail","hentry","category-futbol","category-spor","tag-alex","tag-alman-milli-takimi","tag-almanya","tag-arjantin","tag-avusturya","tag-ballack","tag-bastian-schweinsteiger","tag-bernd-schuster","tag-besiktas","tag-besiktas-hilbert","tag-besiktas-quaresma","tag-besiktas-yeni-sezon-hazirliklari","tag-bischofshofen-stadi","tag-brezilyali","tag-brezilyali-orta-saha-oyuncusu","tag-brezilyali-orta-saha-oyuncusu-tabata","tag-dunya-kupasi","tag-eskisehirspor","tag-fenerbahce","tag-hilbert","tag-ispanya","tag-kolner-express-gazetesi","tag-mesut-ozil","tag-michael-ballack","tag-mustafa-denizli","tag-mustafa-denizli-tabata","tag-pongau-bolgesi","tag-quaresma","tag-schuster","tag-schweinsteiger","tag-sv-grodig","tag-tabata","tag-teknik-direktor-schuster","tag-turk-kokenli-oyuncu-mesut-ozil","tag-turkiye"],"acf":[],"_links":{"self":[{"href":"https:\/\/www.nationalturk.com\/tr\/wp-json\/wp\/v2\/posts\/31096","targetHints":{"allow":["GET"]}}],"collection":[{"href":"https:\/\/www.nationalturk.com\/tr\/wp-json\/wp\/v2\/posts"}],"about":[{"href":"https:\/\/www.nationalturk.com\/tr\/wp-json\/wp\/v2\/types\/post"}],"author":[{"embeddable":true,"href":"https:\/\/www.nationalturk.com\/tr\/wp-json\/wp\/v2\/users\/28"}],"replies":[{"embeddable":true,"href":"https:\/\/www.nationalturk.com\/tr\/wp-json\/wp\/v2\/comments?post=31096"}],"version-history":[{"count":0,"href":"https:\/\/www.nationalturk.com\/tr\/wp-json\/wp\/v2\/posts\/31096\/revisions"}],"wp:featuredmedia":[{"embeddable":true,"href":"https:\/\/www.nationalturk.com\/tr\/wp-json\/wp\/v2\/media\/191117"}],"wp:attachment":[{"href":"https:\/\/www.nationalturk.com\/tr\/wp-json\/wp\/v2\/media?parent=31096"}],"wp:term":[{"taxonomy":"category","embeddable":true,"href":"https:\/\/www.nationalturk.com\/tr\/wp-json\/wp\/v2\/categories?post=31096"},{"taxonomy":"post_tag","embeddable":true,"href":"https:\/\/www.nationalturk.com\/tr\/wp-json\/wp\/v2\/tags?post=31096"}],"curies":[{"name":"wp","href":"https:\/\/api.w.org\/{rel}","templated":true}]}}