{"id":31157,"date":"2010-07-06T09:03:18","date_gmt":"2010-07-06T07:03:18","guid":{"rendered":"http:\/\/www.nationalturk.com\/?p=31157"},"modified":"2024-09-10T23:52:42","modified_gmt":"2024-09-10T20:52:42","slug":"ilker-basbug-ugur-dundar-startv-2380018","status":"publish","type":"post","link":"https:\/\/www.nationalturk.com\/tr\/ilker-basbug-ugur-dundar-startv-2380018\/","title":{"rendered":"\u0130lker Ba\u015fbu\u011f&#8217;dan U\u011fur D\u00fcndar&#8217;a \u00e7arp\u0131c\u0131 a\u00e7\u0131klamalar"},"content":{"rendered":"<p><strong><img loading=\"lazy\" decoding=\"async\" class=\"alignleft size-full wp-image-31160\" title=\"\u0130lker Ba\u015fbu\u011f\" src=\"http:\/\/www.nationalturk.com\/tr\/wp-content\/uploads\/2010\/07\/ilker_basbug_er.jpg\" alt=\"\" width=\"500\" height=\"332\" srcset=\"https:\/\/www.nationalturk.com\/tr\/wp-content\/uploads\/2010\/07\/ilker_basbug_er.jpg 500w, https:\/\/www.nationalturk.com\/tr\/wp-content\/uploads\/2010\/07\/ilker_basbug_er-280x185.jpg 280w\" sizes=\"auto, (max-width: 500px) 100vw, 500px\" \/>Genelkurmay Ba\u015fkan\u0131 Orgeneral \u0130lker Ba\u015fbu\u011f, Star TV\u2019de U\u011fur D\u00fcndar\u2019a g\u00fcndeme ili\u015fkin sorular\u0131n\u0131 yan\u0131tlad\u0131.<\/strong><\/p>\n<p>G\u00f6rev s\u00fcresi 30 A\u011fustos\u2019ta sona ereecek olan Genelkurmay Ba\u015fkan\u0131 Orgeneral \u0130lker Ba\u015fbu\u011f, ter\u00f6r \u00f6rg\u00fct\u00fcn\u00fcn eylemsizli\u011finin varolu\u015funa ayk\u0131r\u0131 oldu\u011funu belirterek \u201c\u00f6rg\u00fct kan d\u00f6kmek, eylem yapmak zorunda\u201d dedi. Hassas bir d\u00f6nemden ge\u00e7ildi\u011fini, \u00f6nleyici istihbarat \u00e7al\u0131\u015fmalar\u0131n\u0131n \u00f6nem kazand\u0131\u011f\u0131n\u0131 dile getiren Ba\u015fbu\u011f, PKK\u2019n\u0131n bir d\u00f6nem ta\u015feron oldu\u011funu d\u00fc\u015f\u00fcnd\u00fc\u011f\u00fcn\u00fc de kaydetti. \u201c\u0130rtica ile M\u00fccadele Eylem Plan\u0131\u2019n\u0131n polis taraf\u0131ndan bir gazeteye servis edildi\u011fi\u201dni belirten Ba\u015fbu\u011f, siyasiler aras\u0131nda son g\u00fcnlerde s\u00fcren \u201csiper polemi\u011fi\u201dnin de art\u0131k bitmesi gerekti\u011fini kaydetti.<\/p>\n<p>G\u00f6rev s\u00fcresinin bitimine \u00e7ok az s\u00fcre kala Genelkurmay karargah\u0131nda Star TV Grup Ba\u015fkan\u0131 U\u011fur D\u00fcndar\u2019\u0131n Arena program\u0131nda sorular\u0131n\u0131 yan\u0131tlayan Ba\u015fbu\u011f \u00f6zetle \u015f\u00f6yle konu\u015ftu:<\/p>\n<p><strong>5 DEFA B\u0130T\u0130RD\u0130K<\/strong><\/p>\n<p>(Ni\u00e7in T\u00fcrkiye, 26 y\u0131ld\u0131r ter\u00f6r \u00f6rg\u00fct\u00fcn\u00fc yok edemedi sorusu \u00fczerine) G\u00fcvenlik alan\u0131nda, 1984\u2019ten 2010\u2019a kadar 26 y\u0131l ge\u00e7ti. Ne oldu? Bazen rakamlara, istatistiki bilgilere de ihtiyac\u0131m\u0131z var. 26 y\u0131lda, 30 bin ter\u00f6risti etkisiz hale getiriyorsunuz, 10 bin de yaral\u0131, teslim olan var. Toplam 40 bin. \u00d6rg\u00fct\u00fcn da\u011f kadrosu y\u0131llara g\u00f6re de\u011fi\u015fiyor, ortalama 6 bin diyoruz, en fazla 10 bine \u00e7\u0131kt\u0131. \u015eu anda 4 binler civar\u0131nda. Ortalama 6 bin dersek, 30 bini 6\u2019ya b\u00f6lerseniz, 5 bin \u00e7\u0131k\u0131yor. Matematiksel olarak bakt\u0131\u011f\u0131m\u0131zda 26 y\u0131lda, g\u00fcvenlik kuvvetleri 5 defa bu PKK ter\u00f6r \u00f6rg\u00fct\u00fcn\u00fc bitirmi\u015f. Bu bir tespittir.<\/p>\n<p><strong>PKK \u015eANSLI B\u0130R \u00d6RG\u00dcT<\/strong><\/p>\n<p>O zaman ni\u00e7in g\u00fcn\u00fcm\u00fcze kadar devam ediyor sorusu var. 1984\u2019ten bug\u00fcne kadar ya\u015fanan olaylara bir bakal\u0131m. 1. ve 2. Irak sava\u015flar\u0131, Halep\u00e7e&#8230; PKK \u015fansl\u0131 bir \u00f6rg\u00fct. Tam \u00e7\u00f6kme noktas\u0131na, \u00e7\u00f6z\u00fclme noktas\u0131na geliyor, fakat maalesef konjonkt\u00fcrel durumlar lehine cereyan ediyor. Birinci \u00f6nemli nokta bu. \u0130kinci \u00f6nemli tespit \u015fu; T\u00fcrkiye\u2019de ne zaman ter\u00f6r olaylar\u0131 azald\u0131 veya hi\u00e7 olmad\u0131&#8230; Biz bunu yanl\u0131\u015f alg\u0131l\u0131yoruz. Sanki ter\u00f6r \u00f6rg\u00fct\u00fc bitti, da\u011f\u0131ld\u0131&#8230; Asl\u0131nda ter\u00f6r \u00f6rg\u00fct\u00fcn\u00fcn da\u011f kadrosu duruyordu, eylem say\u0131s\u0131 d\u00fc\u015fm\u00fc\u015ft\u00fc. Burada belki alg\u0131lama yanl\u0131\u015fl\u0131\u011f\u0131m\u0131z oldu. Do\u011fru alg\u0131lasayd\u0131k o d\u00f6nemde daha sa\u011fl\u0131kl\u0131 tedbirleri alabilecektik. Bu da \u00f6nemli bir nokta.<\/p>\n<p><strong>S\u00d6Z\u00dcN B\u0130TT\u0130\u011e\u0130 YERDEY\u0130Z<\/strong><\/p>\n<p>Irak\u2019\u0131n kuzeyinde 26 y\u0131ld\u0131r bir otorite, devlet g\u00fcc\u00fc var m\u0131, yok mu? Bo\u015fluk var. \u0130kincisi, \u00f6zellikle son d\u00f6nemlerde Irak\u2019ta bir merkezi h\u00fck\u00fcmet var. Merkezi h\u00fck\u00fcmetin sorumlulu\u011fu var. Kendi topraklar\u0131 \u00fczerinde herhangi bir ter\u00f6r \u00f6rg\u00fct\u00fcn\u00fc bar\u0131nd\u0131rmamas\u0131 laz\u0131m. Merkezi h\u00fck\u00fcmetin defacto olarak g\u00fcc\u00fc yok diyebilirsiniz. Irak\u2019\u0131n kuzeyinde g\u00fc\u00e7l\u00fc unsurlar var. Bunlar ni\u00e7in etkili sonu\u00e7lar alm\u0131yorlar? Irak\u2019\u0131n kuzeyi bu \u00f6rg\u00fct i\u00e7in g\u00fcvenli saha. \u0130kincisi lojistik destek. Nereden al\u0131yor bu insanlar yiyece\u011fini, i\u00e7ece\u011fini, malzemesini? O b\u00f6lgeden al\u0131yor. Bunlar D\u0131\u015fi\u015fleri Bakanl\u0131\u011f\u0131m\u0131z\u0131n konusu. D\u0131\u015fi\u015fleri Bakanl\u0131\u011f\u0131m\u0131z\u0131n koordinat\u00f6rl\u00fc\u011f\u00fcnde bu konu y\u00fcr\u00fct\u00fcl\u00fcyor. Art\u0131k s\u00f6z\u00fcn bitti\u011fi yerdeyiz. T\u00fcrkiye son bir iki ayda ne kadar \u015fehit verdi? Bu hepimizin y\u00fcre\u011fini yak\u0131yor. Art\u0131k bu konuda sorumluluklar\u0131 olan ki\u015filer, kurulu\u015flar, devletler ve Irak\u2019\u0131n kuzeyindeki yap\u0131lanmalar\u0131n \u00fczerine d\u00fc\u015feni yapma zamanlar\u0131 geldi ve ge\u00e7iyor. Irak\u2019\u0131n kuzeyindeki PKK varl\u0131\u011f\u0131, \u00f6n\u00fcm\u00fczdeki s\u00fcre\u00e7te T\u00fcrkiye &#8211; Irak ili\u015fkilerini de olumsuz etkiler. Bir bak\u0131ma T\u00fcrkiye-ABD ili\u015fkilerini de etkiler olumsuz olarak.<\/p>\n<p><strong>PKK\u2019DA \u00c7EK\u0130\u015eME VAR<\/strong><\/p>\n<p>Eylemsizli\u011fe giren bir ter\u00f6r \u00f6rg\u00fct\u00fcnde lider kadro aras\u0131nda b\u00f6l\u00fcnmeler ve \u00e7eki\u015fmeler ba\u015flar. Bu PKK ter\u00f6r \u00f6rg\u00fct\u00fcnde g\u00f6zlemledi\u011fimiz bir durum. \u0130kincisi, uzun s\u00fcreli bir eylemsizlik \u00f6rg\u00fct\u00fcn alt kademesinde s\u0131k\u0131nt\u0131ya neden olur. Ter\u00f6ristleri bir arada tutmakta zorlan\u0131rs\u0131n\u0131z. 31 May\u0131s\u2019tan \u00f6nceki s\u00fcre\u00e7te ter\u00f6r \u00f6rg\u00fct\u00fcyle ilgili gelen istihbarat bilgilere bakt\u0131\u011f\u0131m\u0131z zaman \u00f6rg\u00fct kadrosunun ikiye ayr\u0131ld\u0131\u011f\u0131n\u0131 g\u00f6rd\u00fck. Bir grup \u015fiddetli ve artan sald\u0131r\u0131da ter\u00f6r eylemlerinin yap\u0131lmas\u0131n\u0131 isterken, bir grup s\u00f6zde ate\u015fkes s\u00fcrecinin devam etmesinin gerekti\u011fi g\u00f6r\u00fc\u015f\u00fcndeydi.<\/p>\n<p><strong>TER\u00d6RE H\u0130ZMET<\/strong><\/p>\n<p>Ter\u00f6r \u00f6rg\u00fctleri her zaman kendilerinin g\u00fc\u00e7l\u00fc oldu\u011funu g\u00f6stermek mecburiyetinde. Di\u011fer bir neden de, gerek ter\u00f6r \u00f6rg\u00fct\u00fc gerekse destekleyenler bu eylemler sonucu savunduklar\u0131 fikirlerin toplum taraf\u0131ndan yo\u011fun \u015fekilde tart\u0131\u015f\u0131lmas\u0131n\u0131 istiyor. E\u011fer bu tart\u0131\u015fmalar\u0131n i\u00e7ine girerseniz asl\u0131nda ter\u00f6re hizmet ediyorsunuz.<\/p>\n<p><strong>BATI DA HASSAS<\/strong><\/p>\n<p><strong><\/strong>\u00d6n\u00fcm\u00fczdeki s\u00fcre\u00e7, ter\u00f6r eylemleri a\u00e7\u0131s\u0131ndan hassas bir s\u00fcre\u00e7.  \u00dcmit ediyorum, g\u00fcven de duyuyorum, ayn\u0131 hassasiyeti bat\u0131 b\u00f6lgelerinde de g\u00f6stermemiz laz\u0131m. Bat\u0131 b\u00f6lgelerimiz de hassast\u0131r.<\/p>\n<p><strong>DTP\u2019L\u0130 VEK\u0130LLERE \u2018DA\u011eA G\u0130T\u2019<\/strong><\/p>\n<p>TBMM\u2019de milletvekili olarak yemin ediyorsunuz anayasa \u00fczerine ondan sonra bir yerde gidip ter\u00f6rist cenazesine kat\u0131l\u0131yorsunuz. Bir pankart var dikkatinizi \u00e7ekti mi Urfa\u2019l\u0131? \u0130ntikam! O intikam Mehmet\u00e7i\u011fi \u00f6ld\u00fcrece\u011fim demek. Ya ayr\u0131l milletvekilli\u011finden da\u011fa m\u0131 gidiyorsun nereye gideceksen git veya anayasaya verdi\u011fin yeminin gere\u011fini yerine getir.  Ama\u00e7lar\u0131 toplumsal \u00e7at\u0131\u015fmay\u0131 m\u0131 tetiklemek? Bu ihanet insanl\u0131\u011fa ihanet vatana ihanet millete ihanet. Bu k\u0131\u015fk\u0131rtmalara gelmeyelim ama siz bir ter\u00f6rist cenazesinde intikam pankart\u0131 a\u00e7arak o pankart\u0131n \u00f6n\u00fcnde boy g\u00f6stererek ve bir de Meclis\u2019te anayaya yemin ediyorsan\u0131z burada bir \u00e7eli\u015fki var.<\/p>\n<p><strong>\u0130LG\u0130N\u00c7 TA\u015eERON TESP\u0130T\u0130<\/strong><\/p>\n<p>(Ba\u015fbakan\u2019\u0131n   a\u00e7\u0131klamalar\u0131 \u00e7er\u00e7evesinde ter\u00f6r \u00f6rg\u00fct\u00fcn\u00fcn ta\u015feronlu\u011fu konusunda ne d\u00fc\u015f\u00fcnd\u00fc\u011f\u00fcn\u00fc sormas\u0131 \u00fczerine) Say\u0131n Ba\u015fbakan\u2019\u0131n bu s\u00f6zlerine benim do\u011frudan yorum yapmam do\u011fru de\u011fil. \u015eunu sorarsan\u0131z e\u011fer, PKK baz\u0131 d\u00f6nemlerde ta\u015feronluk yapm\u0131\u015f m\u0131d\u0131r? Evet. Mesela ben bu konuyu biraz da anlamak i\u00e7in 93\u2019lere gidilmesini, ara\u015ft\u0131r\u0131lmas\u0131n\u0131 \u00f6neririm. Bing\u00f6l\u2019de 33 erimizin \u015fehit edilmesi olay\u0131 var.  O y\u0131llarda co\u011frafya olarak Bak\u00fc-Tiflis-Ceyhan boru hatt\u0131 s\u00f6z konusu. \u015eimdi boru hatt\u0131n\u0131n ge\u00e7ti\u011fi g\u00fczergah\u0131n emniyetsiz oldu\u011funu g\u00f6sterirseniz&#8230; Bu arada 92 &#8211; 93 aras\u0131nda yine bir eylemsizlik s\u00fcreci var. Burada bir ta\u015feronluk s\u00f6z konusu olabilir mi? Olabilir. \u0130ncelenmeye de\u011fer bir konu olarak g\u00f6r\u00fcyorum.<\/p>\n<p><strong>TEDB\u0130R ALMAMAK HATADIR<\/strong><\/p>\n<p>20 Haziran\u2019da b\u00f6lgeye gitmenin yararl\u0131 olaca\u011f\u0131n\u0131 d\u00fc\u015f\u00fcnd\u00fck. Say\u0131n Ba\u015fbakan ile g\u00f6r\u00fc\u015ft\u00fck, o da uygun olaca\u011f\u0131n\u0131 ifade etti. B\u00f6lgedeki komutanlarla g\u00f6r\u00fc\u015ft\u00fcm \u00f6nceden, ama bizde bir usul vard\u0131r. Bazen gidece\u011fimiz yeri u\u00e7akta s\u00f6yleriz, helikoptere binece\u011fimiz zaman s\u00f6yleriz. \u00c7\u00fcnk\u00fc bir noktada g\u00fcvenlik \u00f6nemli. Cesaret g\u00f6sterir herkes, ama g\u00fcvenlik tedbiri alman\u0131z gereken yerde tedbiri almamak cesaret de\u011fil hatad\u0131r.<\/p>\n<p><strong>GED\u0130KTEPE\u2019YE G\u0130DECE\u011e\u0130M\u0130Z\u0130 B\u0130LM\u0130YORDU<\/strong><\/p>\n<p>Biz o g\u00fcnk\u00fc programda Van\u2019da \u015fehitlerin cenaze t\u00f6renine kat\u0131ld\u0131k. Sonra Gediktepe\u2019deki birli\u011fin ba\u011fl\u0131 oldu\u011fu karargaha gittik. Bu ana kadar Say\u0131n Ba\u015fbakan\u2019\u0131n da Gediktepe\u2019ye gidilece\u011fi y\u00f6n\u00fcnde bir bilgisi yoktu. Ben Say\u0131n Ba\u015fbakan\u2019a orada s\u00f6yledim. \u2018\u00c7ok iyi olur, memnun olurum\u2019 dedi. Gediktepe neresi? \u00dcs b\u00f6lgesi s\u0131f\u0131r hatt\u0131nda&#8230; Co\u011frafya \u00e7ok \u00f6nemli. Irak ve bizim bulundu\u011fumuz yerle kar\u015f\u0131 s\u0131rtlar aras\u0131ndaki y\u00fcksekli\u011fe bakt\u0131\u011f\u0131n\u0131zda kar\u015f\u0131 s\u0131rtlar hakim. Mesafe keskin ni\u015fanc\u0131lar\u0131n menzilinde.<\/p>\n<p><strong>S\u0130PER POLEM\u0130\u011e\u0130<\/strong><\/p>\n<p>Say\u0131n Ba\u015fbakan asl\u0131nda \u2018ke\u015fke di\u011fer parti ba\u015fkanlar\u0131m\u0131z da b\u00f6lgeye gitse\u2019 diye kendileri s\u00f6yledi. Sonra bir vesileyle Say\u0131n K\u0131l\u0131\u00e7daro\u011flu ile kar\u015f\u0131la\u015ft\u0131k, arzu ederlerse kendilerini de b\u00f6lgeye g\u00f6t\u00fcrebilece\u011fimizi s\u00f6yledik. Nereye gidece\u011fini havaalan\u0131nda s\u00f6yledik. G\u00fcrvil noktas\u0131na gittik. G\u00fcrvil\u2019de keskin ni\u015fanc\u0131 tehdidi Gediktepe ile mukayese edilmez. Ama G\u00fcrvil\u2019de de askeri gereklilik \u00f6yle davranmay\u0131 icap ettirseydi elbette onu da teklif ederdik. Say\u0131n K\u0131l\u0131\u00e7daro\u011flu\u2019nun da farkl\u0131 d\u00fc\u015f\u00fcnece\u011fini zannetmiyorum. G\u00fcvenlik \u00f6nemli. Bir mesaj vermem gerekirse art\u0131k bu tart\u0131\u015fmaya son verilsin.<\/p>\n<p><strong>K\u00d6YL\u00dcLER\u0130N VURULMASI<\/strong><\/p>\n<p>Hatay\u2019da Amanos da\u011flar\u0131nda talihsiz bir olay ya\u015fad\u0131k.  \u00c7ok \u00fcz\u00fcld\u00fck. En tecr\u00fcbelilerimiz, ustad\u0131r. Kar\u015f\u0131dan bir grubu g\u00f6r\u00fcyor, \u015f\u00fcpheleniyor, \u2018Dur\u2019 diye ba\u011f\u0131r\u0131yor, ama maalesef ka\u00e7ma durumu oluyor. Orada \u00fcz\u00fcnt\u00fc verici talihsiz bir olay oluyor.<\/p>\n<p><strong>B\u00dcY\u00dcK B\u0130R \u0130FT\u0130RA<\/strong><\/p>\n<p>(Sizin d\u00f6neminiz bir darbe d\u00f6nemi olarak m\u0131 planland\u0131) Bu, bir kere bana b\u00fcy\u00fck bir iftira. Bu ne bi\u00e7im i\u015ftir?  Bunu kesinliklikle reddediyorum.<\/p>\n<p><strong>SAPIK D\u00dc\u015e\u00dcNCELER<\/strong><\/p>\n<p>1.5 y\u0131l sonra ne olacak diye yazan, tahmin eden bir yaz\u0131 \u00fczerine biraz d\u00fc\u015f\u00fcn\u00fcrsek bence iki \u015f\u0131k var. Birincisi hakikaten birilerinin elinde, bilmiyorum kim, kimseyi de itham etmiyorum, 2009 y\u0131l\u0131n\u0131n ikinci d\u00f6neminden itibaren darbeye haz\u0131rl\u0131k y\u00f6n\u00fcnde baz\u0131 faaliyetler olaca\u011f\u0131na y\u00f6nelik bilgiler var. Ne zaman? 2008 Ocak. Olabilir mi? Bu faraziye durumu kabul edelim ki, o zaman ciddi devlette yap\u0131lmas\u0131 gereken nedir? Bu bilgilerin TSK komuta kademesi, tabii d\u00f6nemin Genelkurmay Ba\u015fkan\u0131 ile payla\u015f\u0131lmas\u0131 laz\u0131m. \u2018Efendim, bizde bak\u0131n, b\u00f6yle b\u00f6yle bilgiler var, buyurun hep beraber hukuku da \u00e7al\u0131\u015ft\u0131ral\u0131m, sistemi de \u00e7al\u0131\u015ft\u0131ral\u0131m elbette b\u00f6yle yanl\u0131\u015f, sap\u0131k d\u00fc\u015f\u00fcncelerde olanlar varsa onlara gerekli i\u015flemi yapal\u0131m\u2019 denilmesi laz\u0131m.<\/p>\n<p><strong>S\u00d6ZLER\u0130M\u0130N ARKASINDAYIM<\/strong><\/p>\n<p>\u0130kinci \u015f\u0131kta insan\u0131n akl\u0131na \u015fu geliyor; birilerinin elinde, kimseyi itham etmiyorum tekrar, T\u00fcrk Silahl\u0131 Kuvvetlerine kar\u015f\u0131 bizim tabirimizle asimetrik psikolojik harekat anlam\u0131nda kullan\u0131labilecek baz\u0131 bilgiler, bir\u015feyler var. Al\u0131nm\u0131\u015f, bir\u015feyler yap\u0131lm\u0131\u015f, \u00e7izilmi\u015f vesaire. Bu bilgileri herhalde onlar 2009\u2019un ilk \u00e7eyre\u011finden sonra uygulamay\u0131, kamuoyuna duyurmay\u0131 veya hukuki s\u00fcre\u00e7lerde kullanmay\u0131 d\u00fc\u015f\u00fcn\u00fcyorlard\u0131. G\u00fcl\u00fcp ge\u00e7ebilirsiniz bu s\u00f6ylediklerime, \u2018komplo teorisi\u2019 de diyebilirsiniz. Hepsine sayg\u0131 g\u00f6steririm. \u0130lk g\u00f6revi ald\u0131\u011f\u0131m g\u00fcnden bug\u00fcne kadar ne s\u00f6ylediysem arkas\u0131nday\u0131m. Kelimesi, virg\u00fcl\u00fc&#8230;<\/p>\n<p><strong>G\u00dc\u00c7L\u00dc ORDU G\u00dc\u00c7L\u00dc T\u00dcRK\u0130YE<\/strong><\/p>\n<p>Bir slogan kulland\u0131k ge\u00e7en sene 30 A\u011fustos\u2019ta. G\u00fc\u00e7l\u00fc Ordu, G\u00fc\u00e7l\u00fc T\u00fcrkiye. Bunu benim de\u011fi\u015ftirebilece\u011fimi d\u00fc\u015f\u00fcnenler, d\u00fc\u015f\u00fcnebilenler&#8230; Ne beni tan\u0131yor, ne silahl\u0131 kuvvetleri tan\u0131yor. \u00d6yle bir \u015fey s\u00f6zkonusu olamaz.<\/p>\n<p><strong>\u0130RT\u0130CA \u0130LE EYLEM PLANI<\/strong><\/p>\n<p>12 Haziran 2009\u2019da ne oldu? Bir gazetede, malum gazetede, bu irtica ile eylem plan\u0131 \u00e7\u0131kt\u0131. Orada da tabii ilgin\u00e7 bir nokta var. Bu plan\u0131n gazeteye polis taraf\u0131ndan servis edildi\u011fi a\u00e7\u0131k, soru\u015fturma a\u00e7\u0131l\u0131yor \u00e7\u00fcnk\u00fc. Soru\u015fturman\u0131n da ne oldu\u011funu merakla bekliyorum. Ondan sonra bir s\u00fcre\u00e7 ge\u00e7ti i\u015fte, onlara geri d\u00f6nmek istemiyorum.<\/p>\n<p><strong>YANLI\u015e ADAMLAR \u00c7IKAB\u0130L\u0130R<\/strong><\/p>\n<p>2009\u2019a geldik bir ihbar mektubu \u00e7\u0131kt\u0131. Bir subay yazm\u0131\u015f. Olabilir, bizden de yanl\u0131\u015f adamlar \u00e7\u0131kabilir. \u2018T\u00fcrk Silahl\u0131 Kuvvetlerinin i\u00e7inden hi\u00e7 yanl\u0131\u015f yapan adam \u00e7\u0131kmaz\u2019.<br \/>\nHay\u0131r efendim bizden de \u00e7\u0131kabilir. \u00d6nemli olan bulup gere\u011fini yerine getirmek.<\/p>\n<p><strong>TESAD\u00dcF M\u00dc?<\/strong><\/p>\n<p>Bu kadar olay\u0131n pe\u015fpe\u015fe gelmesi hakikaten tesad\u00fcf m\u00fc? Yoksa bilemiyorum bir yerde bir yerde planlan\u0131yor da arka arkaya kamuoyuna sunuyorlar m\u0131? Yarg\u0131 Bunlara komplo mu diyece\u011fiz, bir merkezden y\u00f6netilen faaliyetler mi diyece\u011fiz?<\/p>\n<p><strong>ERGENEKON DAVASI<\/strong><\/p>\n<p>Bug\u00fcne kadar 71 muvazzaf subay\u0131m tutukland\u0131. Bug\u00fcn itibariyle 53\u2019\u00fc tahliye oldu, \u015fu anda 18 muvazzaf personelim tutuklu. 43 tane emekli personel tutukland\u0131, 29\u2019u tahliye edildi, 14\u2019\u00fc hala tutuklu. Burada biraz vicdani hareket etmemiz laz\u0131m.<\/p>\n<p><strong>HABERAL\u2019A \u00dcZ\u00dcL\u00dcYORUM<\/strong><\/p>\n<p>Genekurmay Ba\u015fkan\u0131 olarak sadece muvazzaf ve emekli personelinimizi mi d\u00fc\u015f\u00fcn\u00fcyorsunuz? Bir de sivillerden var. \u015eimdi a\u00e7\u0131k s\u00f6yl\u00fcyorum. Kimse ne anlarsa anlas\u0131n, ben Prof. Mehmet Haberal\u2019a da ayn\u0131 \u015fekilde \u00fcz\u00fcl\u00fcyorum. Yanl\u0131\u015f anla\u015f\u0131lmayal\u0131m. Yarg\u0131ya elbette sayg\u0131l\u0131 olaca\u011f\u0131z. Bizim burada esas \u00fczerinde durdu\u011fumuz konu tutukluluk hallerinin uzun s\u00fcre devam etmesi.<\/p>\n<p><strong>PROFESYONEL ORDU<\/strong><\/p>\n<p>TSK\u2019daki toplam erba\u015f ve er mevcudu 430 binler civar\u0131nda. Bunlar\u0131 uzman haline getirmek do\u011fru de\u011fil art\u0131 m\u00fcmk\u00fcn de de\u011fil. Niye? T\u00fcrkiye\u2019de askerlik bir vatan borcu. Yani T\u00fcrk ordusunun belkemi\u011fini Mehmet\u00e7ik olu\u015fturuyor. Mehmet\u00e7i\u011fin yerini hi\u00e7bir \u015feyle dolduramay\u0131z. D\u00fcnyan\u0131n neresinde askere davulla zurnayla g\u00f6nderilen var? Bu sistemle oynamaya kalkarsan\u0131z, orduyla millet aras\u0131ndaki ba\u011f\u0131 da kopart\u0131r.<\/p>\n<p><strong>Y\u00dcRE\u011e\u0130MDEN YAKTI<\/strong><\/p>\n<p>Uzman \u00e7avu\u015fumuzun gen\u00e7 bir k\u0131z\u0131 y\u00fcre\u011fimden yakt\u0131 beni. Ben o uzman \u00e7avu\u015fumuzu ve e\u015fini kutluyorum. Kendilerine de ifade ettim. Bu kadar \u00fclke sorunlar\u0131na duyarl\u0131, cumhuriyete, cumhuriyetin niteliklerine bu kadar ba\u011fl\u0131, Atat\u00fcrk\u2019e bu kadar a\u015f\u0131k bir \u00e7ocu\u011fu yeti\u015ftirdikleri i\u00e7in o uzman\u0131m\u0131z\u0131 ve e\u015fini tebrik ediyorum.<br \/>\n\u00c7\u00fcnk\u00fc bazen, bunu da kimse yanl\u0131\u015f anlamas\u0131n, kimleri g\u00f6r\u00fcyoruz. Ne makamlara gelmi\u015fler, ne r\u00fctbelere eri\u015fmi\u015fler, asker &#8211; sivil ayr\u0131m\u0131 yapm\u0131yorum, ama onlar\u0131n yeti\u015ftirdikleri \u00e7ocuklara bak\u0131nca bazen ayn\u0131 \u015feyi de g\u00f6remiyoruz.<\/p>\n<p><strong>KARDELEN EL\u0130F<\/strong><\/p>\n<p>Bir de \u0130stanbul\u2019daki olayda bir personelimizi kaybettik. E\u015fi Elif, Kardelen Elif. Elif, T\u00fcrk\u00e7e ve sosyoloji hocas\u0131. Bana ge\u00e7enlerde bir iste\u011fini iletti. Ne olmak istiyor biliyor musunuz? Askeri okullarda \u00f6\u011fretmen olmak istiyor. Benden tek talebi, \u2018komutan\u0131m bana bir askeri okulda \u00f6\u011fretmenlik g\u00f6revi verin. Ac\u0131m\u0131 bu dindirir.\u2019 Elbette bu iste\u011fini kar\u015f\u0131layaca\u011f\u0131z.<\/p>\n<p><strong>\u00dcZ\u00dcLMEYE HAKKIMIZ YOK!<\/strong><\/p>\n<p>\u201cG\u00f6rev s\u00fcresi i\u00e7inde kendisini en fazla \u00fczen olay\u0131n ne oldu\u011fu sorusu \u00fczerine) Biz askeriz. Askerin \u00fcz\u00fclmeye hakk\u0131 yok.  Ac\u0131n\u0131z\u0131 y\u00fcre\u011finize g\u00f6meceksiniz, ta\u015f basacaks\u0131n\u0131z, dik ve metin olacaks\u0131n\u0131z. Hele astlar\u0131n\u0131za \u00fcz\u00fcld\u00fc\u011f\u00fcn\u00fcz\u00fc g\u00f6stermek kesinlikle do\u011fru bir hareket de\u011fil. Tabii \u015fehit olaylar\u0131&#8230;<\/p>\n<p>Beni en \u00e7ok \u00fczen olaylar\u0131n ba\u015f\u0131nda \u015fu geliyor, ter\u00f6rle m\u00fccadelede can\u0131n\u0131 feda etmekten ka\u00e7\u0131nmam\u0131\u015f subay\u0131n, generalin, astsubay\u0131n hi\u00e7 fark\u0131 olmadan haks\u0131z yere su\u00e7lanmalar\u0131 beni \u00e7ok rahats\u0131z etti. Bir ter\u00f6r \u00f6rg\u00fct\u00fcne \u00fcye olmakla su\u00e7lan\u0131yorlar. Albay Cemal Temiz\u00f6z buna bir \u00f6rnek. Kaz\u0131lar yap\u0131ld\u0131. Adli T\u0131p\u2019tan gelen sonu\u00e7lar\u0131 biliyorum, hi\u00e7bir \u015fey \u00e7\u0131kmad\u0131 o kaz\u0131lardan.<\/p>\n<p><strong>T\u00dcRK KANI TA\u015eIMIYORLAR<\/strong><\/p>\n<p>TSK\u2019dan ayr\u0131lan 50 subay\u0131n PKK ter\u00f6r \u00f6rg\u00fct\u00fcnde y\u00f6netim kadrosunu ele ge\u00e7irdi\u011fi, a\u00e7\u0131l\u0131m s\u00fcreci ba\u015flad\u0131ktan sonra kaos i\u00e7in eylemlere h\u0131z verdikleri y\u00f6n\u00fcndeki iddia sizde nas\u0131l bir etki yarat\u0131yor? Baz\u0131 eylemlerden sonra sanki o b\u00f6lgede sorumlu komutanlar\u0131n duyars\u0131z kald\u0131klar\u0131 veya \u00f6zellikle g\u00f6revlerini savsaklad\u0131klar\u0131, bir anlamda PKK ile organik ba\u011flant\u0131 i\u00e7inde olduklar\u0131 imalar\u0131 s\u0131k\u00e7a dile getiriliyor) B\u00f6yle bir iddiay\u0131 ciddiye al\u0131nacak bir iddia olarak g\u00f6rm\u00fcyorum. Bunu \u00e7ok \u00e7irkin buluyorum. Benzetmeler de \u00e7irkin. Kusura bakmay\u0131n bu tabiri kullanaca\u011f\u0131m: \u00d6yle \u015feyleri d\u00fc\u015f\u00fcnenlerin T\u00fcrk kan\u0131 ta\u015f\u0131d\u0131\u011f\u0131n\u0131 d\u00fc\u015f\u00fcnm\u00fcyorum. T\u00fcrk kan\u0131 ta\u015f\u0131yanlar\u0131n b\u00f6yle \u015feyler ortaya atmas\u0131&#8230; Konu\u015fmak bile istemiyorum.<\/p>\n<p><strong>Derleme: Milliyet<\/strong><\/p>\n<p><strong><span style=\"font-weight: bold; color: #f00;\">Error, group does not exist! Check your syntax! (ID: 51)<\/span><\/strong><\/p>\n","protected":false},"excerpt":{"rendered":"<p>Genelkurmay Ba\u015fkan\u0131 Orgeneral \u0130lker Ba\u015fbu\u011f, Star TV\u2019de U\u011fur D\u00fcndar\u2019a g\u00fcndeme ili\u015fkin sorular\u0131n\u0131 yan\u0131tlad\u0131.<\/p>\n","protected":false},"author":4,"featured_media":31160,"comment_status":"open","ping_status":"open","sticky":false,"template":"","format":"standard","meta":{"_acf_changed":false,"footnotes":""},"categories":[6155,5005,6202,6805],"tags":[7578,6905,7577,11758,34353,34351,34352,34350,34354,5115,5592,787,31650,32771,34355],"class_list":["post-31157","post","type-post","status-publish","format-standard","has-post-thumbnail","hentry","category-gundem","category-manset","category-politika","category-turkiye","tag-genelkurmay","tag-genelkurmay-baskanligi","tag-ilker-basbug","tag-ilker-basbug-aciklamalari","tag-ilker-basbug-kardelen-elif","tag-ilker-basbug-roportaji","tag-ilker-basbug-star-tv","tag-ilker-basbug-ugur-dundar","tag-ilker-basbug-ugur-dundar-roportaji","tag-kemal-kilicdaroglu","tag-pkk","tag-recep-tayyip-erdogan","tag-sehit","tag-sehit-cenazesi","tag-teror-saldirilari"],"acf":[],"_links":{"self":[{"href":"https:\/\/www.nationalturk.com\/tr\/wp-json\/wp\/v2\/posts\/31157","targetHints":{"allow":["GET"]}}],"collection":[{"href":"https:\/\/www.nationalturk.com\/tr\/wp-json\/wp\/v2\/posts"}],"about":[{"href":"https:\/\/www.nationalturk.com\/tr\/wp-json\/wp\/v2\/types\/post"}],"author":[{"embeddable":true,"href":"https:\/\/www.nationalturk.com\/tr\/wp-json\/wp\/v2\/users\/4"}],"replies":[{"embeddable":true,"href":"https:\/\/www.nationalturk.com\/tr\/wp-json\/wp\/v2\/comments?post=31157"}],"version-history":[{"count":0,"href":"https:\/\/www.nationalturk.com\/tr\/wp-json\/wp\/v2\/posts\/31157\/revisions"}],"wp:featuredmedia":[{"embeddable":true,"href":"https:\/\/www.nationalturk.com\/tr\/wp-json\/wp\/v2\/media\/31160"}],"wp:attachment":[{"href":"https:\/\/www.nationalturk.com\/tr\/wp-json\/wp\/v2\/media?parent=31157"}],"wp:term":[{"taxonomy":"category","embeddable":true,"href":"https:\/\/www.nationalturk.com\/tr\/wp-json\/wp\/v2\/categories?post=31157"},{"taxonomy":"post_tag","embeddable":true,"href":"https:\/\/www.nationalturk.com\/tr\/wp-json\/wp\/v2\/tags?post=31157"}],"curies":[{"name":"wp","href":"https:\/\/api.w.org\/{rel}","templated":true}]}}