{"id":31430,"date":"2010-07-08T10:57:04","date_gmt":"2010-07-08T08:57:04","guid":{"rendered":"http:\/\/www.nationalturk.com\/?p=31430"},"modified":"2010-07-08T10:57:04","modified_gmt":"2010-07-08T08:57:04","slug":"hendek-kavga-yasin-sari-yahya-sahinkaya-8201449","status":"publish","type":"post","link":"https:\/\/www.nationalturk.com\/tr\/hendek-kavga-yasin-sari-yahya-sahinkaya-8201449\/","title":{"rendered":"Sakarya Hendek&#8217;te silahl\u0131 kavga: 2 \u00f6l\u00fc"},"content":{"rendered":"<p><strong><img loading=\"lazy\" decoding=\"async\" class=\"alignleft size-medium wp-image-31431\" src=\"http:\/\/www.nationalturk.com\/tr\/wp-content\/uploads\/2010\/07\/olay_yeri_1-280x210.jpg\" alt=\"\" width=\"280\" height=\"210\" title=\"\" srcset=\"https:\/\/www.nationalturk.com\/tr\/wp-content\/uploads\/2010\/07\/olay_yeri_1-280x210.jpg 280w, https:\/\/www.nationalturk.com\/tr\/wp-content\/uploads\/2010\/07\/olay_yeri_1.jpg 350w\" sizes=\"auto, (max-width: 280px) 100vw, 280px\" \/>Sakarya\u2019n\u0131n Hendek il\u00e7esindeki silahl\u0131 kavgada 2 ki\u015fi hayat\u0131n\u0131 kaybetti. <\/strong><\/p>\n<p>Ba\u015fp\u0131nar Caddesi\u2019nde aralar\u0131nda husumet bulunan Yahya \u015eahinkaya (41) ile Yasin Sar\u0131&#8217;n\u0131n (32) tart\u0131\u015fmas\u0131 k\u0131sa s\u00fcrede b\u00fcy\u00fcd\u00fc. Birbirlerine silahla ate\u015f eden iki ki\u015fi de a\u011f\u0131r yaral\u0131 olarak Hendek Devlet Hastanesine kald\u0131r\u0131ld\u0131.<\/p>\n<p>Ancak \u015eahinkaya ve Sar\u0131 kurtar\u0131lamad\u0131.<\/p>\n<p>Cumhuriyet Savc\u0131s\u0131n\u0131n yapt\u0131\u011f\u0131 incelemenin ard\u0131ndan Sar\u0131 ve \u015eahinkaya\u2019n\u0131n cesedi, \u0130stanbul Adli T\u0131p Kurumuna g\u00f6nderildi. Olayla ilgili soru\u015fturma s\u00fcr\u00fcyor.<\/p>\n<span style=\"font-weight: bold; color: #f00;\">Error, group does not exist! Check your syntax! (ID: 72)<\/span>\n","protected":false},"excerpt":{"rendered":"<p>Sakarya\u2019n\u0131n Hendek il\u00e7esindeki silahl\u0131 kavgada 2 ki\u015fi hayat\u0131n\u0131 kaybetti.<\/p>\n","protected":false},"author":4,"featured_media":191074,"comment_status":"open","ping_status":"open","sticky":false,"template":"","format":"standard","meta":{"_acf_changed":false,"footnotes":""},"categories":[5005,6805],"tags":[34828,34829,34835,7370,34834,34831,34832,34830,34833],"class_list":["post-31430","post","type-post","status-publish","format-standard","has-post-thumbnail","hentry","category-manset","category-turkiye","tag-hendek","tag-hendek-devlet-hastanesi","tag-hendek-silahli-kavga","tag-sakarya","tag-sakarya-hendek-catisma","tag-yahya-sahinkaya","tag-yahya-sahinkaya-cinayet","tag-yasin-sari","tag-yasin-sari-cinayet"],"acf":[],"_links":{"self":[{"href":"https:\/\/www.nationalturk.com\/tr\/wp-json\/wp\/v2\/posts\/31430","targetHints":{"allow":["GET"]}}],"collection":[{"href":"https:\/\/www.nationalturk.com\/tr\/wp-json\/wp\/v2\/posts"}],"about":[{"href":"https:\/\/www.nationalturk.com\/tr\/wp-json\/wp\/v2\/types\/post"}],"author":[{"embeddable":true,"href":"https:\/\/www.nationalturk.com\/tr\/wp-json\/wp\/v2\/users\/4"}],"replies":[{"embeddable":true,"href":"https:\/\/www.nationalturk.com\/tr\/wp-json\/wp\/v2\/comments?post=31430"}],"version-history":[{"count":0,"href":"https:\/\/www.nationalturk.com\/tr\/wp-json\/wp\/v2\/posts\/31430\/revisions"}],"wp:featuredmedia":[{"embeddable":true,"href":"https:\/\/www.nationalturk.com\/tr\/wp-json\/wp\/v2\/media\/191074"}],"wp:attachment":[{"href":"https:\/\/www.nationalturk.com\/tr\/wp-json\/wp\/v2\/media?parent=31430"}],"wp:term":[{"taxonomy":"category","embeddable":true,"href":"https:\/\/www.nationalturk.com\/tr\/wp-json\/wp\/v2\/categories?post=31430"},{"taxonomy":"post_tag","embeddable":true,"href":"https:\/\/www.nationalturk.com\/tr\/wp-json\/wp\/v2\/tags?post=31430"}],"curies":[{"name":"wp","href":"https:\/\/api.w.org\/{rel}","templated":true}]}}