{"id":31704,"date":"2010-07-10T16:05:39","date_gmt":"2010-07-10T14:05:39","guid":{"rendered":"http:\/\/www.nationalturk.com\/?p=31704"},"modified":"2010-07-12T01:13:03","modified_gmt":"2010-07-11T23:13:03","slug":"mesut-ozil-altin-top-8923893","status":"publish","type":"post","link":"https:\/\/www.nationalturk.com\/tr\/mesut-ozil-altin-top-8923893\/","title":{"rendered":"Mesut \u00d6zil &#8220;Alt\u0131n Top&#8221; aday\u0131"},"content":{"rendered":"<p><strong><img loading=\"lazy\" decoding=\"async\" class=\"alignleft size-full wp-image-31705\" title=\"Mesut \u00d6zil\" src=\"http:\/\/www.nationalturk.com\/tr\/wp-content\/uploads\/2010\/07\/mesutttt_ozilll.jpg\" alt=\"\" width=\"377\" height=\"196\" srcset=\"https:\/\/www.nationalturk.com\/tr\/wp-content\/uploads\/2010\/07\/mesutttt_ozilll.jpg 377w, https:\/\/www.nationalturk.com\/tr\/wp-content\/uploads\/2010\/07\/mesutttt_ozilll-280x145.jpg 280w\" sizes=\"auto, (max-width: 377px) 100vw, 377px\" \/>FIFA 2010 D\u00fcnya Kupas\u0131&#8217;nda tak\u0131m\u0131 Almanya yar\u0131 finalde elenmesine ra\u011fmen turnuvaya damga vuran isimlerden biri olan Mesut \u00d6zil g\u00fcndemde \u00f6nemli yer kaplamaya devam ediyor.<\/strong><\/p>\n<p>FIFA Genel Sekreteri J\u00e9r\u00f4me Valcke ve adidas CEO&#8217;su Herbert Hainer, D\u00fcnya Kupas\u0131 Alt\u0131n Top \u00f6d\u00fcl\u00fcn\u00fc kazanmaya aday 10 ismi a\u00e7\u0131klad\u0131.<\/p>\n<p>2010 D\u00fcnya Kupas\u0131&#8217;nda Alt\u0131n Top \u00f6d\u00fcl\u00fcn\u00fc kazanan isim Hollanda ile \u0130spanya aras\u0131nda oynanacak final ma\u00e7\u0131n\u0131n ard\u0131ndan a\u00e7\u0131klanacak.<\/p>\n<p>Alt\u0131n Top aday\u0131 futbolcular\u0131n listesi \u015f\u00f6yle;<\/p>\n<p>Diego Forlan (URUGUAY), Asamoah Gyan (GANA), Andres Iniesta (\u0130SPANYA), Lionel Messi (ARJANT\u0130N), Mesut \u00d6zil (ALMANYA),\u00a0Arjen Robben (HOLLANDA), Bastian Schweinsteiger (ALMANYA), Wesley Sneijder (HOLLANDA), David Villa (\u0130SPANYA), Xavi (\u0130SPANYA)<\/p>\n<span style=\"font-weight: bold; color: #f00;\">Error, group does not exist! Check your syntax! (ID: 74)<\/span>\n<span style=\"font-weight: bold; color: #f00;\">Error, group does not exist! Check your syntax! (ID: 61)<\/span>\n","protected":false},"excerpt":{"rendered":"<p>FIFA 2010 D\u00fcnya Kupas\u0131&#8217;nda tak\u0131m\u0131 Almanya yar\u0131 finalde elenmesine ra\u011fmen turnuvaya damga vuran isimlerden biri olan Mesut \u00d6zil g\u00fcndemde \u00f6nemli yer kaplamaya devam ediyor.<\/p>\n","protected":false},"author":4,"featured_media":31705,"comment_status":"open","ping_status":"open","sticky":false,"template":"","format":"standard","meta":{"_acf_changed":false,"footnotes":""},"categories":[8244,6774,6194],"tags":[35189,35180,35182,35179,35183,35185,35178,35190,35181,30748,31416,35188,35187,35184,35186],"class_list":["post-31704","post","type-post","status-publish","format-standard","has-post-thumbnail","hentry","category-fifa-dunya-kupasi","category-futbol","category-spor","tag-altin-top-adaylari","tag-andres-iniesta-ispanya","tag-arjen-robben-hollanda","tag-asamoah-gyan-gana","tag-bastian-schweinsteiger-almanya","tag-david-villa-ispanya","tag-diego-forlan-uruguay","tag-dunya-kupasi-altin-top-adaylari","tag-lionel-messi-arjantin","tag-mesut-ozil","tag-mesut-ozil-almanya","tag-mesut-ozil-altin-top","tag-mesut-ozil-dunya-kupasi","tag-wesley-sneijder-hollanda","tag-xavi-ispanya"],"acf":[],"_links":{"self":[{"href":"https:\/\/www.nationalturk.com\/tr\/wp-json\/wp\/v2\/posts\/31704","targetHints":{"allow":["GET"]}}],"collection":[{"href":"https:\/\/www.nationalturk.com\/tr\/wp-json\/wp\/v2\/posts"}],"about":[{"href":"https:\/\/www.nationalturk.com\/tr\/wp-json\/wp\/v2\/types\/post"}],"author":[{"embeddable":true,"href":"https:\/\/www.nationalturk.com\/tr\/wp-json\/wp\/v2\/users\/4"}],"replies":[{"embeddable":true,"href":"https:\/\/www.nationalturk.com\/tr\/wp-json\/wp\/v2\/comments?post=31704"}],"version-history":[{"count":0,"href":"https:\/\/www.nationalturk.com\/tr\/wp-json\/wp\/v2\/posts\/31704\/revisions"}],"wp:featuredmedia":[{"embeddable":true,"href":"https:\/\/www.nationalturk.com\/tr\/wp-json\/wp\/v2\/media\/31705"}],"wp:attachment":[{"href":"https:\/\/www.nationalturk.com\/tr\/wp-json\/wp\/v2\/media?parent=31704"}],"wp:term":[{"taxonomy":"category","embeddable":true,"href":"https:\/\/www.nationalturk.com\/tr\/wp-json\/wp\/v2\/categories?post=31704"},{"taxonomy":"post_tag","embeddable":true,"href":"https:\/\/www.nationalturk.com\/tr\/wp-json\/wp\/v2\/tags?post=31704"}],"curies":[{"name":"wp","href":"https:\/\/api.w.org\/{rel}","templated":true}]}}