{"id":31713,"date":"2010-07-11T16:21:14","date_gmt":"2010-07-11T14:21:14","guid":{"rendered":"http:\/\/www.nationalturk.com\/?p=31713"},"modified":"2010-07-11T16:40:05","modified_gmt":"2010-07-11T14:40:05","slug":"kuba-devrimi-lideri-fidel-castro-saglik-4431713","status":"publish","type":"post","link":"https:\/\/www.nationalturk.com\/tr\/kuba-devrimi-lideri-fidel-castro-saglik-4431713\/","title":{"rendered":"Fidel Castro &#8216;dan sa\u011fl\u0131k dolu bir jest"},"content":{"rendered":"<p><a href=\"http:\/\/www.nationalturk.com\/tr\/wp-content\/uploads\/2010\/07\/fidel_castro_saglik.jpg\"><img loading=\"lazy\" decoding=\"async\" class=\"alignleft size-full wp-image-31714\" title=\"fidel_castro_saglik\" src=\"http:\/\/www.nationalturk.com\/tr\/wp-content\/uploads\/2010\/07\/fidel_castro_saglik.jpg\" alt=\"\" width=\"250\" height=\"166\"><\/a>K\u00fcba Devrimi Lideri Fidel Castro, Temmuz 2006\u2019da ba\u011f\u0131rsaklar\u0131ndan ameliyat ge\u00e7irip g\u00f6revi karde\u015fi Raul Castro\u2019ya devretikten sonra ilk kez g\u00f6r\u00fcn\u00fctlendi.<\/p>\n<p>D\u00f6rt y\u0131l aradan sonra bas\u0131na ilk kez yans\u0131yan bu\u00a0resmi, Fidel Castro\u2019nun o\u011flu Alex Castro\u2019nun \u00e7ekti\u011fi belirtildi.<\/p>\n<p>Uzun bir aradan sonra medyan\u0131n kar\u015f\u0131s\u0131na \u00e7\u0131kmas\u0131n\u0131n tesad\u00fcf olmayan \u00f6nemli bir jest oldu\u011fu Latin d\u00fcnyas\u0131n\u0131n \u00f6nde gelen siyaset\u00e7ileri taraf\u0131ndan belirtildi.<\/p>\n<p>Fidel Castro&#8217;nun \u00fczerinde e\u015fofman ile Ba\u015fkent Havana\u2019daki Ulusal Bilimsel Ara\u015ft\u0131rma Merkezi\u2019nde, g\u00f6revlilerle sohbet ederken sa\u011fl\u0131kl\u0131 ve ne\u015feli\u00a0oldu\u011fu g\u00f6r\u00fcld\u00fc.<\/p>\n<p>K\u00fcba\u2019n\u0131n Castro iktidar\u0131na muhalefet yapt\u0131klar\u0131 gerek\u00e7esiyle 2003\u00a0y\u0131l\u0131nda tutuklanan 52 politik tutukluyu serbest b\u0131rakma karar\u0131n\u0131 almas\u0131n\u0131n ard\u0131ndan Fidel Castro&#8217;nun\u00a0uzun bir aradan sonra medyan\u0131n kar\u015f\u0131s\u0131na \u00e7\u0131kmas\u0131n\u0131n tesad\u00fcf olmayan \u00f6nemli bir jest oldu\u011fu Latin d\u00fcnyas\u0131n\u0131n \u00f6nde gelen siyaset\u00e7ileri taraf\u0131ndan belirtildi.<\/p>\n<span style=\"font-weight: bold; color: #f00;\">Error, group does not exist! Check your syntax! (ID: 51)<\/span>\n<span style=\"font-weight: bold; color: #f00;\">Error, group does not exist! Check your syntax! (ID: 53)<\/span>\n","protected":false},"excerpt":{"rendered":"<p>K\u00fcba Devrimi Lideri Fidel Castro, Temmuz 2006\u2019da ba\u011f\u0131rsaklar\u0131ndan ameliyat ge\u00e7irip g\u00f6revi karde\u015fi Raul Castro\u2019ya <\/p>\n","protected":false},"author":6,"featured_media":31714,"comment_status":"open","ping_status":"open","sticky":false,"template":"","format":"standard","meta":{"_acf_changed":false,"footnotes":""},"categories":[6665,6771,5005],"tags":[35200,35199,35202,35201,35203,931,14,35198,16957],"class_list":["post-31713","post","type-post","status-publish","format-standard","has-post-thumbnail","hentry","category-dunya","category-latin-amerika","category-manset","tag-alex-castro","tag-bagirsaklarindan-ameliyat","tag-baskent-havana","tag-baskent-havana-ulusal-bilimsel-arastirma-merkezi","tag-bilimsel-arastirma-merkezi","tag-fidel-castro","tag-kuba","tag-kuba-devrimi-lideri","tag-raul-castro"],"acf":[],"_links":{"self":[{"href":"https:\/\/www.nationalturk.com\/tr\/wp-json\/wp\/v2\/posts\/31713","targetHints":{"allow":["GET"]}}],"collection":[{"href":"https:\/\/www.nationalturk.com\/tr\/wp-json\/wp\/v2\/posts"}],"about":[{"href":"https:\/\/www.nationalturk.com\/tr\/wp-json\/wp\/v2\/types\/post"}],"author":[{"embeddable":true,"href":"https:\/\/www.nationalturk.com\/tr\/wp-json\/wp\/v2\/users\/6"}],"replies":[{"embeddable":true,"href":"https:\/\/www.nationalturk.com\/tr\/wp-json\/wp\/v2\/comments?post=31713"}],"version-history":[{"count":0,"href":"https:\/\/www.nationalturk.com\/tr\/wp-json\/wp\/v2\/posts\/31713\/revisions"}],"wp:featuredmedia":[{"embeddable":true,"href":"https:\/\/www.nationalturk.com\/tr\/wp-json\/wp\/v2\/media\/31714"}],"wp:attachment":[{"href":"https:\/\/www.nationalturk.com\/tr\/wp-json\/wp\/v2\/media?parent=31713"}],"wp:term":[{"taxonomy":"category","embeddable":true,"href":"https:\/\/www.nationalturk.com\/tr\/wp-json\/wp\/v2\/categories?post=31713"},{"taxonomy":"post_tag","embeddable":true,"href":"https:\/\/www.nationalturk.com\/tr\/wp-json\/wp\/v2\/tags?post=31713"}],"curies":[{"name":"wp","href":"https:\/\/api.w.org\/{rel}","templated":true}]}}