{"id":31975,"date":"2010-07-13T12:55:10","date_gmt":"2010-07-13T10:55:10","guid":{"rendered":"http:\/\/www.nationalturk.com\/?p=31975"},"modified":"2010-07-13T12:55:10","modified_gmt":"2010-07-13T10:55:10","slug":"dunya-kupasi-ispanyol-spiker-video-560380","status":"publish","type":"post","link":"https:\/\/www.nationalturk.com\/tr\/dunya-kupasi-ispanyol-spiker-video-560380\/","title":{"rendered":"\u0130spanyol spikerler b\u00f6yle \u00e7\u0131ld\u0131rd\u0131 (Video)"},"content":{"rendered":"<p><strong>FIFA 2010 D\u00fcnya Kupas\u0131&#8217;nda Hollanda&#8217;y\u0131 1-0 ma\u011flup ederek tarihinde ilk kez D\u00fcnya \u015eampiyonu olan \u0130spanya&#8217;da m\u00fcthi\u015f sevin\u00e7 devam ederken ma\u00e7 s\u0131ras\u0131nda ya\u015fananlar da izlenme rekorlar\u0131 k\u0131r\u0131yor.<\/strong><\/p>\n<p>\u0130\u015fte ikinci uzatma devresinde Iniesta&#8217;n\u0131n att\u0131\u011f\u0131 golde \u0130spanyol spikerlerin ya\u015fad\u0131\u011f\u0131 sevin\u00e7;<\/p>\n[media id=624 width=610 height=340]\n<!-- Error, Advert is not available at this time due to schedule\/geolocation restrictions! -->\n<!-- Error, Advert is not available at this time due to schedule\/geolocation restrictions! -->\n","protected":false},"excerpt":{"rendered":"<p>FIFA 2010 D\u00fcnya Kupas\u0131&#8217;nda Hollanda&#8217;y\u0131 1-0 ma\u011flup ederek tarihinde ilk kez D\u00fcnya \u015eampiyonu olan \u0130spanya&#8217;da m\u00fcthi\u015f sevin\u00e7 devam ederken ma\u00e7 s\u0131ras\u0131nda ya\u015fananlar da izlenme rekorlar\u0131 k\u0131r\u0131yor.<\/p>\n","protected":false},"author":4,"featured_media":31976,"comment_status":"open","ping_status":"open","sticky":false,"template":"","format":"standard","meta":{"_acf_changed":false,"footnotes":""},"categories":[8244,6774,6667,6194,342],"tags":[35505,34976,35509,35508,15,35507,35510,35506,35511],"class_list":["post-31975","post","type-post","status-publish","format-standard","has-post-thumbnail","hentry","category-fifa-dunya-kupasi","category-futbol","category-medya","category-spor","category-video","tag-dunya-kupasi-spikerler","tag-dunya-kupasi-videolari","tag-iniesta-gol-spikerler","tag-iniesta-gol-video","tag-ispanya","tag-ispanya-spiker-iniesta-gol","tag-ispanyol-spikerler-cildirdi","tag-ispanyol-spikerler-video","tag-ispanyol-spikerlerin-goruntuleri"],"acf":[],"_links":{"self":[{"href":"https:\/\/www.nationalturk.com\/tr\/wp-json\/wp\/v2\/posts\/31975","targetHints":{"allow":["GET"]}}],"collection":[{"href":"https:\/\/www.nationalturk.com\/tr\/wp-json\/wp\/v2\/posts"}],"about":[{"href":"https:\/\/www.nationalturk.com\/tr\/wp-json\/wp\/v2\/types\/post"}],"author":[{"embeddable":true,"href":"https:\/\/www.nationalturk.com\/tr\/wp-json\/wp\/v2\/users\/4"}],"replies":[{"embeddable":true,"href":"https:\/\/www.nationalturk.com\/tr\/wp-json\/wp\/v2\/comments?post=31975"}],"version-history":[{"count":0,"href":"https:\/\/www.nationalturk.com\/tr\/wp-json\/wp\/v2\/posts\/31975\/revisions"}],"wp:featuredmedia":[{"embeddable":true,"href":"https:\/\/www.nationalturk.com\/tr\/wp-json\/wp\/v2\/media\/31976"}],"wp:attachment":[{"href":"https:\/\/www.nationalturk.com\/tr\/wp-json\/wp\/v2\/media?parent=31975"}],"wp:term":[{"taxonomy":"category","embeddable":true,"href":"https:\/\/www.nationalturk.com\/tr\/wp-json\/wp\/v2\/categories?post=31975"},{"taxonomy":"post_tag","embeddable":true,"href":"https:\/\/www.nationalturk.com\/tr\/wp-json\/wp\/v2\/tags?post=31975"}],"curies":[{"name":"wp","href":"https:\/\/api.w.org\/{rel}","templated":true}]}}