{"id":32375,"date":"2010-07-16T13:09:38","date_gmt":"2010-07-16T11:09:38","guid":{"rendered":"http:\/\/www.nationalturk.com\/?p=32375"},"modified":"2010-07-16T13:09:38","modified_gmt":"2010-07-16T11:09:38","slug":"bursa-yildirim-tecavuz-2936501","status":"publish","type":"post","link":"https:\/\/www.nationalturk.com\/tr\/bursa-yildirim-tecavuz-2936501\/","title":{"rendered":"Bursa&#8217;da tecav\u00fcz\u00fc polis \u00f6nledi"},"content":{"rendered":"<p><strong><img loading=\"lazy\" decoding=\"async\" class=\"alignleft size-medium wp-image-32376\" title=\"Bursa&#039;da tecav\u00fcz giri\u015fimi\" src=\"http:\/\/www.nationalturk.com\/tr\/wp-content\/uploads\/2010\/07\/bursa_tecavuz_yeri-280x185.jpg\" alt=\"\" width=\"280\" height=\"185\" srcset=\"https:\/\/www.nationalturk.com\/tr\/wp-content\/uploads\/2010\/07\/bursa_tecavuz_yeri-280x185.jpg 280w, https:\/\/www.nationalturk.com\/tr\/wp-content\/uploads\/2010\/07\/bursa_tecavuz_yeri.jpg 470w\" sizes=\"auto, (max-width: 280px) 100vw, 280px\" \/>Bursa&#8217;da Sosyal Hizmetler \u0130l M\u00fcd\u00fcrl\u00fc\u011f\u00fc\u2019n\u00fcn yurdundan ka\u00e7an M.S.&#8217;ye (16) tecav\u00fcz etmek isteyen 1 ki\u015fi yakalan\u0131rken ka\u00e7an 2 ki\u015fiyi arama \u00e7al\u0131\u015fmalar\u0131 s\u00fcr\u00fcyor. <\/strong><\/p>\n<p>Al\u0131nan bilgilere g\u00f6re\u00a0E\u015frefiler Yeti\u015ftirme Yurdu\u2019nda kalan M.S., yeni tan\u0131\u015ft\u0131\u011f\u0131 Semih D. (19) ve iki arkada\u015f\u0131yla birlikte Molla Arap Caddesi&#8217;ndeki terkedilmi\u015f binaya girerek bira i\u00e7meye ba\u015flad\u0131.<\/p>\n<p>Ancak gecenin ilerleyen saatlerinde 3 ki\u015fi, M.S. ile zorla ili\u015fkiye girmek istedi. Gen\u00e7 k\u0131z\u0131n \u00e7\u0131\u011fl\u0131klar\u0131n\u0131 duyan mahalle sakinlerinin ihbar\u0131yla olay yerine polis ekipleri geldi.<\/p>\n<p>Polisin geldi\u011fini fark eden 3 ki\u015fi ka\u00e7arken su\u00e7 dosyas\u0131 kabar\u0131k olan Semih D., bir parkta uyurken yakaland\u0131.<\/p>\n<p>\u0130simleri \u00f6\u011frenilemeyen di\u011fer iki ki\u015fiyi yakalama \u00e7al\u0131\u015fmalar\u0131 s\u00fcr\u00fcyor.<\/p>\n<span style=\"font-weight: bold; color: #f00;\">Error, group does not exist! Check your syntax! (ID: 60)<\/span>\n","protected":false},"excerpt":{"rendered":"<p>Bursa&#8217;da Sosyal Hizmetler \u0130l M\u00fcd\u00fcrl\u00fc\u011f\u00fc\u2019n\u00fcn yurdundan ka\u00e7an M.S.&#8217;ye (16) tecav\u00fcz etmek isteyen 1 ki\u015fi yakalan\u0131rken ka\u00e7an 2 ki\u015fiyi arama \u00e7al\u0131\u015fmalar\u0131 s\u00fcr\u00fcyor.<\/p>\n","protected":false},"author":4,"featured_media":190956,"comment_status":"open","ping_status":"open","sticky":false,"template":"","format":"standard","meta":{"_acf_changed":false,"footnotes":""},"categories":[5005,6805],"tags":[845,35935,35937,35941,35940,35938,35939,8275,35934,29725,35936],"class_list":["post-32375","post","type-post","status-publish","format-standard","has-post-thumbnail","hentry","category-manset","category-turkiye","tag-bursa","tag-bursa-tecavuz","tag-esrefiler-ogrenci-yurdu-tecavuz","tag-m-s","tag-m-s-tecavuz","tag-semih-d","tag-semih-d-tecavuz","tag-tecavuz","tag-tecavuz-bursa","tag-yildirim","tag-yildirim-tecavuz"],"acf":[],"_links":{"self":[{"href":"https:\/\/www.nationalturk.com\/tr\/wp-json\/wp\/v2\/posts\/32375","targetHints":{"allow":["GET"]}}],"collection":[{"href":"https:\/\/www.nationalturk.com\/tr\/wp-json\/wp\/v2\/posts"}],"about":[{"href":"https:\/\/www.nationalturk.com\/tr\/wp-json\/wp\/v2\/types\/post"}],"author":[{"embeddable":true,"href":"https:\/\/www.nationalturk.com\/tr\/wp-json\/wp\/v2\/users\/4"}],"replies":[{"embeddable":true,"href":"https:\/\/www.nationalturk.com\/tr\/wp-json\/wp\/v2\/comments?post=32375"}],"version-history":[{"count":0,"href":"https:\/\/www.nationalturk.com\/tr\/wp-json\/wp\/v2\/posts\/32375\/revisions"}],"wp:featuredmedia":[{"embeddable":true,"href":"https:\/\/www.nationalturk.com\/tr\/wp-json\/wp\/v2\/media\/190956"}],"wp:attachment":[{"href":"https:\/\/www.nationalturk.com\/tr\/wp-json\/wp\/v2\/media?parent=32375"}],"wp:term":[{"taxonomy":"category","embeddable":true,"href":"https:\/\/www.nationalturk.com\/tr\/wp-json\/wp\/v2\/categories?post=32375"},{"taxonomy":"post_tag","embeddable":true,"href":"https:\/\/www.nationalturk.com\/tr\/wp-json\/wp\/v2\/tags?post=32375"}],"curies":[{"name":"wp","href":"https:\/\/api.w.org\/{rel}","templated":true}]}}