{"id":32742,"date":"2010-07-19T09:23:57","date_gmt":"2010-07-19T07:23:57","guid":{"rendered":"http:\/\/www.nationalturk.com\/?p=32742"},"modified":"2010-07-19T10:41:27","modified_gmt":"2010-07-19T08:41:27","slug":"galatasaray-pas-maci-9328698","status":"publish","type":"post","link":"https:\/\/www.nationalturk.com\/tr\/galatasaray-pas-maci-9328698\/","title":{"rendered":"Galatasaray Pas&#8217;\u0131 kolay ge\u00e7ti: 4-0"},"content":{"rendered":"<p><strong><img loading=\"lazy\" decoding=\"async\" class=\"alignleft size-medium wp-image-32744\" title=\"Galatasaray Pas&#039;\u0131 kolay ge\u00e7ti\" src=\"http:\/\/www.nationalturk.com\/tr\/wp-content\/uploads\/2010\/07\/gs_hazirlik_maci1-280x168.jpg\" alt=\"\" width=\"280\" height=\"168\" srcset=\"https:\/\/www.nationalturk.com\/tr\/wp-content\/uploads\/2010\/07\/gs_hazirlik_maci1-280x168.jpg 280w, https:\/\/www.nationalturk.com\/tr\/wp-content\/uploads\/2010\/07\/gs_hazirlik_maci1.jpg 525w\" sizes=\"auto, (max-width: 280px) 100vw, 280px\" \/>Hollanda&#8217;da yeni sezon haz\u0131rl\u0131klar\u0131n\u0131 s\u00fcrd\u00fcren Galatasaray, kamptaki \u00fc\u00e7\u00fcnc\u00fc haz\u0131rl\u0131k ma\u00e7\u0131nda \u0130ran tak\u0131mlar\u0131ndan Pas&#8217;\u0131 4-0 ma\u011flup etti. <\/strong><\/p>\n<p>Sar\u0131-K\u0131rm\u0131z\u0131l\u0131lar ilk yar\u0131y\u0131 Musa \u00c7a\u011f\u0131ran&#8217;\u0131n gol\u00fcyle 1-0 \u00f6nde kapat\u0131rken ikinci yar\u0131da yeni golc\u00fc Mehmet Batdal parmak \u0131s\u0131rtt\u0131.<\/p>\n<p>2 gol birden atan Mehmet Batdal, yeni sezonda ilk 11&#8217;i zorlayaca\u011f\u0131n\u0131n sinyallerini verdi. Sar\u0131 -K\u0131rm\u0131z\u0131l\u0131lar Bar\u0131\u015f \u00d6zbek&#8217;le bir gol daha bularak kar\u015f\u0131la\u015fmay\u0131 4-0 galip tamamlad\u0131.<\/p>\n<p>Galatasaray ma\u00e7a Ufuk, Sabri, G\u00f6khan Zan, Hakan Balta, \u00c7etin G\u00fcng\u00f6r, Musa \u00c7a\u011f\u0131ran, Mustafa Sarp, Lorik Cana, Arda Turan, Serdar \u00d6zkan, An\u0131l Dilaver ilk 11&#8217;i ile \u00e7\u0131kt\u0131.<\/p>\n<p>Rijkaard ikinci yar\u0131da ise Ufuk Ceylan, Ali Turan, Servet \u00c7etin, Ahmet Kesim, Fatih Serkan Kurtulu\u015f, Ayhan Akman, Ayd\u0131n Y\u0131lmaz (80 Caner \u00d6ztel), Emre \u00c7olak, Bar\u0131\u015f \u00d6zbek, Cumhur Y\u0131lmazt\u00fcrk, Mehmet Batdal&#8217;\u0131 sahaya s\u00fcrd\u00fc.<\/p>\n<p>Kar\u015f\u0131la\u015fman\u0131n ilk dakikalar\u0131ndan itibaren ma\u00e7a a\u011f\u0131rl\u0131\u011f\u0131n\u0131 koyan Galatasaray, \u00f6zellikle Arda Turan ile etkili oldu. Sar\u0131-K\u0131rm\u0131z\u0131l\u0131lar arad\u0131\u011f\u0131 gol\u00fc sekizinci dakikada Musa \u00c7a\u011f\u0131ran ile buldu. Arda&#8217;n\u0131n sol kanattan yapt\u0131\u011f\u0131 ortaya Musa \u015f\u0131k bir kafa vuru\u015fuyla kar\u015f\u0131l\u0131k verdi.<\/p>\n<p>\u0130lerleyen dakikalarda Galatasaray&#8217;\u0131n gen\u00e7 y\u0131ld\u0131z\u0131 An\u0131l dikkat \u00e7ekti. Gen\u00e7 futbolcu 21 ve 28. dakikalarda yakalad\u0131\u011f\u0131 f\u0131rsatlar\u0131 gole \u00e7eviremedi.<\/p>\n<p>\u0130lk yar\u0131m saatlik dilimin ard\u0131ndan oyundan biraz kopan Galatasaray, Pas&#8217;a pozisyon imkan\u0131 verdi ancak bu pozisyonlarda Aykut ba\u015far\u0131l\u0131yd\u0131.<\/p>\n<p>\u0130lk yar\u0131y\u0131 1-0 \u00f6nde tamamlayan Sar\u0131 k\u0131rm\u0131z\u0131l\u0131lar ikinci yar\u0131ya da ma\u00e7a oldu\u011fu gibi golle ba\u015flad\u0131.<\/p>\n<p>50. dakikada Emre&#8217;nin kulland\u0131\u011f\u0131 frikikte Ayd\u0131n vurdu, Bar\u0131\u015f bo\u015f kaleye dokundu ve Galatasaray 2-0 \u00f6ne ge\u00e7ti.<\/p>\n<p>Bu golden 3 dakika sonra ise Mehmet Batdal sahne ald\u0131. Ayhan&#8217;\u0131n pas\u0131yla hareketlenen gen\u00e7 futbolcu d\u00fczg\u00fcn bir vuru\u015fla ilk gol\u00fcn\u00fc att\u0131. Bucaspor&#8217;dan transfer edilen Mehmet Batdal, 66. dakikada ise kendisinin ikinci, tak\u0131m\u0131n\u0131n d\u00f6rd\u00fcnc\u00fc gol\u00fcn\u00fc att\u0131.<\/p>\n<p>Kalan dakikalarda ba\u015fka gol olmay\u0131nca kar\u015f\u0131la\u015fma Galatasaray&#8217;\u0131n 4-0 \u00fcst\u00fcnl\u00fc\u011f\u00fcyle sona erdi.<\/p>\n<span style=\"font-weight: bold; color: #f00;\">Error, group does not exist! Check your syntax! (ID: 75)<\/span>\n<!-- Error, Advert is not available at this time due to schedule\/geolocation restrictions! -->\n","protected":false},"excerpt":{"rendered":"<p>Hollanda&#8217;da yeni sezon haz\u0131rl\u0131klar\u0131n\u0131 s\u00fcrd\u00fcren Galatasaray, kamptaki \u00fc\u00e7\u00fcnc\u00fc haz\u0131rl\u0131k ma\u00e7\u0131nda \u0130ran tak\u0131mlar\u0131ndan Pas&#8217;\u0131 4-0 ma\u011flup etti.<\/p>\n","protected":false},"author":4,"featured_media":190918,"comment_status":"open","ping_status":"open","sticky":false,"template":"","format":"standard","meta":{"_acf_changed":false,"footnotes":""},"categories":[6774,6155,5005,6194],"tags":[4114,36236,36239],"class_list":["post-32742","post","type-post","status-publish","format-standard","has-post-thumbnail","hentry","category-futbol","category-gundem","category-manset","category-spor","tag-galatasaray","tag-galatasaray-pas","tag-galatasaray-pas-ozet"],"acf":[],"_links":{"self":[{"href":"https:\/\/www.nationalturk.com\/tr\/wp-json\/wp\/v2\/posts\/32742","targetHints":{"allow":["GET"]}}],"collection":[{"href":"https:\/\/www.nationalturk.com\/tr\/wp-json\/wp\/v2\/posts"}],"about":[{"href":"https:\/\/www.nationalturk.com\/tr\/wp-json\/wp\/v2\/types\/post"}],"author":[{"embeddable":true,"href":"https:\/\/www.nationalturk.com\/tr\/wp-json\/wp\/v2\/users\/4"}],"replies":[{"embeddable":true,"href":"https:\/\/www.nationalturk.com\/tr\/wp-json\/wp\/v2\/comments?post=32742"}],"version-history":[{"count":0,"href":"https:\/\/www.nationalturk.com\/tr\/wp-json\/wp\/v2\/posts\/32742\/revisions"}],"wp:featuredmedia":[{"embeddable":true,"href":"https:\/\/www.nationalturk.com\/tr\/wp-json\/wp\/v2\/media\/190918"}],"wp:attachment":[{"href":"https:\/\/www.nationalturk.com\/tr\/wp-json\/wp\/v2\/media?parent=32742"}],"wp:term":[{"taxonomy":"category","embeddable":true,"href":"https:\/\/www.nationalturk.com\/tr\/wp-json\/wp\/v2\/categories?post=32742"},{"taxonomy":"post_tag","embeddable":true,"href":"https:\/\/www.nationalturk.com\/tr\/wp-json\/wp\/v2\/tags?post=32742"}],"curies":[{"name":"wp","href":"https:\/\/api.w.org\/{rel}","templated":true}]}}