{"id":32936,"date":"2010-07-20T14:18:30","date_gmt":"2010-07-20T12:18:30","guid":{"rendered":"http:\/\/www.nationalturk.com\/?p=32936"},"modified":"2010-07-20T15:48:53","modified_gmt":"2010-07-20T13:48:53","slug":"cukurcada-sehit-olan-askerlerin-isimleri-2365003","status":"publish","type":"post","link":"https:\/\/www.nationalturk.com\/tr\/cukurcada-sehit-olan-askerlerin-isimleri-2365003\/","title":{"rendered":"\u00c7ukurca&#8217;da \u015fehit olan askerlerin isimleri belli oldu"},"content":{"rendered":"<p><strong><img loading=\"lazy\" decoding=\"async\" class=\"alignleft size-medium wp-image-32937\" src=\"http:\/\/www.nationalturk.com\/tr\/wp-content\/uploads\/2010\/07\/son-dakika-yatay23-280x161.jpg\" alt=\"\" width=\"280\" height=\"161\" title=\"\" srcset=\"https:\/\/www.nationalturk.com\/tr\/wp-content\/uploads\/2010\/07\/son-dakika-yatay23-280x161.jpg 280w, https:\/\/www.nationalturk.com\/tr\/wp-content\/uploads\/2010\/07\/son-dakika-yatay23-610x351.jpg 610w, https:\/\/www.nationalturk.com\/tr\/wp-content\/uploads\/2010\/07\/son-dakika-yatay23.jpg 708w\" sizes=\"auto, (max-width: 280px) 100vw, 280px\" \/>Hakkari&#8217;nin \u00c7ukurca il\u00e7esi k\u0131rsal\u0131nda \u00e7\u0131kan \u00e7at\u0131\u015fmada \u015fehit olan 6 askerin isimleri belli oldu.<\/strong><\/p>\n<p>Ac\u0131 haberlerden ilki Nev\u015fehit&#8217;in Avanos il\u00e7esindeki Mahmutlar beldesine ula\u015ft\u0131. \u00c7at\u0131\u015fmada \u015fehit olan Uzman \u00c7avu\u015f Turgay Y\u0131lmaz&#8217;\u0131n (25) babaoca\u011f\u0131na ate\u015f d\u00fc\u015ft\u00fc.<\/p>\n<p>\u015eehit uzman \u00e7avu\u015fun annesi G\u00fcls\u00fcm y\u0131lmaz haberi al\u0131nca fenal\u0131k ge\u00e7irdi. Haz\u0131r bekletilen sa\u011fl\u0131k ekipleri anne ve di\u011fer yak\u0131nlara m\u00fcdahale ederken \u015fehit babas\u0131 Abd\u00fclkadir Y\u0131lmaz ise &#8220;Vatan sa\u011folsun&#8221; demekle yetindi.<\/p>\n<p>\u015eehidin ailesinin evine \u00a0Avanos Kaymakam\u0131 Aylin K\u0131rc\u0131 Duman, Jandarma Alay Komutan\u0131 Albay Turgay Aras da taziye ziyaretinde bulundu.<\/p>\n<p>Turgay Y\u0131lmaz&#8217;\u0131n cenazesi yar\u0131n topra\u011fa verilecek.<\/p>\n<p>\u00c7at\u0131\u015fmada \u015fehit olan di\u011fer askerlerin isimleri \u015f\u00f6yle;<\/p>\n<p>Piyade \u00fcste\u011fmen \u00c7etin Aylar (Tokat), piyade uzman \u00e7avu\u015f Mesut Keklik\u00e7i (Gaziantep), piyade uzman onba\u015f\u0131lar Samet Y\u0131lmaz (Manisa), Ayhan Say, ve onba\u015f\u0131 Hakan Yutkun.<\/p>\n","protected":false},"excerpt":{"rendered":"<p>Hakkari&#8217;nin \u00c7ukurca il\u00e7esi k\u0131rsal\u0131nda \u00e7\u0131kan \u00e7at\u0131\u015fmada \u015fehit olan 6 askerin isimleri belli olmaya ba\u015flad\u0131. <\/p>\n","protected":false},"author":4,"featured_media":190883,"comment_status":"open","ping_status":"open","sticky":false,"template":"","format":"standard","meta":{"_acf_changed":false,"footnotes":""},"categories":[6155,5005,6805],"tags":[36413,36421,36442,36416,36444,18007,36418,36417,36414,36422,36438,36423,36440,36441,36436,36443,36437,36439,26172,36435,36420,36419],"class_list":["post-32936","post","type-post","status-publish","format-standard","has-post-thumbnail","hentry","category-gundem","category-manset","category-turkiye","tag-avanos-kaymakami-aylin-kirci-duman","tag-avanos-sehit","tag-ayhan-say","tag-cukurca-sehitlerin-isimleri","tag-hakan-yutkun","tag-hakkari-cukurca","tag-hakkari-cukurca-sehit-isimleri","tag-hakkari-cukurca-sehitlerin-isimleri","tag-jandarma-alay-komutani-albay-turgay-aras","tag-mahmutlar-sehit","tag-mesut-keklikci","tag-nevsehir-avanos-mahmutlar-sehit","tag-samet-yilmaz","tag-sehit-ayhan-say","tag-sehit-cetin-aylar","tag-sehit-hakan-yutkun","tag-sehit-mesut-keklikci","tag-sehit-samet-yilmaz","tag-sehit-turgay-yilmaz","tag-sehit-ustegmen-cetin-aylar","tag-sehit-uzman-cavus-turgay-yilmaz","tag-uzman-cavus-turgay-yilmaz"],"acf":[],"_links":{"self":[{"href":"https:\/\/www.nationalturk.com\/tr\/wp-json\/wp\/v2\/posts\/32936","targetHints":{"allow":["GET"]}}],"collection":[{"href":"https:\/\/www.nationalturk.com\/tr\/wp-json\/wp\/v2\/posts"}],"about":[{"href":"https:\/\/www.nationalturk.com\/tr\/wp-json\/wp\/v2\/types\/post"}],"author":[{"embeddable":true,"href":"https:\/\/www.nationalturk.com\/tr\/wp-json\/wp\/v2\/users\/4"}],"replies":[{"embeddable":true,"href":"https:\/\/www.nationalturk.com\/tr\/wp-json\/wp\/v2\/comments?post=32936"}],"version-history":[{"count":0,"href":"https:\/\/www.nationalturk.com\/tr\/wp-json\/wp\/v2\/posts\/32936\/revisions"}],"wp:featuredmedia":[{"embeddable":true,"href":"https:\/\/www.nationalturk.com\/tr\/wp-json\/wp\/v2\/media\/190883"}],"wp:attachment":[{"href":"https:\/\/www.nationalturk.com\/tr\/wp-json\/wp\/v2\/media?parent=32936"}],"wp:term":[{"taxonomy":"category","embeddable":true,"href":"https:\/\/www.nationalturk.com\/tr\/wp-json\/wp\/v2\/categories?post=32936"},{"taxonomy":"post_tag","embeddable":true,"href":"https:\/\/www.nationalturk.com\/tr\/wp-json\/wp\/v2\/tags?post=32936"}],"curies":[{"name":"wp","href":"https:\/\/api.w.org\/{rel}","templated":true}]}}