{"id":33387,"date":"2010-07-23T14:19:55","date_gmt":"2010-07-23T12:19:55","guid":{"rendered":"http:\/\/www.nationalturk.com\/?p=33387"},"modified":"2010-07-23T14:19:55","modified_gmt":"2010-07-23T12:19:55","slug":"paris-turlari-plaj-6001893","status":"publish","type":"post","link":"https:\/\/www.nationalturk.com\/tr\/paris-turlari-plaj-6001893\/","title":{"rendered":"Paris&#8217;te plaj keyfi"},"content":{"rendered":"<p><strong><img loading=\"lazy\" decoding=\"async\" class=\"alignleft size-full wp-image-33388\" title=\"Paris&#039;te plaj keyfi\" src=\"http:\/\/www.nationalturk.com\/tr\/wp-content\/uploads\/2010\/07\/paris_plaj.jpg\" alt=\"\" width=\"440\" height=\"280\" srcset=\"https:\/\/www.nationalturk.com\/tr\/wp-content\/uploads\/2010\/07\/paris_plaj.jpg 550w, https:\/\/www.nationalturk.com\/tr\/wp-content\/uploads\/2010\/07\/paris_plaj-280x178.jpg 280w\" sizes=\"auto, (max-width: 440px) 100vw, 440px\" \/>Fransa&#8217;n\u0131n ve Avrupa&#8217;n\u0131n turizm ba\u015fkenti Paris&#8217;te bu y\u0131l da plaj keyfi ya\u015fan\u0131yor. Siene nehri kenar\u0131na kurulan plaj i\u00e7in bu y\u0131l 2.2 milyon Euro harcand\u0131. <\/strong><\/p>\n<p>Bu y\u0131l 9.su d\u00fczenlenen plaj etkinliklerini Avrupa&#8217;y\u0131 kavuran s\u0131cak nedeniyle en az 5 milyon ki\u015finin ziyaret etmesi beklenirken Siene nehri kenar\u0131nda\u00a0yakla\u015f\u0131k 5 kilometre uzunlu\u011fundaki bir alana kurulan yapay plaj, 20 A\u011fustosa kadar a\u00e7\u0131k kalacak.<\/p>\n<p>Plaj i\u00e7in 2000 ton ince kum getirildi. Bu y\u0131l da 2.2 milyon Euro harcanarak plaja palmiye a\u011fa\u00e7lar\u0131, soyunma kabinleri, g\u00fcne\u015f \u015femsiyeleri, \u015fezlonglar ve \u00e7e\u015fmeler yerle\u015ftirildi.<\/p>\n<p>Plajda e\u011flenmek isteyenler i\u00e7in mini golf, eskrim, lang\u0131rt, deniz bisikleti, fitness aletleri gibi se\u00e7enekler de bulunuyor.<\/p>\n<p>Paris\u2019teki plaj etkinliklerinin son y\u0131llarda b\u00fcy\u00fck ilgi g\u00f6rmesinin ard\u0131ndan, Fransa\u2019da denize k\u0131y\u0131s\u0131 olmayan di\u011fer belediyeler de yaz aylar\u0131nda nehir kenarlar\u0131nda yapay plaj olu\u015fturma yoluna gidiyorlar.<\/p>\n<span style=\"font-weight: bold; color: #f00;\">Error, group does not exist! Check your syntax! (ID: 72)<\/span>\n<span style=\"font-weight: bold; color: #f00;\">Error, group does not exist! Check your syntax! (ID: 71)<\/span>\n","protected":false},"excerpt":{"rendered":"<p>Fransa&#8217;n\u0131n ve Avrupa&#8217;n\u0131n turizm ba\u015fkenti Paris&#8217;te bu y\u0131l da plaj keyfi ya\u015fan\u0131yor. Siene nehri kenar\u0131na kurulan plaj i\u00e7in bu y\u0131l 2.2 milyon Euro harcand\u0131.<\/p>\n","protected":false},"author":4,"featured_media":33388,"comment_status":"open","ping_status":"open","sticky":false,"template":"","format":"standard","meta":{"_acf_changed":false,"footnotes":""},"categories":[6770,6665,6664,5005,6671,6662],"tags":[17,371,2170,36883,12,36881,36882,54,22,36884,36885],"class_list":["post-33387","post","type-post","status-publish","format-standard","has-post-thumbnail","hentry","category-avrupa","category-dunya","category-eglence","category-manset","category-seyahat","category-yasam","tag-fransa","tag-fransa-paris","tag-fransa-turlari","tag-fransa-turu","tag-paris","tag-paris-plaj","tag-paris-plaj-keyfi","tag-paris-turlari","tag-paris-turu","tag-siene-nehri","tag-siene-nehri-plaj"],"acf":[],"_links":{"self":[{"href":"https:\/\/www.nationalturk.com\/tr\/wp-json\/wp\/v2\/posts\/33387","targetHints":{"allow":["GET"]}}],"collection":[{"href":"https:\/\/www.nationalturk.com\/tr\/wp-json\/wp\/v2\/posts"}],"about":[{"href":"https:\/\/www.nationalturk.com\/tr\/wp-json\/wp\/v2\/types\/post"}],"author":[{"embeddable":true,"href":"https:\/\/www.nationalturk.com\/tr\/wp-json\/wp\/v2\/users\/4"}],"replies":[{"embeddable":true,"href":"https:\/\/www.nationalturk.com\/tr\/wp-json\/wp\/v2\/comments?post=33387"}],"version-history":[{"count":0,"href":"https:\/\/www.nationalturk.com\/tr\/wp-json\/wp\/v2\/posts\/33387\/revisions"}],"wp:featuredmedia":[{"embeddable":true,"href":"https:\/\/www.nationalturk.com\/tr\/wp-json\/wp\/v2\/media\/33388"}],"wp:attachment":[{"href":"https:\/\/www.nationalturk.com\/tr\/wp-json\/wp\/v2\/media?parent=33387"}],"wp:term":[{"taxonomy":"category","embeddable":true,"href":"https:\/\/www.nationalturk.com\/tr\/wp-json\/wp\/v2\/categories?post=33387"},{"taxonomy":"post_tag","embeddable":true,"href":"https:\/\/www.nationalturk.com\/tr\/wp-json\/wp\/v2\/tags?post=33387"}],"curies":[{"name":"wp","href":"https:\/\/api.w.org\/{rel}","templated":true}]}}