{"id":33409,"date":"2010-07-23T16:06:48","date_gmt":"2010-07-23T14:06:48","guid":{"rendered":"http:\/\/www.nationalturk.com\/?p=33409"},"modified":"2010-07-23T16:24:44","modified_gmt":"2010-07-23T14:24:44","slug":"inci-sozluk-akp-anketi-2221894","status":"publish","type":"post","link":"https:\/\/www.nationalturk.com\/tr\/inci-sozluk-akp-anketi-2221894\/","title":{"rendered":"\u0130nci S\u00f6zl\u00fck&#8217;\u00fcn son hedefi AKP oldu"},"content":{"rendered":"<p><strong><img loading=\"lazy\" decoding=\"async\" class=\"alignleft size-medium wp-image-33410\" src=\"http:\/\/www.nationalturk.com\/tr\/wp-content\/uploads\/2010\/07\/secim_anketi-280x210.jpg\" alt=\"\" width=\"280\" height=\"210\" title=\"\" srcset=\"https:\/\/www.nationalturk.com\/tr\/wp-content\/uploads\/2010\/07\/secim_anketi-280x210.jpg 280w, https:\/\/www.nationalturk.com\/tr\/wp-content\/uploads\/2010\/07\/secim_anketi.jpg 300w\" sizes=\"auto, (max-width: 280px) 100vw, 280px\" \/>\u0130nteraktif s\u00f6zl\u00fck d\u00fcnyas\u0131nda seviyesizli\u011fi ilke edinerek en \u00e7ok ziyaret edilen siteler aras\u0131na giren \u0130nci S\u00f6zl\u00fck&#8217;\u00fcn sald\u0131r\u0131lar\u0131ndan AKP de nasibini ald\u0131. <\/strong><\/p>\n<p>Daha \u00f6nce \u00f6zellikle Okan Bay\u00fclgen&#8217;in program\u0131na d\u00fczenledikleri interaktif sald\u0131r\u0131larla, Facebook ve Twitter&#8217;\u0131 hacklemeleriyle \u00fclke g\u00fcndemine oturan \u0130nci S\u00f6zl\u00fck olu\u015fumu, internetteki anketleri manip\u00fcle etmeleriyle de g\u00fcndeme geliyordu.<\/p>\n<p>Anketlerde en sa\u00e7ma \u015f\u0131klar\u0131 zirveye ta\u015f\u0131yarak kitleleri \u015fa\u015f\u0131rtan olu\u015fum bu sefer AKP&#8217;nin internet sitesindeki referandum anketine sald\u0131rd\u0131.<\/p>\n<p>&#8220;Anayasa De\u011fi\u015fikli\u011fi i\u00e7in yap\u0131lacak referandumda tercihiniz ne olacakt\u0131r&#8221; sorusuna \u00e7e\u015fitli yollarla birden fazla &#8220;Hay\u0131r&#8221; oyu vererek bu se\u00e7ene\u011fi a\u00e7\u0131k ara yukar\u0131 \u00e7eken kullan\u0131c\u0131lara AKP internet sitesi y\u00f6netimi anketi kald\u0131rarak \u00f6nlem alabildi.<\/p>\n<p>Daha sonra partiden yap\u0131lan yaz\u0131l\u0131 a\u00e7\u0131klamada anketin &#8220;Karanl\u0131k emelli internet korsanlar\u0131 taraf\u0131ndan y\u00f6nlendirilmeye ba\u015fland\u0131\u011f\u0131&#8221; ifade edilerek AKP&#8217;nin sanal sald\u0131r\u0131ya alet olmamas\u0131 i\u00e7in siteden kald\u0131r\u0131ld\u0131\u011f\u0131 belirtildi.<\/p>\n<p>A\u00e7\u0131klamada \u0130nci S\u00f6zl\u00fck&#8217;\u00fcn sald\u0131r\u0131s\u0131 isim verilmeden \u015fu \u015fekilde anlat\u0131ld\u0131;<\/p>\n<p>&#8220;Ak Parti&#8217;nin halk\u0131n kanaatlerini anketleri y\u00f6nlendirerek etkileyebilece\u011fini zanneden \u00e7aps\u0131z sanal korsanlarca taciz edilme s\u00fcreci ba\u015flamadan \u00f6nceki anket sonu\u00e7lar\u0131nda halk oylamas\u0131nda &#8216;Evet&#8217; oyu kullanaca\u011f\u0131n\u0131 belirtenlerin oran\u0131n\u0131n y\u00fczde 62 oldu\u011funu bu vesileyle belirtiyor, bilgi \u00e7a\u011f\u0131n\u0131n olanaklar\u0131n\u0131 k\u00f6t\u00fcye kullananlar\u0131n taraf\u0131m\u0131zca yap\u0131lan sanal iz takibi sonucu belirlendi\u011fini ve hukuki haklar\u0131m\u0131z\u0131 korumak ad\u0131na yasal s\u00fcrecin ba\u015flat\u0131ld\u0131\u011f\u0131n\u0131 kamuoyuna sayg\u0131 ile duyuruyoruz.\u201d<\/p>\n<p><strong>CHP ANKETTE OYNAMA YAPTI<\/strong><\/p>\n<p>AKP anketinin kald\u0131r\u0131lmas\u0131n\u0131n ard\u0131ndan &#8220;Karanl\u0131k emelli internet korsanlar\u0131&#8221; bu sefer CHP&#8217;nin Gen\u00e7lik Kollar\u0131&#8217;n\u0131n sitesinde yer alan referandum anketine sald\u0131rd\u0131.<\/p>\n<p>CHP&#8217;nin sitesinde de sa\u00e7ma olmas\u0131 i\u00e7in &#8220;Evet&#8221; oyuna y\u00fcklenen \u0130nci S\u00f6zl\u00fck kullan\u0131c\u0131lar\u0131 bu sefer amac\u0131na ula\u015famad\u0131. \u00c7\u00fcnk\u00fc CHP Gen\u00e7lik Kollar\u0131 site y\u00f6neticilerinin anketi kald\u0131rmak yerine sonu\u00e7larda oynama yaparak &#8220;Hay\u0131r&#8221; oyunu y\u00fckselttikleri iddia edildi.<\/p>\n<span style=\"font-weight: bold; color: #f00;\">Error, group does not exist! Check your syntax! (ID: 75)<\/span>\n<span style=\"font-weight: bold; color: #f00;\">Error, group does not exist! Check your syntax! (ID: 60)<\/span>\n","protected":false},"excerpt":{"rendered":"<p>\u0130nteraktif s\u00f6zl\u00fck d\u00fcnyas\u0131nda seviyesizli\u011fi prim yaparak en \u00e7ok ziyaret edilen siteler aras\u0131na giren \u0130nci S\u00f6zl\u00fck&#8217;\u00fcn sald\u0131r\u0131lar\u0131ndan AKP de nasibini ald\u0131. <\/p>\n","protected":false},"author":4,"featured_media":190815,"comment_status":"open","ping_status":"open","sticky":false,"template":"","format":"standard","meta":{"_acf_changed":false,"footnotes":""},"categories":[6155,5005,6202,6805],"tags":[9476,36909,36910,8723,36916,36917,36912,36913],"class_list":["post-33409","post","type-post","status-publish","format-standard","has-post-thumbnail","hentry","category-gundem","category-manset","category-politika","category-turkiye","tag-akp","tag-akp-anketi","tag-akp-secim-anketi","tag-chp","tag-chp-anket","tag-chp-referandum-anketi","tag-inci-sozluk","tag-inci-sozluk-nedir"],"acf":[],"_links":{"self":[{"href":"https:\/\/www.nationalturk.com\/tr\/wp-json\/wp\/v2\/posts\/33409","targetHints":{"allow":["GET"]}}],"collection":[{"href":"https:\/\/www.nationalturk.com\/tr\/wp-json\/wp\/v2\/posts"}],"about":[{"href":"https:\/\/www.nationalturk.com\/tr\/wp-json\/wp\/v2\/types\/post"}],"author":[{"embeddable":true,"href":"https:\/\/www.nationalturk.com\/tr\/wp-json\/wp\/v2\/users\/4"}],"replies":[{"embeddable":true,"href":"https:\/\/www.nationalturk.com\/tr\/wp-json\/wp\/v2\/comments?post=33409"}],"version-history":[{"count":0,"href":"https:\/\/www.nationalturk.com\/tr\/wp-json\/wp\/v2\/posts\/33409\/revisions"}],"wp:featuredmedia":[{"embeddable":true,"href":"https:\/\/www.nationalturk.com\/tr\/wp-json\/wp\/v2\/media\/190815"}],"wp:attachment":[{"href":"https:\/\/www.nationalturk.com\/tr\/wp-json\/wp\/v2\/media?parent=33409"}],"wp:term":[{"taxonomy":"category","embeddable":true,"href":"https:\/\/www.nationalturk.com\/tr\/wp-json\/wp\/v2\/categories?post=33409"},{"taxonomy":"post_tag","embeddable":true,"href":"https:\/\/www.nationalturk.com\/tr\/wp-json\/wp\/v2\/tags?post=33409"}],"curies":[{"name":"wp","href":"https:\/\/api.w.org\/{rel}","templated":true}]}}