{"id":33468,"date":"2010-07-24T11:29:18","date_gmt":"2010-07-24T09:29:18","guid":{"rendered":"http:\/\/www.nationalturk.com\/?p=33468"},"modified":"2010-07-24T11:29:18","modified_gmt":"2010-07-24T09:29:18","slug":"korgeneral-mustafa-korkut-ozarslan-basbakan-erdogan-balyoz-8834223","status":"publish","type":"post","link":"https:\/\/www.nationalturk.com\/tr\/korgeneral-mustafa-korkut-ozarslan-basbakan-erdogan-balyoz-8834223\/","title":{"rendered":"Korgeneral \u00d6zarslan, Ba\u015fbakan Erdo\u011fan&#8217;\u0131 kar\u015f\u0131lamad\u0131"},"content":{"rendered":"<p><strong><img loading=\"lazy\" decoding=\"async\" class=\"alignleft size-full wp-image-33469\" title=\"Recep Tayyip Erdo\u011fan ve Korgeneral Mustafa Korkut \u00d6zarslan\" src=\"http:\/\/www.nationalturk.com\/tr\/wp-content\/uploads\/2010\/07\/tayyip_komutan.jpg\" alt=\"\" width=\"400\" height=\"290\" srcset=\"https:\/\/www.nationalturk.com\/tr\/wp-content\/uploads\/2010\/07\/tayyip_komutan.jpg 500w, https:\/\/www.nationalturk.com\/tr\/wp-content\/uploads\/2010\/07\/tayyip_komutan-280x202.jpg 280w\" sizes=\"auto, (max-width: 400px) 100vw, 400px\" \/>Balyoz Darbe Plan\u0131 soru\u015fturmas\u0131 kapsam\u0131nda yakalama karar\u0131 \u00e7\u0131kar\u0131lan 8. Kolordu Komutan\u0131 Korgeneral Mustafa Korkut \u00d6zarslan, miting i\u00e7in Elaz\u0131\u011f&#8217;a giden Ba\u015fbakan Recep Tayyip Erdo\u011fan&#8217;\u0131 kar\u015f\u0131lamad\u0131. Erdo\u011fan, Elaz\u0131\u011f depremi sonras\u0131 b\u00f6lgeyi ziyaretinde Korgeneral \u00d6zarslan&#8217;a sar\u0131larak te\u015fekk\u00fcr etmi\u015fti. <\/strong><\/p>\n<p>\u0130stanbul 10\u2019uncu A\u011f\u0131r Ceza Mahkemesi&#8217;nin yakalama emri \u00e7\u0131kard\u0131\u011f\u0131 102 ki\u015fi aras\u0131nda Korgeneral Mustafa Korkut \u00d6zarslan da bulunuyor.<\/p>\n<p>8 Mart&#8217;ta Elaz\u0131\u011f&#8217;da ya\u015fanan deprem felaketi sonras\u0131 b\u00f6lgeyi ziyaret eden Ba\u015fbakan Erdo\u011fan, g\u00f6sterdikleri \u00e7aba nedeniyle Korgeneral \u00d6zarslan&#8217;a sar\u0131larak te\u015fekk\u00fcr etmi\u015fti.<\/p>\n<p>Bug\u00fcn ise Ba\u015fbakan Erdo\u011fan, 12 Eyl\u00fcl Anayasa De\u011fi\u015fikli\u011fi Referandumu i\u00e7in d\u00fczenlenecek miting dolay\u0131s\u0131yla Elaz\u0131\u011f&#8217;a gitti.<\/p>\n<p>G\u00f6zler Korgeneral \u00d6zarslan&#8217;\u0131 ar\u0131yordu ancak Kolordu komutan\u0131 kar\u015f\u0131lamaya gelmedi.<\/p>\n<span style=\"font-weight: bold; color: #f00;\">Error, group does not exist! Check your syntax! (ID: 86)<\/span>\n","protected":false},"excerpt":{"rendered":"<p>Balyoz Darbe Plan\u0131 soru\u015fturmas\u0131 kapsam\u0131nda yakalama karar\u0131 \u00e7\u0131kar\u0131lan 8. Kolordu Komutan\u0131 Korgeneral Mustafa Korkut \u00d6zarslan, miting i\u00e7in Elaz\u0131\u011f&#8217;a giden Ba\u015fbakan Recep Tayyip Erdo\u011fan&#8217;\u0131 kar\u015f\u0131lamad\u0131. Erdo\u011fan, Elaz\u0131\u011f depremi sonras\u0131 b\u00f6lgeyi ziyaretinde Korgeneral \u00d6zarslan&#8217;a sar\u0131larak te\u015fekk\u00fcr etmi\u015fti.<\/p>\n","protected":false},"author":4,"featured_media":33469,"comment_status":"open","ping_status":"open","sticky":false,"template":"","format":"standard","meta":{"_acf_changed":false,"footnotes":""},"categories":[6155,5005,6202,6805],"tags":[9476,14378,14251,36918,17902,8296,36973,36975,36974,36977,787],"class_list":["post-33468","post","type-post","status-publish","format-standard","has-post-thumbnail","hentry","category-gundem","category-manset","category-politika","category-turkiye","tag-akp","tag-balyoz","tag-balyoz-darbe-plani","tag-balyoz-davasi","tag-balyoz-sorusturmasi","tag-elazig","tag-korgeneral-mustafa-korkut-ozarslan","tag-korgeneral-ozarslan","tag-mustafa-korkut-ozarslan","tag-mustafa-korkut-ozarslan-balyoz","tag-recep-tayyip-erdogan"],"acf":[],"_links":{"self":[{"href":"https:\/\/www.nationalturk.com\/tr\/wp-json\/wp\/v2\/posts\/33468","targetHints":{"allow":["GET"]}}],"collection":[{"href":"https:\/\/www.nationalturk.com\/tr\/wp-json\/wp\/v2\/posts"}],"about":[{"href":"https:\/\/www.nationalturk.com\/tr\/wp-json\/wp\/v2\/types\/post"}],"author":[{"embeddable":true,"href":"https:\/\/www.nationalturk.com\/tr\/wp-json\/wp\/v2\/users\/4"}],"replies":[{"embeddable":true,"href":"https:\/\/www.nationalturk.com\/tr\/wp-json\/wp\/v2\/comments?post=33468"}],"version-history":[{"count":0,"href":"https:\/\/www.nationalturk.com\/tr\/wp-json\/wp\/v2\/posts\/33468\/revisions"}],"wp:featuredmedia":[{"embeddable":true,"href":"https:\/\/www.nationalturk.com\/tr\/wp-json\/wp\/v2\/media\/33469"}],"wp:attachment":[{"href":"https:\/\/www.nationalturk.com\/tr\/wp-json\/wp\/v2\/media?parent=33468"}],"wp:term":[{"taxonomy":"category","embeddable":true,"href":"https:\/\/www.nationalturk.com\/tr\/wp-json\/wp\/v2\/categories?post=33468"},{"taxonomy":"post_tag","embeddable":true,"href":"https:\/\/www.nationalturk.com\/tr\/wp-json\/wp\/v2\/tags?post=33468"}],"curies":[{"name":"wp","href":"https:\/\/api.w.org\/{rel}","templated":true}]}}