{"id":33570,"date":"2010-07-26T10:00:01","date_gmt":"2010-07-26T08:00:01","guid":{"rendered":"http:\/\/www.nationalturk.com\/?p=33570"},"modified":"2010-07-26T10:00:01","modified_gmt":"2010-07-26T08:00:01","slug":"duisburg-muzik-festivali-facia-video-8890443","status":"publish","type":"post","link":"https:\/\/www.nationalturk.com\/tr\/duisburg-muzik-festivali-facia-video-8890443\/","title":{"rendered":"Duisburg&#8217;da 19 ki\u015fiye mezar olan m\u00fczik festivali bir daha yap\u0131lmayacak"},"content":{"rendered":"<p><strong><img loading=\"lazy\" decoding=\"async\" class=\"alignleft size-medium wp-image-33571\" title=\"Duisburg&#039;da facia\" src=\"http:\/\/www.nationalturk.com\/tr\/wp-content\/uploads\/2010\/07\/duisburg_tunel-280x190.jpg\" alt=\"\" width=\"280\" height=\"190\" srcset=\"https:\/\/www.nationalturk.com\/tr\/wp-content\/uploads\/2010\/07\/duisburg_tunel-280x190.jpg 280w, https:\/\/www.nationalturk.com\/tr\/wp-content\/uploads\/2010\/07\/duisburg_tunel.jpg 470w\" sizes=\"auto, (max-width: 280px) 100vw, 280px\" \/>Almanya&#8217;n\u0131n Duisburg kentinde d\u00fczenlenen d\u00fcnyan\u0131n en b\u00fcy\u00fck tekno m\u00fczik festivali \u2018A\u015fk Ge\u00e7idi\u2019 19 ki\u015finin hayat\u0131n\u0131 kaybetti\u011fi facian\u0131n ard\u0131ndan bir daha d\u00fczenlenmeyecek.<\/strong><\/p>\n<p>Yakla\u015f\u0131k 1.4 milyon m\u00fczikseverin bir araya geldi\u011fi festival i\u00e7in tek giri\u015f olan t\u00fcnelde \u00e7\u0131kan izdihamda 19 ki\u015fi hayat\u0131n\u0131 kaybetmi\u015fti.<\/p>\n<p>Faciadan kurtulanlar, organizat\u00f6rler ile t\u00fcnelin \u00e7\u0131k\u0131\u015f\u0131n\u0131 kapal\u0131 tutarak izdihama yol a\u00e7an polisi su\u00e7lad\u0131.<\/p>\n<p>Organizat\u00f6rler bir daha A\u015fk Ge\u00e7idi d\u00fczenlenmeyece\u011fini s\u00f6yledi. Rainer Schaller, \u201cA\u015fk Ge\u00e7idi her zaman ne\u015feli ve bar\u0131\u015f\u00e7\u0131 bir partiydi. Kurbanlara, ailelerine sayg\u0131m\u0131zdan dolay\u0131 gelecekte etkinli\u011fe devam etmeyece\u011fiz\u201d dedi.<\/p>\n[media id=658 width=610 height=340]\n<span style=\"font-weight: bold; color: #f00;\">Error, group does not exist! Check your syntax! (ID: 60)<\/span>\n<span style=\"font-weight: bold; color: #f00;\">Error, group does not exist! Check your syntax! (ID: 75)<\/span>\n","protected":false},"excerpt":{"rendered":"<p>Almanya&#8217;n\u0131n Duisburg kentinde d\u00fczenlenen d\u00fcnyan\u0131n en b\u00fcy\u00fck tekno m\u00fczik festivali \u2018A\u015fk Ge\u00e7idi\u2019 19 ki\u015finin hayat\u0131n\u0131 kaybetti\u011fi facian\u0131n ard\u0131ndan bir daha d\u00fczenlenmeyecek.<\/p>\n","protected":false},"author":4,"featured_media":190795,"comment_status":"open","ping_status":"open","sticky":false,"template":"","format":"standard","meta":{"_acf_changed":false,"footnotes":""},"categories":[6770,6665,6155,36154,342,6662],"tags":[2174,37120,7386,37123,21623,37119,37122,37121],"class_list":["post-33570","post","type-post","status-publish","format-standard","has-post-thumbnail","hentry","category-avrupa","category-dunya","category-gundem","category-muzik","category-video","category-yasam","tag-almanya","tag-almanya-duisburg-facia-video","tag-ask","tag-ask-gecidi","tag-duisburg","tag-duisburg-tekno-muzik-festivali","tag-duisburg-tekno-muzik-festivali-facia-video","tag-duisburg-tekno-muzik-video"],"acf":[],"_links":{"self":[{"href":"https:\/\/www.nationalturk.com\/tr\/wp-json\/wp\/v2\/posts\/33570","targetHints":{"allow":["GET"]}}],"collection":[{"href":"https:\/\/www.nationalturk.com\/tr\/wp-json\/wp\/v2\/posts"}],"about":[{"href":"https:\/\/www.nationalturk.com\/tr\/wp-json\/wp\/v2\/types\/post"}],"author":[{"embeddable":true,"href":"https:\/\/www.nationalturk.com\/tr\/wp-json\/wp\/v2\/users\/4"}],"replies":[{"embeddable":true,"href":"https:\/\/www.nationalturk.com\/tr\/wp-json\/wp\/v2\/comments?post=33570"}],"version-history":[{"count":0,"href":"https:\/\/www.nationalturk.com\/tr\/wp-json\/wp\/v2\/posts\/33570\/revisions"}],"wp:featuredmedia":[{"embeddable":true,"href":"https:\/\/www.nationalturk.com\/tr\/wp-json\/wp\/v2\/media\/190795"}],"wp:attachment":[{"href":"https:\/\/www.nationalturk.com\/tr\/wp-json\/wp\/v2\/media?parent=33570"}],"wp:term":[{"taxonomy":"category","embeddable":true,"href":"https:\/\/www.nationalturk.com\/tr\/wp-json\/wp\/v2\/categories?post=33570"},{"taxonomy":"post_tag","embeddable":true,"href":"https:\/\/www.nationalturk.com\/tr\/wp-json\/wp\/v2\/tags?post=33570"}],"curies":[{"name":"wp","href":"https:\/\/api.w.org\/{rel}","templated":true}]}}