{"id":33977,"date":"2010-07-29T12:45:36","date_gmt":"2010-07-29T10:45:36","guid":{"rendered":"http:\/\/www.nationalturk.com\/?p=33977"},"modified":"2010-07-29T12:45:36","modified_gmt":"2010-07-29T10:45:36","slug":"gursel-tekin-genel-baskan-yardimcisi-4018000","status":"publish","type":"post","link":"https:\/\/www.nationalturk.com\/tr\/gursel-tekin-genel-baskan-yardimcisi-4018000\/","title":{"rendered":"K\u0131l\u0131\u00e7daro\u011flu a\u00e7\u0131klad\u0131! G\u00fcrsel Tekin genel ba\u015fkan yard\u0131mc\u0131s\u0131 oluyor"},"content":{"rendered":"<p><strong><img loading=\"lazy\" decoding=\"async\" class=\"alignleft size-full wp-image-33978\" title=\"Kemal K\u0131l\u0131\u00e7daro\u011flu \u00d6nder Sav ve G\u00fcrsel Tekin\" src=\"http:\/\/www.nationalturk.com\/tr\/wp-content\/uploads\/2010\/07\/kilicdaroglu_sav_tekin.jpeg\" alt=\"\" width=\"226\" height=\"252\" srcset=\"https:\/\/www.nationalturk.com\/tr\/wp-content\/uploads\/2010\/07\/kilicdaroglu_sav_tekin.jpeg 403w, https:\/\/www.nationalturk.com\/tr\/wp-content\/uploads\/2010\/07\/kilicdaroglu_sav_tekin-197x220.jpg 197w, https:\/\/www.nationalturk.com\/tr\/wp-content\/uploads\/2010\/07\/kilicdaroglu_sav_tekin-358x400.jpg 358w\" sizes=\"auto, (max-width: 226px) 100vw, 226px\" \/>Cumhuriyet Halk Partisi&#8217;nde (CHP) ola\u011fan\u00fcst\u00fc genel kurulun ard\u0131ndan b\u00fcy\u00fck bir krize neden olan G\u00fcrsel Tekin sonunda amac\u0131na ula\u015ft\u0131. Genel Ba\u015fkan Kemal K\u0131l\u0131\u00e7daro\u011flu, Tekin&#8217;in 4 A\u011fustos&#8217;tan itibaren genel ba\u015fkan yard\u0131mc\u0131s\u0131 olaca\u011f\u0131n\u0131 a\u00e7\u0131klad\u0131.<\/strong><\/p>\n<p>BEST FM&#8217;de Hadi \u00d6z\u0131\u015f\u0131k&#8217;\u0131n sundu\u011fu &#8220;Konu\u015fan T\u00fcrkiye&#8221; adl\u0131 program\u0131na kat\u0131lan Kemal K\u0131l\u0131\u00e7daro\u011flu, Tekin ile ilgili bir soruya \u015fu yan\u0131t\u0131 verdi;<\/p>\n<p>&#8220;G\u00fcrsel Tekin \u015fu an Parti Meclisi \u00fcyemiz. Biliyorsunuz Parti Meclisi&#8217;miz t\u00fcz\u00fck gere\u011fi iki ayda bir toplan\u0131yor. \u00d6n\u00fcm\u00fczdeki toplant\u0131 bu y\u00fczden 4 A\u011fustos&#8217;ta ger\u00e7ekle\u015fecek. G\u00fcrsel Tekin arkada\u015f\u0131m\u0131z da 4 A\u011fustos g\u00fcn\u00fc Merkez Y\u00fcr\u00fctme Kurulu (MYK) \u00dcyesi olacak. Hafta sonu da birlikte Kahramanmara\u015f&#8217;a gidece\u011fiz. 4 A\u011fustos&#8217;tan sonra Genel Ba\u015fkan Yard\u0131mc\u0131s\u0131 olarak g\u00f6rev yapacak.&#8221;<\/p>\n<span style=\"font-weight: bold; color: #f00;\">Error, group does not exist! Check your syntax! (ID: 89)<\/span>\n<!-- Error, Advert is not available at this time due to schedule\/geolocation restrictions! -->\n","protected":false},"excerpt":{"rendered":"<p>G\u00fcrsel Tekin murad\u0131na erdi<\/p>\n","protected":false},"author":4,"featured_media":33978,"comment_status":"open","ping_status":"open","sticky":false,"template":"","format":"standard","meta":{"_acf_changed":false,"footnotes":""},"categories":[6155,6202,349,6805],"tags":[8723,1709,37537,37540,37539,9833,5115,28655],"class_list":["post-33977","post","type-post","status-publish","format-standard","has-post-thumbnail","hentry","category-gundem","category-politika","category-son-dakika","category-turkiye","tag-chp","tag-gursel-tekin","tag-gursel-tekin-genel-baskan-yardimcisi","tag-gursel-tekin-yardimci","tag-hadi-ozisik","tag-kahramanmaras","tag-kemal-kilicdaroglu","tag-myk"],"acf":[],"_links":{"self":[{"href":"https:\/\/www.nationalturk.com\/tr\/wp-json\/wp\/v2\/posts\/33977","targetHints":{"allow":["GET"]}}],"collection":[{"href":"https:\/\/www.nationalturk.com\/tr\/wp-json\/wp\/v2\/posts"}],"about":[{"href":"https:\/\/www.nationalturk.com\/tr\/wp-json\/wp\/v2\/types\/post"}],"author":[{"embeddable":true,"href":"https:\/\/www.nationalturk.com\/tr\/wp-json\/wp\/v2\/users\/4"}],"replies":[{"embeddable":true,"href":"https:\/\/www.nationalturk.com\/tr\/wp-json\/wp\/v2\/comments?post=33977"}],"version-history":[{"count":0,"href":"https:\/\/www.nationalturk.com\/tr\/wp-json\/wp\/v2\/posts\/33977\/revisions"}],"wp:featuredmedia":[{"embeddable":true,"href":"https:\/\/www.nationalturk.com\/tr\/wp-json\/wp\/v2\/media\/33978"}],"wp:attachment":[{"href":"https:\/\/www.nationalturk.com\/tr\/wp-json\/wp\/v2\/media?parent=33977"}],"wp:term":[{"taxonomy":"category","embeddable":true,"href":"https:\/\/www.nationalturk.com\/tr\/wp-json\/wp\/v2\/categories?post=33977"},{"taxonomy":"post_tag","embeddable":true,"href":"https:\/\/www.nationalturk.com\/tr\/wp-json\/wp\/v2\/tags?post=33977"}],"curies":[{"name":"wp","href":"https:\/\/api.w.org\/{rel}","templated":true}]}}