{"id":33990,"date":"2010-07-29T14:03:28","date_gmt":"2010-07-29T12:03:28","guid":{"rendered":"http:\/\/www.nationalturk.com\/?p=33990"},"modified":"2012-05-05T14:22:21","modified_gmt":"2012-05-05T11:22:21","slug":"bdp-konvoyu-dortyol-hatay-3001883","status":"publish","type":"post","link":"https:\/\/www.nationalturk.com\/tr\/bdp-konvoyu-dortyol-hatay-3001883\/","title":{"rendered":"BDP konvoyu Diyarbak\u0131r&#8217;a d\u00f6n\u00fcyor"},"content":{"rendered":"<p><strong><img loading=\"lazy\" decoding=\"async\" class=\"alignleft size-medium wp-image-33991\" title=\"D\u00f6rtyol\" src=\"http:\/\/www.nationalturk.com\/tr\/wp-content\/uploads\/2010\/07\/dortyol_askerler-280x186.jpg\" alt=\"\" width=\"280\" height=\"186\" srcset=\"https:\/\/www.nationalturk.com\/tr\/wp-content\/uploads\/2010\/07\/dortyol_askerler-280x186.jpg 280w, https:\/\/www.nationalturk.com\/tr\/wp-content\/uploads\/2010\/07\/dortyol_askerler.jpg 550w\" sizes=\"auto, (max-width: 280px) 100vw, 280px\" \/>Hatay&#8217;\u0131n D\u00f6rtyol \u0130l\u00e7esi&#8217;nde sal\u0131 gecesi \u00e7\u0131kan olaylar\u0131 incelemek ve K\u00fcrt vatanda\u015flara destek verme gerek\u00e7esiyle bu il\u00e7eye giden BDP heyeti, polis kontrol\u00fcn\u00fc ge\u00e7emedi. <\/strong><\/p>\n<p>Hatay Valisi Celalettin Lekesiz&#8217;in, durumun hassasiyeti nedeniyle il\u00e7eye giri\u015flerine izin vermeyeceklerini a\u00e7\u0131klad\u0131\u011f\u0131 BDP konvoyu yetkililerle yapt\u0131klar\u0131 pazarl\u0131klardan sonu\u00e7 alamad\u0131.<\/p>\n<p>BDP Genel Ba\u015fkan\u0131 Selahattin Demirta\u015f&#8217;\u0131n iste\u011fi \u00fczerine konvoya parti flamalar\u0131 al\u0131nmazken \u00f6\u011fle saatlerinde Hatay il s\u0131n\u0131r\u0131na varan konvoy polislerce durduruldu.<\/p>\n<p>Mersin&#8217;de yap\u0131lan kimlik kontrol\u00fcnde ise BDP \u015eanl\u0131urfa Milletvekili \u0130brahim Binici ile polis memurlar\u0131 aras\u0131nda tart\u0131\u015fma ya\u015fand\u0131.<\/p>\n<p>Binici: Bu \u00fclkeyi karde\u015f kavgas\u0131na g\u00f6t\u00fcr\u00fcyorsunuz.<\/p>\n<p>Polis: Ben devletin memuruyum. Ben AKP\u2019nin memuru de\u011filim. Ben \u015funun, bunun memuru de\u011filim. Bana ithamda bulunamazs\u0131n\u0131z.<\/p>\n<p>Binici: Siz genel uygulama yaparsan\u0131z, ona amenna. B\u00fct\u00fcn ara\u00e7lara uygulama yap\u0131ls\u0131n. Ama siz bana bize uygulama yap\u0131yorsunuz.<\/p>\n<p>Polis: Bizim m\u00fcd\u00fcrlerimiz geliyor, onlarla g\u00f6r\u00fc\u015f\u00fcn.<\/p>\n<p>Polis kontrol\u00fcn\u00fcn ard\u0131ndan tekrar yola koyulan konvoy D\u00f6rtyol giri\u015findkonvoy D\u00f6rtyol&#8217;a do\u011fru hareket etti.<\/p>\n<p>Tart\u0131\u015fmadan sonra Binici daha sonra arac\u0131na binerek D\u00f6rtyol\u2019a hareket etti. Ancak konvoy Osmaniye&#8217;de tekrar durduruldu ve bu noktadan ge\u00e7i\u015flerine izin verilmedi.<\/p>\n<p>Valilik yetkili\u00a0g\u00f6r\u00fc\u015fen BDP&#8217;liler giri\u015f yasa\u011f\u0131n\u0131n kald\u0131r\u0131lmas\u0131n\u0131 istedi. Hatay Valili\u011fi yetkilileri ise BDP heyetiyle yapt\u0131\u011f\u0131 g\u00f6r\u00fc\u015fmenin ard\u0131ndan herhangi bir a\u00e7\u0131klama yapmadan konvoyun bekletildi\u011fi b\u00f6lgeden ayr\u0131ld\u0131.<\/p>\n<p>Daha sonra ise D\u00f6rtyol&#8217;a gidemeyeceklerini anlayan BDP konvoyu Diyarbak\u0131r&#8217;a geri d\u00f6nmek \u00fczere hareket etti.<\/p>\n<p>BDP Genel Ba\u015fkan\u0131 Selahattin Demirta\u015f, Hatay\u2019\u0131n D\u00f6rtyol \u0130l\u00e7esi\u2019ne giri\u015flerine izin verilmemesi karar\u0131na tepki g\u00f6stererek,\u00a0\u201cBu yap\u0131lan hukukun \u00e7i\u011fnenmesidir. Biz parti binam\u0131z\u0131n yak\u0131ld\u0131\u011f\u0131 D\u00f6rtyol\u2019da evleri, i\u015fyerleri yak\u0131lan insanlara destek olmak i\u00e7in b\u00f6yle bir giri\u015fimde bulunduk. Kalabal\u0131kla gitme gibi bir niyetimiz de yoktu. \u00d6yle bir \u015fey olsa, binlerce ki\u015fiyle gidebilirdik. \u0130\u00e7i\u015fleri Bakan\u0131 ve Vali\u2019nin bu konudaki tutumu da son derece gereksiz. Bir partinin e\u015fba\u015fkan\u0131n\u0131 il\u00e7eye sokmamak, uygun bir davran\u0131\u015f de\u011fil. Bu yapt\u0131\u011f\u0131m\u0131z s\u00fckunetin sa\u011flanmas\u0131na y\u00f6nelik giri\u015fim. Hatay bir mozaiktir. Hatay&#8217;da b\u00f6yle bir \u015feyin olmas\u0131 \u00fcz\u00fcnt\u00fc verici. Hatay&#8217;da ya\u015fanan bir provokasyondur. \u0130\u00e7inde devletin, h\u00fck\u00fcmetin olmad\u0131\u011f\u0131 bir provokasyonun ba\u015far\u0131l\u0131 olma \u015fans\u0131 yoktur\u201d diye konu\u015ftu.<\/p>\n<span style=\"font-weight: bold; color: #f00;\">Error, group does not exist! Check your syntax! (ID: 51)<\/span>\n","protected":false},"excerpt":{"rendered":"<p>BDP konvoyu geri d\u00f6nd\u00fc&#8230; Hatay&#8217;\u0131n D\u00f6rtyol \u0130l\u00e7esi&#8217;nde sal\u0131 gecesi \u00e7\u0131kan olaylar\u0131 incelemek ve K\u00fcrt vatanda\u015flara destek verme gerek\u00e7esiyle bu il\u00e7eye giden BDP heyeti, polis kontrol\u00fcn\u00fc ge\u00e7emedi.<\/p>\n","protected":false},"author":4,"featured_media":190736,"comment_status":"open","ping_status":"open","sticky":false,"template":"","format":"standard","meta":{"_acf_changed":false,"footnotes":""},"categories":[6155,6202,349,6805],"tags":[11500,11498,37548,37241,37547,23573,1470,37443,37237,14971,1396,37444,37240,37516,37442],"class_list":["post-33990","post","type-post","status-publish","format-standard","has-post-thumbnail","hentry","category-gundem","category-politika","category-son-dakika","category-turkiye","tag-baris-ve-demokrasi-partisi","tag-bdp","tag-bdp-donuyor","tag-bdp-dortyol","tag-bdp-geri-donuyor","tag-celalettin-lekesiz","tag-diyarbakir","tag-dortyol-bdp","tag-dortyol-olaylari","tag-gultan-kisanak","tag-hatay","tag-hatay-dortyol","tag-hatay-dortyol-olaylari","tag-hatay-valiligi","tag-selahattin-demirtas-dortyol"],"acf":[],"_links":{"self":[{"href":"https:\/\/www.nationalturk.com\/tr\/wp-json\/wp\/v2\/posts\/33990","targetHints":{"allow":["GET"]}}],"collection":[{"href":"https:\/\/www.nationalturk.com\/tr\/wp-json\/wp\/v2\/posts"}],"about":[{"href":"https:\/\/www.nationalturk.com\/tr\/wp-json\/wp\/v2\/types\/post"}],"author":[{"embeddable":true,"href":"https:\/\/www.nationalturk.com\/tr\/wp-json\/wp\/v2\/users\/4"}],"replies":[{"embeddable":true,"href":"https:\/\/www.nationalturk.com\/tr\/wp-json\/wp\/v2\/comments?post=33990"}],"version-history":[{"count":0,"href":"https:\/\/www.nationalturk.com\/tr\/wp-json\/wp\/v2\/posts\/33990\/revisions"}],"wp:featuredmedia":[{"embeddable":true,"href":"https:\/\/www.nationalturk.com\/tr\/wp-json\/wp\/v2\/media\/190736"}],"wp:attachment":[{"href":"https:\/\/www.nationalturk.com\/tr\/wp-json\/wp\/v2\/media?parent=33990"}],"wp:term":[{"taxonomy":"category","embeddable":true,"href":"https:\/\/www.nationalturk.com\/tr\/wp-json\/wp\/v2\/categories?post=33990"},{"taxonomy":"post_tag","embeddable":true,"href":"https:\/\/www.nationalturk.com\/tr\/wp-json\/wp\/v2\/tags?post=33990"}],"curies":[{"name":"wp","href":"https:\/\/api.w.org\/{rel}","templated":true}]}}