{"id":34071,"date":"2010-07-30T14:31:39","date_gmt":"2010-07-30T12:31:39","guid":{"rendered":"http:\/\/www.nationalturk.com\/?p=34071"},"modified":"2010-07-30T14:40:12","modified_gmt":"2010-07-30T12:40:12","slug":"besiktas-2-baskan-metin-keceli-aciklamalari-zapotocny-fink-delgado-ferrari-robento-carlos-guti-quaresma-fenerbahce-real-madrid-3180964","status":"publish","type":"post","link":"https:\/\/www.nationalturk.com\/tr\/besiktas-2-baskan-metin-keceli-aciklamalari-zapotocny-fink-delgado-ferrari-robento-carlos-guti-quaresma-fenerbahce-real-madrid-3180964\/","title":{"rendered":"Be\u015fikta\u015f&#8217;ta gidecek oyuncular belli oldu!.."},"content":{"rendered":"<p><strong><a href=\"http:\/\/www.nationalturk.com\/tr\/wp-content\/uploads\/2010\/07\/metinkeceli1.jpg\"><img loading=\"lazy\" decoding=\"async\" class=\"alignleft size-medium wp-image-34083\" title=\"Metin Ke\u00e7eli\" src=\"http:\/\/www.nationalturk.com\/tr\/wp-content\/uploads\/2010\/07\/metinkeceli1-280x210.jpg\" alt=\"\" width=\"280\" height=\"210\"><\/a>Be\u015fikta\u015f \u0130kinci Ba\u015fkan\u0131 Metin Ke\u00e7eli Zapatocny\u2019in tak\u0131mda kalaca\u011f\u0131n\u0131, ilk planda g\u00f6nderilmesi d\u00fc\u015f\u00fcn\u00fclen oyuncular\u0131n Fink, Delgado ve Ferrari oldu\u011funu s\u00f6yledi. Radyospor\u2019da Ayd\u0131n Cing\u00f6z ile Haber Aktif Program\u0131\u2019na kat\u0131lan Ke\u00e7eli \u00f6nemli a\u00e7\u0131klamalar yapt\u0131.<\/strong><\/p>\n<p><strong> <\/strong>\u0130yi bir tak\u0131ma sahip olduklar\u0131n\u0131 s\u00f6yleyen Ke\u00e7eli iddial\u0131 konu\u015ftu:  \u201cBe\u015fikta\u015f, Galatasaray ve Fenerbah\u00e7e\u2019ye oranla daha \u00f6nde bir tak\u0131m. Ge\u00e7en sezondan kalan kaliteli bir kadromuz vard\u0131, bu kadroya d\u00fcnya y\u0131ld\u0131zlar\u0131n\u0131 dahil ettik. \u0130yi yolda olan bir Be\u015fikta\u015f var.  Avrupa\u2019da ve Lig\u2019de ses getirecek bi tak\u0131ma sahibiz\u201d dedi.<\/p>\n<p><strong>GUT\u0130 BE\u015e\u0130KTA\u015e&#8217;IN EFSANELER\u0130NDEN B\u0130R\u0130 OLACAK<\/strong><\/p>\n<p>Guti\u2019nin Be\u015fikta\u015f\u2019a geli\u015fi b\u00fcy\u00fck bir reklam diyen Ke\u00e7eli, \u201cGuti\u2019nin geli\u015fini Roberto Carlos\u2019un geli\u015fiyle bir tutmak gerekiyor. Roberto Carlos, Fenerbah\u00e7e\u2019ye gelerek hem Fenerbah\u00e7e hem de T\u00fcrkiye\u2019nin reklam\u0131n\u0131 ba\u015far\u0131l\u0131 bir \u015fekilde yapt\u0131. Guti\u2019de bunu ba\u015far\u0131yla ger\u00e7ekle\u015ftirdi. Guti\u2019nin 15 y\u0131l boyunca Real Madrid\u2019te ortaya koyduklar\u0131 hayranl\u0131k uyand\u0131racak cinsten. Guti\u2019nin ya\u015f\u0131 ele\u015ftirilebilir; ancak Be\u015fikta\u015f\u2019\u0131n efsanelerinden biri olacak\u201d diye konu\u015ftu.<\/p>\n<p><strong>F\u0130NK, FERRAR\u0130, DELGADO G\u0130D\u0130YOR ZAPOTOCNY KALIYOR<\/strong><\/p>\n<p>Yabanc\u0131 kontenjan\u0131nda yer a\u00e7ma \u00e7abalar\u0131 devam eden Be\u015fikta\u015f\u2019a gidecek oyuncular konusunda da konu\u015fan Ke\u00e7eli, s\u00f6zlerine \u015f\u00f6yle devam etti: \u201cTak\u0131mdan gidecek oyuncular i\u00e7in son karar Schuster\u2019in. \u0130lk etapta Zapatocny\u2019nin g\u00f6nderilece\u011fini d\u00fc\u015f\u00fcn\u00fcyorduk ancak hoca bu oyuncunun tak\u0131mda kalmas\u0131n\u0131 istiyor ve Zapo kalacak. \u015eu anda ilk planda gitme ihtimali daha y\u00fcksek olan isimler Fink ve Delgado. Bu isimlerden biri Ferrari\u2019de olabilir. Bu konuda verilmi\u015f kesin bir karar yok. Fink, Ferrari ve Delgado\u2019yu isteyen Avrupa tak\u0131mlar\u0131 var. Yar\u0131n tak\u0131mda kalmas\u0131n\u0131 istedi\u011fimiz ba\u015fka bir oyuncumuza teklif gelir o zaman hocayla o oyuncunun gitmesinide tart\u0131\u015f\u0131r\u0131z.\u201d<\/p>\n<p><strong>SON YILLARIN EN BA\u015eARILI TRANSFER D\u00d6NEM\u0130N\u0130 GE\u00c7\u0130R\u0130YORUZ<\/strong><\/p>\n<p>Golc\u00fc transferi ve transfer b\u00fct\u00e7esi hakk\u0131nda da konu\u015fan Ke\u00e7eli, \u201cEkonomik anlamda son y\u0131llar\u0131n en ba\u015far\u0131l\u0131 trensfer d\u00f6nemini ya\u015f\u0131yoruz\u201d diyen Ke\u00e7eli, \u201cTak\u0131ma golc\u00fc transferi yap\u0131p yapmayaca\u011f\u0131mz hen\u00fcz netle\u015fmedi. Bu konu hakk\u0131nda yorum yapmak do\u011fru de\u011fil. Son y\u0131llar\u0131n en ba\u015far\u0131l\u0131 transfer d\u00f6nemini ge\u00e7iriyoruz. Transfer harcamalar\u0131m\u0131z \u00e7ok yerinde. Tello\u2019yu Eski\u015fehirspor\u2019a verdik ve bu oyuncunun \u00fcst\u00fcne para verdi\u011fimiz y\u00f6n\u00fcndeki iddialar do\u011fru de\u011fil. Hilbert ve Guti\u2019ye bonservis bedeli vermedik. Querasma\u2019n\u0131n transferi i\u00e7in \u0130nter\u2019e 7.300 bin euro verdik ve 3 y\u0131la yayarak bu paray\u0131 \u00f6deyece\u011fiz\u201d \u015feklinde konu\u015ftu.<\/p>\n<span style=\"font-weight: bold; color: #f00;\">Error, group does not exist! Check your syntax! (ID: 75)<\/span>\n<span style=\"font-weight: bold; color: #f00;\">Error, group does not exist! Check your syntax! (ID: 60)<\/span>\n","protected":false},"excerpt":{"rendered":"<p>Be\u015fikta\u015f \u0130kinci Ba\u015fkan\u0131 Metin Ke\u00e7eli Zapatocny\u2019in tak\u0131mda kalaca\u011f\u0131n\u0131, ilk planda g\u00f6nderilmesi d\u00fc\u015f\u00fcn\u00fclen oyuncular\u0131n Fink, Delgado ve Ferrari oldu\u011funu s\u00f6yledi. Radyospor\u2019da Ayd\u0131n Cing\u00f6z ile Haber Aktif Program\u0131\u2019na kat\u0131lan Ke\u00e7eli \u00f6nemli a\u00e7\u0131klamalar yapt\u0131.<\/p>\n","protected":false},"author":28,"featured_media":190716,"comment_status":"open","ping_status":"open","sticky":false,"template":"","format":"standard","meta":{"_acf_changed":false,"footnotes":""},"categories":[6774,6194],"tags":[195975,37647,10887,1748,37642,37641,16163,6264,849,11419,9703,37648,7926,14889,33316,10888,37644,2615,3301,9966,37649,983,195938,37643],"class_list":["post-34071","post","type-post","status-publish","format-standard","has-post-thumbnail","hentry","category-futbol","category-spor","tag-avrupa","tag-avrupa-ve-turkcell-super-lig","tag-aydin-cingoz","tag-besiktas","tag-besiktas-ikinci-baskani","tag-besiktas-ikinci-baskani-metin-keceli","tag-delgado","tag-eskisehirspor","tag-fenerbahce","tag-ferrari","tag-fink","tag-guti-roberto-carlos","tag-inter","tag-metin-keceli","tag-querasma","tag-radyospor","tag-radyospor-aydin-cingoz","tag-real-madrid","tag-roberto-carlos","tag-tello","tag-tello-eskisehirspor","tag-turkcell-super-lig","tag-turkiye","tag-zapatocny"],"acf":[],"_links":{"self":[{"href":"https:\/\/www.nationalturk.com\/tr\/wp-json\/wp\/v2\/posts\/34071","targetHints":{"allow":["GET"]}}],"collection":[{"href":"https:\/\/www.nationalturk.com\/tr\/wp-json\/wp\/v2\/posts"}],"about":[{"href":"https:\/\/www.nationalturk.com\/tr\/wp-json\/wp\/v2\/types\/post"}],"author":[{"embeddable":true,"href":"https:\/\/www.nationalturk.com\/tr\/wp-json\/wp\/v2\/users\/28"}],"replies":[{"embeddable":true,"href":"https:\/\/www.nationalturk.com\/tr\/wp-json\/wp\/v2\/comments?post=34071"}],"version-history":[{"count":0,"href":"https:\/\/www.nationalturk.com\/tr\/wp-json\/wp\/v2\/posts\/34071\/revisions"}],"wp:featuredmedia":[{"embeddable":true,"href":"https:\/\/www.nationalturk.com\/tr\/wp-json\/wp\/v2\/media\/190716"}],"wp:attachment":[{"href":"https:\/\/www.nationalturk.com\/tr\/wp-json\/wp\/v2\/media?parent=34071"}],"wp:term":[{"taxonomy":"category","embeddable":true,"href":"https:\/\/www.nationalturk.com\/tr\/wp-json\/wp\/v2\/categories?post=34071"},{"taxonomy":"post_tag","embeddable":true,"href":"https:\/\/www.nationalturk.com\/tr\/wp-json\/wp\/v2\/tags?post=34071"}],"curies":[{"name":"wp","href":"https:\/\/api.w.org\/{rel}","templated":true}]}}