{"id":34304,"date":"2010-08-01T17:25:15","date_gmt":"2010-08-01T15:25:15","guid":{"rendered":"http:\/\/www.nationalturk.com\/?p=34304"},"modified":"2010-08-01T17:26:40","modified_gmt":"2010-08-01T15:26:40","slug":"yayla-senligi-tribun-coktu-1olu-16yarali-samsun-alacam-bafra-19mayis-universitesi-2154096","status":"publish","type":"post","link":"https:\/\/www.nationalturk.com\/tr\/yayla-senligi-tribun-coktu-1olu-16yarali-samsun-alacam-bafra-19mayis-universitesi-2154096\/","title":{"rendered":"Yayla \u015fenli\u011finde trib\u00fcn \u00e7\u00f6kt\u00fc: 1 \u00f6l\u00fc 16 yaral\u0131"},"content":{"rendered":"<p><strong><a href=\"http:\/\/www.nationalturk.com\/tr\/wp-content\/uploads\/2010\/08\/sondakika2.jpg\"><img loading=\"lazy\" decoding=\"async\" class=\"alignleft size-full wp-image-34306\" title=\"sondakika2\" src=\"http:\/\/www.nationalturk.com\/tr\/wp-content\/uploads\/2010\/08\/sondakika2.jpg\" alt=\"\" width=\"220\" height=\"126\"><\/a>Samsun&#8217;un Ala\u00e7am il\u00e7esinde d\u00fczenlenen Bafra Ala\u00e7aml\u0131lar Yayla \u015eenli\u011fi&#8217;nde seyircilerin bulundu\u011fu trib\u00fcn\u00fcn \u00e7\u00f6kmesi sonucu 1 ki\u015fi \u00f6ld\u00fc, 16 ki\u015fi yaraland\u0131.<\/strong><\/p>\n<p>Tepeb\u00f6lmesi k\u00f6y\u00fc, H\u00fcseyindede mevkisinde Bafra Ala\u00e7aml\u0131lar Derne\u011fi&#8217;nce d\u00fczenlenen Bafra Ala\u00e7aml\u0131lar Yayla \u015eenli\u011fi&#8217;ne yo\u011fun bir kat\u0131l\u0131m oldu. \u00c7ok say\u0131da vatanda\u015f\u0131n \u00e7\u0131kt\u0131\u011f\u0131 trib\u00fcn\u00fcn \u00e7\u00f6kmesi sonucu 80 ya\u015f\u0131ndaki Murat T. hayat\u0131n\u0131 kaybederken, 1&#8217;i a\u011f\u0131r 16 ki\u015fi de yaraland\u0131.<\/p>\n<p>Yaral\u0131lar\u0131n bir k\u0131sm\u0131 \u015fenlik alan\u0131nda bekletilen 112 acil servis ambulanslar\u0131 ve jandarma ara\u00e7lar\u0131 ile Ala\u00e7am ve Bafra il\u00e7esi devlet hastanelerine kald\u0131r\u0131larak tedavi alt\u0131na al\u0131nd\u0131.<\/p>\n<p>Yaral\u0131lardan durumu a\u011f\u0131r olan ve kal\u00e7as\u0131n\u0131n k\u0131r\u0131ld\u0131\u011f\u0131 \u00f6\u011frenilen \u0130brahim B. ise hava ambulans\u0131 ile Ondokuz May\u0131s \u00dcniversitesi T\u0131p Fak\u00fcltesi Hastanesi&#8217;ne getirilerek tedavi alt\u0131na al\u0131nd\u0131. Jandarma olayla ilgili soru\u015fturma ba\u015flatt\u0131.<\/p>\n<span style=\"font-weight: bold; color: #f00;\">Error, group does not exist! Check your syntax! (ID: 75)<\/span>\n<span style=\"font-weight: bold; color: #f00;\">Error, group does not exist! Check your syntax! (ID: 60)<\/span>\n","protected":false},"excerpt":{"rendered":"<p>Trib\u00fcn \u00e7\u00f6kt\u00fc 1 \u00f6l\u00fc 16 yaral\u0131<\/p>\n","protected":false},"author":28,"featured_media":34306,"comment_status":"open","ping_status":"open","sticky":false,"template":"","format":"standard","meta":{"_acf_changed":false,"footnotes":""},"categories":[6155,6669,349],"tags":[37964,37963,37959,29744,37960,37962,37965,37966,3728,37958,37961,37957,37956],"class_list":["post-34304","post","type-post","status-publish","format-standard","has-post-thumbnail","hentry","category-gundem","category-saglik","category-son-dakika","tag-112-acil-servis","tag-80-yasindaki-murat-t-hayatini-kaybetti","tag-alacam","tag-bafra","tag-bafra-alacamlilar-yayla-senligi","tag-huseyindede-mevkisi","tag-ibrahim-b","tag-ondokuz-mayis-universitesi-tip-fakultesi-hastanesi","tag-samsun","tag-samsun-alacam","tag-tepebolmesi-koyu","tag-tribun-coktu-1-olu-16-yarali","tag-yayla-senliginde"],"acf":[],"_links":{"self":[{"href":"https:\/\/www.nationalturk.com\/tr\/wp-json\/wp\/v2\/posts\/34304","targetHints":{"allow":["GET"]}}],"collection":[{"href":"https:\/\/www.nationalturk.com\/tr\/wp-json\/wp\/v2\/posts"}],"about":[{"href":"https:\/\/www.nationalturk.com\/tr\/wp-json\/wp\/v2\/types\/post"}],"author":[{"embeddable":true,"href":"https:\/\/www.nationalturk.com\/tr\/wp-json\/wp\/v2\/users\/28"}],"replies":[{"embeddable":true,"href":"https:\/\/www.nationalturk.com\/tr\/wp-json\/wp\/v2\/comments?post=34304"}],"version-history":[{"count":0,"href":"https:\/\/www.nationalturk.com\/tr\/wp-json\/wp\/v2\/posts\/34304\/revisions"}],"wp:featuredmedia":[{"embeddable":true,"href":"https:\/\/www.nationalturk.com\/tr\/wp-json\/wp\/v2\/media\/34306"}],"wp:attachment":[{"href":"https:\/\/www.nationalturk.com\/tr\/wp-json\/wp\/v2\/media?parent=34304"}],"wp:term":[{"taxonomy":"category","embeddable":true,"href":"https:\/\/www.nationalturk.com\/tr\/wp-json\/wp\/v2\/categories?post=34304"},{"taxonomy":"post_tag","embeddable":true,"href":"https:\/\/www.nationalturk.com\/tr\/wp-json\/wp\/v2\/tags?post=34304"}],"curies":[{"name":"wp","href":"https:\/\/api.w.org\/{rel}","templated":true}]}}