{"id":34496,"date":"2010-08-03T14:48:57","date_gmt":"2010-08-03T12:48:57","guid":{"rendered":"http:\/\/www.nationalturk.com\/?p=34496"},"modified":"2010-08-03T14:51:01","modified_gmt":"2010-08-03T12:51:01","slug":"uzman-cavus-tugrul-celik-tedavi-821639","status":"publish","type":"post","link":"https:\/\/www.nationalturk.com\/tr\/uzman-cavus-tugrul-celik-tedavi-821639\/","title":{"rendered":"Uzman \u00e7avu\u015f Tu\u011frul \u00c7elik tedavi alt\u0131na al\u0131nd\u0131"},"content":{"rendered":"<p><strong><a href=\"http:\/\/www.nationalturk.com\/tr\/wp-content\/uploads\/2010\/08\/ordu-saldiri-tugrul-cavus.jpg\"><img loading=\"lazy\" decoding=\"async\" class=\"alignleft size-medium wp-image-34498\" title=\"Uzman \u00e7avu\u015f Tu\u011frul \u00c7elik tedavi alt\u0131na al\u0131nd\u0131\" src=\"http:\/\/www.nationalturk.com\/tr\/wp-content\/uploads\/2010\/08\/ordu-saldiri-tugrul-cavus-280x161.jpg\" alt=\"\" width=\"280\" height=\"161\" srcset=\"https:\/\/www.nationalturk.com\/tr\/wp-content\/uploads\/2010\/08\/ordu-saldiri-tugrul-cavus-280x161.jpg 280w, https:\/\/www.nationalturk.com\/tr\/wp-content\/uploads\/2010\/08\/ordu-saldiri-tugrul-cavus.jpg 500w\" sizes=\"auto, (max-width: 280px) 100vw, 280px\" \/><\/a>Ordu&#8217;da ter\u00f6ristlerin sald\u0131r\u0131s\u0131na u\u011frayan uzman \u00e7avu\u015f \u00c7elik, OM\u00dc&#8217;de tedavi alt\u0131na al\u0131nd\u0131.<\/strong><\/p>\n<p>Ordu&#8217;nun Akku\u015f il\u00e7esinde, askeri ara\u00e7lara bir grup ter\u00f6rist taraf\u0131ndan a\u00e7\u0131lan ate\u015f sonucu bir uzman \u00e7avu\u015f hayat\u0131n\u0131 kaybederken, yaral\u0131 olan di\u011fer uzman \u00e7avu\u015f Tu\u011frul \u00c7elik (38) Samsun&#8217;a getirildi.<\/p>\n<p>Ambulans helikopterle Samsun Ondokuz May\u0131s \u00dcniversitesi (OM\u00dc) T\u0131p Fak\u00fcltesi&#8217;ne getirilen, kar\u0131n b\u00f6lgesi ve sa\u011f aya\u011f\u0131na kur\u015fun isabet eden \u00c7elik, burada tedavi alt\u0131na al\u0131nd\u0131.<\/p>\n<p>\u00d6te yandan, sald\u0131r\u0131da yaralanan ve durumu iyi olan astsubay \u00d6zg\u00fcr Kaya&#8217;n\u0131n da \u00dcnye Devlet Hastanesi&#8217;nde tedavi alt\u0131na al\u0131nd\u0131\u011f\u0131 kaydedildi. Sald\u0131r\u0131da a\u011f\u0131r yaralanan uzman \u00e7avu\u015f Hac\u0131 Emin Pi\u015fkin ise Akku\u015f Devlet Hastanesi&#8217;nde t\u00fcm m\u00fcdahalelere ra\u011fmen kurtar\u0131lamayarak hayat\u0131n\u0131 kaybetmi\u015fti.<\/p>\n<p>\u00d6te yandan, askeri araca sald\u0131r\u0131da bulunan ter\u00f6ristlerin olay yerinden 3 sivil ara\u00e7la ka\u00e7t\u0131\u011f\u0131 belirtilirken, plakalar\u0131 tespit edilen ve sahte olmas\u0131na kar\u015f\u0131 dikkatli olunmas\u0131 istenen ara\u00e7lar\u0131n yakalanmas\u0131 i\u00e7in Ordu, Samsun ve Tokat illerinde geni\u015f \u00e7apl\u0131 operasyon ba\u015flat\u0131ld\u0131.<\/p>\n<!-- Error, Advert is not available at this time due to schedule\/geolocation restrictions! -->\n","protected":false},"excerpt":{"rendered":"<p>Tu\u011frul \u00c7elik tedavi alt\u0131na al\u0131nd\u0131<\/p>\n","protected":false},"author":3,"featured_media":190665,"comment_status":"open","ping_status":"open","sticky":false,"template":"","format":"standard","meta":{"_acf_changed":false,"footnotes":""},"categories":[6155,349],"tags":[38253,38251,38245,38247,38244,38252,2518,38246,38267,38266,28188,3728,38265,38264,38268,38263],"class_list":["post-34496","post","type-post","status-publish","format-standard","has-post-thumbnail","hentry","category-gundem","category-son-dakika","tag-akkus-devlet-hastanesi","tag-akkus-silahli-saldiri","tag-jandarma-silahli-saldiri","tag-jandarmaya-saldiri","tag-jandarmaya-silahli-saldiri","tag-ondokuz-mayis-universitesi-tip-fakultesi","tag-ordu","tag-ordu-jandarmaya-silahli-saldiri","tag-ordu-saldiri","tag-ordu-teror-saldirisi","tag-saldiri","tag-samsun","tag-samsun-ondokuz-mayis-universitesi","tag-tugrul-celik","tag-tugrul-celik-tedavi","tag-uzman-cavus-tugrul-celik"],"acf":[],"_links":{"self":[{"href":"https:\/\/www.nationalturk.com\/tr\/wp-json\/wp\/v2\/posts\/34496","targetHints":{"allow":["GET"]}}],"collection":[{"href":"https:\/\/www.nationalturk.com\/tr\/wp-json\/wp\/v2\/posts"}],"about":[{"href":"https:\/\/www.nationalturk.com\/tr\/wp-json\/wp\/v2\/types\/post"}],"author":[{"embeddable":true,"href":"https:\/\/www.nationalturk.com\/tr\/wp-json\/wp\/v2\/users\/3"}],"replies":[{"embeddable":true,"href":"https:\/\/www.nationalturk.com\/tr\/wp-json\/wp\/v2\/comments?post=34496"}],"version-history":[{"count":0,"href":"https:\/\/www.nationalturk.com\/tr\/wp-json\/wp\/v2\/posts\/34496\/revisions"}],"wp:featuredmedia":[{"embeddable":true,"href":"https:\/\/www.nationalturk.com\/tr\/wp-json\/wp\/v2\/media\/190665"}],"wp:attachment":[{"href":"https:\/\/www.nationalturk.com\/tr\/wp-json\/wp\/v2\/media?parent=34496"}],"wp:term":[{"taxonomy":"category","embeddable":true,"href":"https:\/\/www.nationalturk.com\/tr\/wp-json\/wp\/v2\/categories?post=34496"},{"taxonomy":"post_tag","embeddable":true,"href":"https:\/\/www.nationalturk.com\/tr\/wp-json\/wp\/v2\/tags?post=34496"}],"curies":[{"name":"wp","href":"https:\/\/api.w.org\/{rel}","templated":true}]}}