{"id":34620,"date":"2010-08-04T15:46:48","date_gmt":"2010-08-04T13:46:48","guid":{"rendered":"http:\/\/www.nationalturk.com\/?p=34620"},"modified":"2010-08-04T15:46:48","modified_gmt":"2010-08-04T13:46:48","slug":"chp-istanbul-eski-il-baskani-gursel-tekin-myk-kemal-kilicdaroglu-2150978","status":"publish","type":"post","link":"https:\/\/www.nationalturk.com\/tr\/chp-istanbul-eski-il-baskani-gursel-tekin-myk-kemal-kilicdaroglu-2150978\/","title":{"rendered":"CHP \u0130stanbul Eski \u0130l Ba\u015fkan\u0131 G\u00fcrsel Tekin Merkez Y\u00f6netim Kurulu&#8217;na girdi"},"content":{"rendered":"<p><strong><a href=\"http:\/\/www.nationalturk.com\/tr\/wp-content\/uploads\/2010\/08\/gurseltekin1.jpg\"><img loading=\"lazy\" decoding=\"async\" class=\"alignleft size-medium wp-image-34622\" title=\"G\u00fcrsel Tekin\" src=\"http:\/\/www.nationalturk.com\/tr\/wp-content\/uploads\/2010\/08\/gurseltekin1-e1280929484619-280x196.jpg\" alt=\"\" width=\"280\" height=\"196\"><\/a>CHP \u0130stanbul Eski \u0130l Ba\u015fkan\u0131 G\u00fcrsel Tekin, Parti Meclisi&#8217;indeki oylamada 81 \u00fcyeden 48&#8217;inin oyunu alarak Merkez Y\u00f6netim Kurulu (MYK)&#8217;na girdi.<\/strong><\/p>\n<p>CHP&#8217;de uzun s\u00fcredir devam eden G\u00fcrsel Tekin tart\u0131\u015fmas\u0131nda yeni d\u00f6neme girildi. Tekin, parti meclisi toplant\u0131s\u0131ndaki oylamada 81 \u00fcyeden 48&#8217;inin oyunu alarak MYK \u00fcyesi se\u00e7ildi. Tekin&#8217;in ilk MYK Toplant\u0131s\u0131&#8217;nda da Kemal K\u0131l\u0131\u00e7daro\u011flu taraf\u0131ndan Genel Ba\u015fkan Yard\u0131mc\u0131s\u0131 olarak atanmas\u0131 bekleniyor.<\/p>\n<span style=\"font-weight: bold; color: #f00;\">Error, group does not exist! Check your syntax! (ID: 75)<\/span>\n<span style=\"font-weight: bold; color: #f00;\">Error, group does not exist! Check your syntax! (ID: 60)<\/span>\n","protected":false},"excerpt":{"rendered":"<p>CHP \u0130stanbul Eski \u0130l Ba\u015fkan\u0131 G\u00fcrsel Tekin, Parti Meclisi&#8217;indeki oylamada 81 \u00fcyeden 48&#8217;inin oyunu alarak Merkez Y\u00f6netim Kurulu (MYK)&#8217;na girdi.<\/p>\n","protected":false},"author":28,"featured_media":190650,"comment_status":"open","ping_status":"open","sticky":false,"template":"","format":"standard","meta":{"_acf_changed":false,"footnotes":""},"categories":[6155,6667,6202],"tags":[8723,38423,38426,1709,1011,5115],"class_list":["post-34620","post","type-post","status-publish","format-standard","has-post-thumbnail","hentry","category-gundem","category-medya","category-politika","tag-chp","tag-chp-istanbul-eski-il-baskani","tag-genel-baskan-yardimcisi","tag-gursel-tekin","tag-istanbul","tag-kemal-kilicdaroglu"],"acf":[],"_links":{"self":[{"href":"https:\/\/www.nationalturk.com\/tr\/wp-json\/wp\/v2\/posts\/34620","targetHints":{"allow":["GET"]}}],"collection":[{"href":"https:\/\/www.nationalturk.com\/tr\/wp-json\/wp\/v2\/posts"}],"about":[{"href":"https:\/\/www.nationalturk.com\/tr\/wp-json\/wp\/v2\/types\/post"}],"author":[{"embeddable":true,"href":"https:\/\/www.nationalturk.com\/tr\/wp-json\/wp\/v2\/users\/28"}],"replies":[{"embeddable":true,"href":"https:\/\/www.nationalturk.com\/tr\/wp-json\/wp\/v2\/comments?post=34620"}],"version-history":[{"count":0,"href":"https:\/\/www.nationalturk.com\/tr\/wp-json\/wp\/v2\/posts\/34620\/revisions"}],"wp:featuredmedia":[{"embeddable":true,"href":"https:\/\/www.nationalturk.com\/tr\/wp-json\/wp\/v2\/media\/190650"}],"wp:attachment":[{"href":"https:\/\/www.nationalturk.com\/tr\/wp-json\/wp\/v2\/media?parent=34620"}],"wp:term":[{"taxonomy":"category","embeddable":true,"href":"https:\/\/www.nationalturk.com\/tr\/wp-json\/wp\/v2\/categories?post=34620"},{"taxonomy":"post_tag","embeddable":true,"href":"https:\/\/www.nationalturk.com\/tr\/wp-json\/wp\/v2\/tags?post=34620"}],"curies":[{"name":"wp","href":"https:\/\/api.w.org\/{rel}","templated":true}]}}