{"id":35001,"date":"2010-08-09T10:53:31","date_gmt":"2010-08-09T08:53:31","guid":{"rendered":"http:\/\/www.nationalturk.com\/?p=35001"},"modified":"2010-08-09T10:53:31","modified_gmt":"2010-08-09T08:53:31","slug":"netanyahu-mavi-marmara-ifade-9028465","status":"publish","type":"post","link":"https:\/\/www.nationalturk.com\/tr\/netanyahu-mavi-marmara-ifade-9028465\/","title":{"rendered":"Netanyahu ifade verdi: T\u00fcrkiye uyar\u0131lar\u0131m\u0131za ald\u0131rmad\u0131"},"content":{"rendered":"<p><strong><img loading=\"lazy\" decoding=\"async\" class=\"alignleft size-medium wp-image-35002\" title=\"Benjamin Netanyahu\" src=\"http:\/\/www.nationalturk.com\/tr\/wp-content\/uploads\/2010\/08\/netahyahu-280x175.jpg\" alt=\"\" width=\"280\" height=\"175\" srcset=\"https:\/\/www.nationalturk.com\/tr\/wp-content\/uploads\/2010\/08\/netahyahu-280x175.jpg 280w, https:\/\/www.nationalturk.com\/tr\/wp-content\/uploads\/2010\/08\/netahyahu.jpg 460w\" sizes=\"auto, (max-width: 280px) 100vw, 280px\" \/>\u0130srail Ba\u015fbakan\u0131 Binyamin Netanyahu, yard\u0131m gemilerinin engellenmesi i\u00e7in T\u00fcrk h\u00fck\u00fcmetiyle en \u00fcst d\u00fczeyde temas kurduklar\u0131n\u0131 fakat uyar\u0131lar\u0131n\u0131n dikkate al\u0131nmad\u0131\u011f\u0131n\u0131 s\u00f6yledi.<\/strong><\/p>\n<p>Netanyahu, h\u00fck\u00fcmet taraf\u0131ndan kurulan i\u00e7 soru\u015fturma komisyonuna verdi\u011fi ifadede, 14 May\u0131s&#8217;tan itibaren gemilerle kar\u015f\u0131 kar\u015f\u0131ya gelmemek i\u00e7in T\u00fcrk h\u00fck\u00fcmetine mesajlar g\u00f6nderdiklerini s\u00f6yledi. Gemiler Gazze yak\u0131nlar\u0131na gelene kadar bu temaslar\u0131n devam etti\u011fini belirten \u0130srail Ba\u015fbakan\u0131, &#8220;T\u00fcm diplomatik \u00e7abalar\u0131m\u0131za ra\u011fmen, T\u00fcrk h\u00fck\u00fcmeti, (Mavi) Marmara&#8217;n\u0131n ablukay\u0131 delme \u00e7abas\u0131n\u0131 engellemek i\u00e7in hi\u00e7bir \u015fey yapmad\u0131. T\u00fcrk aktivistlerle \u0130srail&#8217;in \u00e7at\u0131\u015fmas\u0131 \u00e7\u0131karlar\u0131yla \u00e7at\u0131\u015fan bir durum olarak g\u00f6rmedikleri anla\u015f\u0131l\u0131yor.&#8221; ifadelerini kulland\u0131.<\/p>\n<p>9 ki\u015finin katledildi\u011fi bask\u0131n\u0131 savunan Netanyahu, &#8220;\u0130srail devleti ve ordusu, uluslararas\u0131 hukuka uygun bir eylem ger\u00e7ekle\u015ftirmi\u015ftir. Bir ba\u015fbakan olarak \u0130srail&#8217;in varl\u0131\u011f\u0131na tehdit te\u015fkil eden Hamas&#8217;\u0131 g\u00f6rmezden gelemezdim.&#8221; dedi. \u0130srail Ba\u015fbakan\u0131, komisyonun da bu \u015fekilde bir karar verece\u011finden emin oldu\u011funu s\u00f6yledi.<\/p>\n<p>ABD&#8217;ye hareketinden \u00f6nce bakanlara &#8216;eylemcilere zarar verilmesin&#8217; talimat\u0131 verdi\u011fini savunan Binyamin Netanyahu, askerlerin bask\u0131nda azami dikkat g\u00f6sterdi\u011fini fakat kendilerini savunmak zorunda olduklar\u0131n\u0131 ifade ederek, &#8220;\u0130srail devleti onlarla gurur duyuyor.&#8221; dedi.<\/p>\n<p>Emekli Haklim Jacob T\u00fcrkel ba\u015fkanl\u0131\u011f\u0131ndaki komisyonda iki yabanc\u0131 g\u00f6zlemci bulunuyor. Savunma Bakan\u0131 Ehud Barak ve Genelkurmay Ba\u015fkan\u0131 Gabi A\u015fkenazi&#8217;nin de bu hafta komisyona ifade vermesi bekleniyor.<\/p>\n<!-- Error, Advert is not available at this time due to schedule\/geolocation restrictions! -->\n","protected":false},"excerpt":{"rendered":"<p>\u0130srail Ba\u015fbakan\u0131 Binyamin Netanyahu, yard\u0131m gemilerinin engellenmesi i\u00e7in T\u00fcrk h\u00fck\u00fcmetiyle en \u00fcst d\u00fczeyde temas kurduklar\u0131n\u0131 fakat uyar\u0131lar\u0131n\u0131n dikkate al\u0131nmad\u0131\u011f\u0131n\u0131 s\u00f6yledi.<\/p>\n","protected":false},"author":4,"featured_media":190602,"comment_status":"open","ping_status":"open","sticky":false,"template":"","format":"standard","meta":{"_acf_changed":false,"footnotes":""},"categories":[6665,6155,5005,6772,6202],"tags":[13804,38902,28543,1555,38903,6140,28040,28072,195938],"class_list":["post-35001","post","type-post","status-publish","format-standard","has-post-thumbnail","hentry","category-dunya","category-gundem","category-manset","category-ortadogu","category-politika","tag-benjamin-netanyahu","tag-benjamin-netanyahu-mavi-marmara-aciklamasi","tag-binyamin-netanyahu","tag-israil","tag-israil-mavi-marmara-sorusturmasi","tag-israil-turkiye","tag-mavi-marmara","tag-mavi-marmara-gemisi","tag-turkiye"],"acf":[],"_links":{"self":[{"href":"https:\/\/www.nationalturk.com\/tr\/wp-json\/wp\/v2\/posts\/35001","targetHints":{"allow":["GET"]}}],"collection":[{"href":"https:\/\/www.nationalturk.com\/tr\/wp-json\/wp\/v2\/posts"}],"about":[{"href":"https:\/\/www.nationalturk.com\/tr\/wp-json\/wp\/v2\/types\/post"}],"author":[{"embeddable":true,"href":"https:\/\/www.nationalturk.com\/tr\/wp-json\/wp\/v2\/users\/4"}],"replies":[{"embeddable":true,"href":"https:\/\/www.nationalturk.com\/tr\/wp-json\/wp\/v2\/comments?post=35001"}],"version-history":[{"count":0,"href":"https:\/\/www.nationalturk.com\/tr\/wp-json\/wp\/v2\/posts\/35001\/revisions"}],"wp:featuredmedia":[{"embeddable":true,"href":"https:\/\/www.nationalturk.com\/tr\/wp-json\/wp\/v2\/media\/190602"}],"wp:attachment":[{"href":"https:\/\/www.nationalturk.com\/tr\/wp-json\/wp\/v2\/media?parent=35001"}],"wp:term":[{"taxonomy":"category","embeddable":true,"href":"https:\/\/www.nationalturk.com\/tr\/wp-json\/wp\/v2\/categories?post=35001"},{"taxonomy":"post_tag","embeddable":true,"href":"https:\/\/www.nationalturk.com\/tr\/wp-json\/wp\/v2\/tags?post=35001"}],"curies":[{"name":"wp","href":"https:\/\/api.w.org\/{rel}","templated":true}]}}