{"id":35528,"date":"2010-08-13T12:48:55","date_gmt":"2010-08-13T10:48:55","guid":{"rendered":"http:\/\/www.nationalturk.com\/?p=35528"},"modified":"2010-08-13T12:50:47","modified_gmt":"2010-08-13T10:50:47","slug":"fidel-castro-84-yasinda-video-6520104","status":"publish","type":"post","link":"https:\/\/www.nationalturk.com\/tr\/fidel-castro-84-yasinda-video-6520104\/","title":{"rendered":"Fidel Castro 84 ya\u015f\u0131nda"},"content":{"rendered":"<p><strong><img loading=\"lazy\" decoding=\"async\" class=\"alignnone size-large wp-image-35529\" title=\"Fidel Castro\" src=\"http:\/\/www.nationalturk.com\/tr\/wp-content\/uploads\/2010\/08\/fidel_castro_parlamentoo-586x400.jpg\" alt=\"\" width=\"586\" height=\"400\" srcset=\"https:\/\/www.nationalturk.com\/tr\/wp-content\/uploads\/2010\/08\/fidel_castro_parlamentoo-586x400.jpg 586w, https:\/\/www.nationalturk.com\/tr\/wp-content\/uploads\/2010\/08\/fidel_castro_parlamentoo-280x191.jpg 280w, https:\/\/www.nationalturk.com\/tr\/wp-content\/uploads\/2010\/08\/fidel_castro_parlamentoo.jpg 900w\" sizes=\"auto, (max-width: 586px) 100vw, 586px\" \/><\/strong><\/p>\n<p><strong>K\u00fcba&#8217;n\u0131n efsanevi lideri Fidel Castro 84. ya\u015f\u0131n\u0131 sa\u011fl\u0131kl\u0131 bir \u015fekilde ve halk\u0131n\u0131n aras\u0131nda kutluyor. 4 y\u0131ld\u0131r a\u011f\u0131r sa\u011fl\u0131k problemleri ya\u015fayan Castro, yeniden halk\u0131n aras\u0131nda.<\/strong><\/p>\n<p>O d\u00f6nemde hastane odas\u0131nda \u00e7ekilen ya\u015fl\u0131 ve yorgun g\u00f6r\u00fcnt\u00fcleri medyaya yans\u0131d\u0131\u011f\u0131nda, herkes bir d\u00f6nemin kapand\u0131\u011f\u0131n\u0131 d\u00fc\u015f\u00fcn\u00fcyordu. Ancak efsane lider adeta k\u00fcllerinden do\u011fdu.<\/p>\n<p>D\u00f6rt y\u0131l boyunca adeta hayattan kopan Castro, son bir ayda s\u0131k s\u0131k kamuoyunun \u00f6n\u00fcne \u00e7\u0131kmaya ba\u015flad\u0131.<\/p>\n<p>Devrimin 45&#8217;inci y\u0131ld\u00f6n\u00fcm\u00fcnde halk\u0131n aras\u0131na kar\u0131\u015ft\u0131, televizyonda bir siyaset program\u0131na kat\u0131ld\u0131.<\/p>\n<p>Hala Kom\u00fcnist Parti&#8217;nin lideri olan Castro&#8217;nun sonraki dura\u011f\u0131 parlamento oldu. Yo\u011fun alk\u0131\u015f ve g\u00f6zya\u015flar\u0131 e\u015fli\u011finde kar\u015f\u0131lanan Castro k\u0131sa bir dekonu\u015fma yapt\u0131.<\/p>\n<p>Eski ba\u015fkan, konu\u015fmas\u0131nda ABD, \u0130srail ve \u0130ran aras\u0131nda ya\u015fananlar\u0131n n\u00fckleer bir sava\u015fla sona erebilece\u011fine de\u011finerek, hala siyaseti yak\u0131ndan takip etti\u011fi mesaj\u0131 verdi.<\/p>\n<p>Sa\u011fl\u0131kl\u0131 g\u00f6r\u00fcnt\u00fcs\u00fcyle \u015fa\u015fk\u0131nl\u0131k yaratan Castro&#8217;nun, bu \u00e7\u0131k\u0131\u015flar\u0131 kulislerde K\u00fcba y\u00f6netimini etkisi alt\u0131na alabilece\u011fi yorumlar\u0131na yol a\u00e7t\u0131.<\/p>\n<p>\u00d6te yandan Castro, ya\u015fam \u00f6yk\u00fcs\u00fcn\u00fc anlatt\u0131\u011f\u0131 kitab\u0131n\u0131n ilk cildini yay\u0131nlamaya haz\u0131rlan\u0131yor.<\/p>\n<p>&#8220;Stratejik Zafer&#8221; isimli kitapta, Castro komutas\u0131 alt\u0131ndaki birka\u00e7 y\u00fcz devrimcinin 1958 y\u0131l\u0131nda K\u00fcba ordusunu nas\u0131l yenilgiye u\u011fratt\u0131\u011f\u0131n\u0131 anlat\u0131yor.(NTV)<\/p>\n[media id=690 width=610 height=340]\n<span style=\"font-weight: bold; color: #f00;\">Error, group does not exist! Check your syntax! (ID: 53)<\/span>\n<span style=\"font-weight: bold; color: #f00;\">Error, group does not exist! Check your syntax! (ID: 51)<\/span>\n","protected":false},"excerpt":{"rendered":"<p>K\u00fcba&#8217;n\u0131n efsanevi lideri Fidel Castro 84. ya\u015f\u0131n\u0131 sa\u011fl\u0131kl\u0131 bir \u015fekilde ve halk\u0131n\u0131n aras\u0131nda kutluyor. 4 y\u0131ld\u0131r a\u011f\u0131r sa\u011fl\u0131k problemleri ya\u015fayan Castro, yeniden halk\u0131n aras\u0131nda.<\/p>\n","protected":false},"author":4,"featured_media":190521,"comment_status":"open","ping_status":"open","sticky":false,"template":"","format":"standard","meta":{"_acf_changed":false,"footnotes":""},"categories":[6665,6155,6771,5005,6202],"tags":[931,39555,39556,39558,39554,35458,39553,14],"class_list":["post-35528","post","type-post","status-publish","format-standard","has-post-thumbnail","hentry","category-dunya","category-gundem","category-latin-amerika","category-manset","category-politika","tag-fidel-castro","tag-fidel-castro-84-yasinda","tag-fidel-castro-dogum-gunu","tag-fidel-castro-dogum-gunu-video","tag-fidel-castro-kutlama","tag-fidel-castro-video","tag-fidel-castro-yas-gunu","tag-kuba"],"acf":[],"_links":{"self":[{"href":"https:\/\/www.nationalturk.com\/tr\/wp-json\/wp\/v2\/posts\/35528","targetHints":{"allow":["GET"]}}],"collection":[{"href":"https:\/\/www.nationalturk.com\/tr\/wp-json\/wp\/v2\/posts"}],"about":[{"href":"https:\/\/www.nationalturk.com\/tr\/wp-json\/wp\/v2\/types\/post"}],"author":[{"embeddable":true,"href":"https:\/\/www.nationalturk.com\/tr\/wp-json\/wp\/v2\/users\/4"}],"replies":[{"embeddable":true,"href":"https:\/\/www.nationalturk.com\/tr\/wp-json\/wp\/v2\/comments?post=35528"}],"version-history":[{"count":0,"href":"https:\/\/www.nationalturk.com\/tr\/wp-json\/wp\/v2\/posts\/35528\/revisions"}],"wp:featuredmedia":[{"embeddable":true,"href":"https:\/\/www.nationalturk.com\/tr\/wp-json\/wp\/v2\/media\/190521"}],"wp:attachment":[{"href":"https:\/\/www.nationalturk.com\/tr\/wp-json\/wp\/v2\/media?parent=35528"}],"wp:term":[{"taxonomy":"category","embeddable":true,"href":"https:\/\/www.nationalturk.com\/tr\/wp-json\/wp\/v2\/categories?post=35528"},{"taxonomy":"post_tag","embeddable":true,"href":"https:\/\/www.nationalturk.com\/tr\/wp-json\/wp\/v2\/tags?post=35528"}],"curies":[{"name":"wp","href":"https:\/\/api.w.org\/{rel}","templated":true}]}}