{"id":35552,"date":"2010-08-13T14:42:05","date_gmt":"2010-08-13T12:42:05","guid":{"rendered":"http:\/\/www.nationalturk.com\/?p=35552"},"modified":"2010-08-13T16:47:24","modified_gmt":"2010-08-13T14:47:24","slug":"basbakan-erdogan-erzurum-konusmasi-video-7721034","status":"publish","type":"post","link":"https:\/\/www.nationalturk.com\/tr\/basbakan-erdogan-erzurum-konusmasi-video-7721034\/","title":{"rendered":"Ba\u015fbakan Erdo\u011fan Erzurum&#8217;da konu\u015ftu (Video)"},"content":{"rendered":"<p><strong><img loading=\"lazy\" decoding=\"async\" class=\"alignleft size-medium wp-image-35580\" title=\"Ba\u015fbakan Erdo\u011fan Erzurum&#039;da konu\u015ftu\" src=\"http:\/\/www.nationalturk.com\/tr\/wp-content\/uploads\/2010\/08\/erdogan____erzurum-280x185.jpg\" alt=\"\" width=\"280\" height=\"185\" srcset=\"https:\/\/www.nationalturk.com\/tr\/wp-content\/uploads\/2010\/08\/erdogan____erzurum-280x185.jpg 280w, https:\/\/www.nationalturk.com\/tr\/wp-content\/uploads\/2010\/08\/erdogan____erzurum.jpg 500w\" sizes=\"auto, (max-width: 280px) 100vw, 280px\" \/>Ba\u015fbakan Recep Tayyip Erdo\u011fan,12 Eyl\u00fcl Anayasa De\u011fi\u015fikli\u011fi Referandumu \u00f6ncesi mitinglerine devam ediyor. Erdo\u011fan, Cuma namaz\u0131n\u0131 da k\u0131ld\u0131\u011f\u0131 Erzurum&#8217;da halka seslendi. <\/strong><\/p>\n<p>\u00c7ok s\u0131cak havaya ra\u011fmen kat\u0131l\u0131m\u0131n yo\u011fun oldu\u011fu mitingde CHP Genel Ba\u015fkan\u0131 Kemal K\u0131l\u0131\u00e7daro\u011flu&#8217;na y\u00fcklenen Erdo\u011fan, &#8220;K\u0131l\u0131\u00e7daro\u011flu miting meydanlar\u0131nda freni patlam\u0131\u015f kamyon gibi.\u00a0Ben muhalefet partileri gibi de\u011fil, Ramazan\u2019\u0131n ruhuna ayk\u0131r\u0131 bir \u00fcslubun kullan\u0131lmamas\u0131 gerekti\u011fine inan\u0131yorum\u00a0Benim milletim onlar\u0131n hakaretlerine, k\u00fcf\u00fcr na\u011fmelerine bakarak onlara gereken cevab\u0131 12 Eyl\u00fcl\u2019de verecektir&#8221; diye konu\u015ftu.<\/p>\n[media id=691 width=610 height=340]\n<p>K\u0131l\u0131\u00e7daro\u011flu&#8217;nun kendisine samimiyetsiz bir \u015fekilde iftiralar att\u0131\u011f\u0131n\u0131 ifade eden Ba\u015fbakan, &#8220;Aynada kendisine bakm\u0131yor. Kendisine yolda\u015f\u0131 olan o malum medyan\u0131n sayfalar\u0131ndan bak\u0131yor. Onlara g\u00fcvenme. Onlar\u0131n suistimallerine Ak Parti iktidar\u0131 dur dedi\u011fi i\u00e7in seninle beraberler. \u00a0O malum medya 2011 se\u00e7imlerinin hesab\u0131n\u0131 yap\u0131yor. Ben CHP y\u00f6netimini de CHP genel ba\u015fkan\u0131n\u0131 da milletime havale ediyorum&#8221; dedi.<\/p>\n<p>Erdo\u011fan, CHP ve K\u0131l\u0131\u00e7daro\u011flu ile ilgili olarak ayr\u0131ca \u015funlar\u0131 s\u00f6yledi;<\/p>\n<p>&#8220;CHP Genel Ba\u015fkan\u0131 kapt\u0131\u011f\u0131 yeni koltu\u011fu koruman\u0131n gayreti i\u00e7inde. Anayasa de\u011fi\u015fikli\u011fine kar\u015f\u0131 \u00e7\u0131kt\u0131\u011f\u0131 i\u00e7in de\u011fil, kendi h\u0131rs\u0131 i\u00e7in hay\u0131r diyor.<\/p>\n<p>Ge\u00e7enlerde CHP Genel Ba\u015fkan\u0131, \u2018Ba\u015f\u00f6rt\u00fcy\u00fc ben hallederim\u2019 diyor. Biz ba\u015f\u00f6rt\u00fcl\u00fc karde\u015flerimiz i\u00e7in anayasa de\u011fi\u015fikli\u011fi yapt\u0131k, 411 oyla Meclis\u2019ten ge\u00e7irdik. Bunu Anayasa Mahkemesi\u2019ne CHP g\u00f6t\u00fcrd\u00fc. Orda \u015fu anda CHP\u2019nin yeni genel ba\u015fkan\u0131 olan beyefendinin imzas\u0131 var m\u0131yd\u0131?\u00a0D\u00fcr\u00fcst ol be. Sen benim Erzurumlu karde\u015fimi enayi mi zannediyorsun<\/p>\n<p>\u015eu anda baz\u0131 CHP\u2019li belediye ba\u015fkanlar\u0131n\u0131n nas\u0131l evet dedi\u011fini duyuyorsunuz de\u011fil mi? \u0130\u00e7erde bir \u00e7ok milletvekilinin de aynen b\u00f6yle d\u00fc\u015f\u00fcnd\u00fc\u011f\u00fcn\u00fc biliyorum.<\/p>\n<p><strong>DEVLET BAH\u00c7EL\u0130 DE NAS\u0130B\u0130N\u0130 ALDI<\/strong><\/p>\n<p>Ba\u015fbakan Erdo\u011fan&#8217;\u0131n hedefindeki bir di\u011fer isim de MHP Genel Ba\u015fkan\u0131 Devlet Bah\u00e7eli oldu.<\/p>\n<p>MHP y\u00f6netiminin partiyi CHP&#8217;nin orta\u011f\u0131 haline getirdi\u011fini s\u00f6yleyen Ba\u015fbakan Erdo\u011fan, &#8220;MHP\u2019ye g\u00f6n\u00fcl vermi\u015f karde\u015flerimin dikkatini \u00e7ekiyorum. MHP y\u00f6netimi, partiyi CHP\u2019nin orta\u011f\u0131 haline getirdi. MHP nas\u0131l oldu da bir anda hem CHP&#8217;nin hem BDP&#8217;nin orta\u011f\u0131 haline geldi?&#8221; diye sordu.<\/p>\n<span style=\"font-weight: bold; color: #f00;\">Error, group does not exist! Check your syntax! (ID: 75)<\/span>\n<!-- Error, Advert is not available at this time due to schedule\/geolocation restrictions! -->\n","protected":false},"excerpt":{"rendered":"<p>Erdo\u011fan Erzurum&#8217;da konu\u015ftu (Video)<\/p>\n","protected":false},"author":4,"featured_media":190517,"comment_status":"open","ping_status":"open","sticky":false,"template":"","format":"standard","meta":{"_acf_changed":false,"footnotes":""},"categories":[6155,6202,349,6805,342],"tags":[36295,37157,36282,9476,3888,8723,10829,787],"class_list":["post-35552","post","type-post","status-publish","format-standard","has-post-thumbnail","hentry","category-gundem","category-politika","category-son-dakika","category-turkiye","category-video","tag-12-eylul","tag-12-eylul-anayasa-referandumu","tag-12-eylul-referandumu","tag-akp","tag-basbakan-erdogan","tag-chp","tag-mhp","tag-recep-tayyip-erdogan"],"acf":[],"_links":{"self":[{"href":"https:\/\/www.nationalturk.com\/tr\/wp-json\/wp\/v2\/posts\/35552","targetHints":{"allow":["GET"]}}],"collection":[{"href":"https:\/\/www.nationalturk.com\/tr\/wp-json\/wp\/v2\/posts"}],"about":[{"href":"https:\/\/www.nationalturk.com\/tr\/wp-json\/wp\/v2\/types\/post"}],"author":[{"embeddable":true,"href":"https:\/\/www.nationalturk.com\/tr\/wp-json\/wp\/v2\/users\/4"}],"replies":[{"embeddable":true,"href":"https:\/\/www.nationalturk.com\/tr\/wp-json\/wp\/v2\/comments?post=35552"}],"version-history":[{"count":0,"href":"https:\/\/www.nationalturk.com\/tr\/wp-json\/wp\/v2\/posts\/35552\/revisions"}],"wp:featuredmedia":[{"embeddable":true,"href":"https:\/\/www.nationalturk.com\/tr\/wp-json\/wp\/v2\/media\/190517"}],"wp:attachment":[{"href":"https:\/\/www.nationalturk.com\/tr\/wp-json\/wp\/v2\/media?parent=35552"}],"wp:term":[{"taxonomy":"category","embeddable":true,"href":"https:\/\/www.nationalturk.com\/tr\/wp-json\/wp\/v2\/categories?post=35552"},{"taxonomy":"post_tag","embeddable":true,"href":"https:\/\/www.nationalturk.com\/tr\/wp-json\/wp\/v2\/tags?post=35552"}],"curies":[{"name":"wp","href":"https:\/\/api.w.org\/{rel}","templated":true}]}}