{"id":35797,"date":"2010-08-16T11:45:19","date_gmt":"2010-08-16T09:45:19","guid":{"rendered":"http:\/\/www.nationalturk.com\/?p=35797"},"modified":"2010-08-16T11:45:19","modified_gmt":"2010-08-16T09:45:19","slug":"besiktas-helsinki-maci-detaylari-2111974","status":"publish","type":"post","link":"https:\/\/www.nationalturk.com\/tr\/besiktas-helsinki-maci-detaylari-2111974\/","title":{"rendered":"Be\u015fikta\u015f &#8211; Helsinki: Avrupa&#8217;da 141. m\u00fccadele"},"content":{"rendered":"<p><strong><img loading=\"lazy\" decoding=\"async\" class=\"alignleft size-medium wp-image-35798\" title=\"Be\u015fikta\u015f, Avrupa&#039;da 141. randevuya \u00e7\u0131k\u0131yor\" src=\"http:\/\/www.nationalturk.com\/tr\/wp-content\/uploads\/2010\/08\/bobo___gol_pozisyonuu-253x220.jpg\" alt=\"\" width=\"253\" height=\"220\" srcset=\"https:\/\/www.nationalturk.com\/tr\/wp-content\/uploads\/2010\/08\/bobo___gol_pozisyonuu-253x220.jpg 253w, https:\/\/www.nationalturk.com\/tr\/wp-content\/uploads\/2010\/08\/bobo___gol_pozisyonuu.jpg 450w\" sizes=\"auto, (max-width: 253px) 100vw, 253px\" \/>Be\u015fikta\u015f, UEFA Avrupa Ligi play-off turu ilk ma\u00e7\u0131nda yar\u0131n HJK Helsinki ile kar\u015f\u0131 kar\u015f\u0131ya gelecek.<\/strong><\/p>\n<p>BJK \u0130n\u00f6n\u00fc Stad\u0131\u2019nda saat 19.00\u2032da ba\u015flayacak ve Romanya Futbol Federasyonu\u2019ndan Ovidiu Alin Hategan\u2019\u0131n y\u00f6netece\u011fi m\u00fccadele, siyah \u2013 beyazl\u0131lar Avrupa kupalar\u0131ndaki 141. kar\u015f\u0131la\u015fmas\u0131 olacak.<\/p>\n<p>Bug\u00fcne dek Avrupa kupalar\u0131nda 140 ma\u00e7 yapan Be\u015fikta\u015f, sahadan 47 galibiyet ve 64 ma\u011flubiyetle ayr\u0131l\u0131rken, 29 ma\u00e7ta rakipleriyle yeni\u015femedi. Avrupa arenas\u0131nda bug\u00fcne dek rakip fileleri toplam 167 kez havaland\u0131ran \u201dKara Kartallar\u201d, kalesinde ise 208 gol g\u00f6rd\u00fc.<\/p>\n<p>Be\u015fikta\u015f, 1959 y\u0131l\u0131nda ba\u015flayan Avrupa kupalar\u0131 ser\u00fcveninde T\u00fcrkiye\u2019yi 15 kez Avrupa \u015eampiyon Kul\u00fcpler Kupas\u0131 ve UEFA \u015eampiyonlar Ligi, 7 kez Avrupa Kupa Galipleri Kupas\u0131, 10 kez de UEFA Kupas\u0131\u2019nda temsil etti.<\/p>\n<p>Siyah \u2013 beyazl\u0131 kul\u00fcp, haberde de\u011ferlendirmeye al\u0131nmayan, Avrupa kupalar\u0131nda h\u00fckmen galibiyetleri de bulunuyor. Be\u015fikta\u015f, \u015eampiyon Kul\u00fcpler Kupas\u0131\u2019nda 1958-1959 sezonunda Yunanistan\u2019\u0131n Olympiakos, 1986-1987 sezonunda da K\u0131br\u0131s Rum Kesimi\u2019nin APOEL tak\u0131mlar\u0131n\u0131n sahaya \u00e7\u0131kmamalar\u0131 \u00fczerine h\u00fckmen galip ilan edilmi\u015f ve tur atlam\u0131\u015ft\u0131.<\/p>\n<p><strong>AVRUPA MESA\u0130S\u0130<\/strong><\/p>\n<p>Siyah \u2013 beyazl\u0131 ekibin, Avrupa kupalar\u0131nda yapt\u0131\u011f\u0131 ma\u00e7lar\u0131n performans tablosu \u015f\u00f6yle;<\/p>\n<p>Organizasyon\t K\tO\tG\tB\tM\tA\tY<\/p>\n<p>\u015e.K.Kupas\u0131 ve \u015e.Ligi\t15\t64\t20\t12\t32\t59\t101<\/p>\n<p>Kupa Galipleri Kupas\u0131\t7\t20\t4\t4\t12\t21\t38<\/p>\n<p>UEFA Kupas\u0131\t 10\t56\t23\t13\t20\t87\t69<\/p>\n<p>Toplam\t 32\t140\t47\t29\t64\t167\t208<\/p>\n<span style=\"font-weight: bold; color: #f00;\">Error, group does not exist! Check your syntax! (ID: 54)<\/span>\n","protected":false},"excerpt":{"rendered":"<p>Be\u015fikta\u015f, UEFA Avrupa Ligi play-off turu ilk ma\u00e7\u0131nda yar\u0131n HJK Helsinki ile kar\u015f\u0131 kar\u015f\u0131ya gelecek.<\/p>\n","protected":false},"author":4,"featured_media":190480,"comment_status":"open","ping_status":"open","sticky":false,"template":"","format":"standard","meta":{"_acf_changed":false,"footnotes":""},"categories":[6774,6194],"tags":[1748,39880,39883,39884,39882,6263,39881,35962],"class_list":["post-35797","post","type-post","status-publish","format-standard","has-post-thumbnail","hentry","category-futbol","category-spor","tag-besiktas","tag-besiktas-helsinki","tag-besiktas-helsinki-detaylar","tag-besiktas-helsinki-kadro","tag-besiktas-helsinki-yayin","tag-besiktas-maclari","tag-besiktas-uefa","tag-besiktas-uefa-maclari"],"acf":[],"_links":{"self":[{"href":"https:\/\/www.nationalturk.com\/tr\/wp-json\/wp\/v2\/posts\/35797","targetHints":{"allow":["GET"]}}],"collection":[{"href":"https:\/\/www.nationalturk.com\/tr\/wp-json\/wp\/v2\/posts"}],"about":[{"href":"https:\/\/www.nationalturk.com\/tr\/wp-json\/wp\/v2\/types\/post"}],"author":[{"embeddable":true,"href":"https:\/\/www.nationalturk.com\/tr\/wp-json\/wp\/v2\/users\/4"}],"replies":[{"embeddable":true,"href":"https:\/\/www.nationalturk.com\/tr\/wp-json\/wp\/v2\/comments?post=35797"}],"version-history":[{"count":0,"href":"https:\/\/www.nationalturk.com\/tr\/wp-json\/wp\/v2\/posts\/35797\/revisions"}],"wp:featuredmedia":[{"embeddable":true,"href":"https:\/\/www.nationalturk.com\/tr\/wp-json\/wp\/v2\/media\/190480"}],"wp:attachment":[{"href":"https:\/\/www.nationalturk.com\/tr\/wp-json\/wp\/v2\/media?parent=35797"}],"wp:term":[{"taxonomy":"category","embeddable":true,"href":"https:\/\/www.nationalturk.com\/tr\/wp-json\/wp\/v2\/categories?post=35797"},{"taxonomy":"post_tag","embeddable":true,"href":"https:\/\/www.nationalturk.com\/tr\/wp-json\/wp\/v2\/tags?post=35797"}],"curies":[{"name":"wp","href":"https:\/\/api.w.org\/{rel}","templated":true}]}}