{"id":36143,"date":"2010-08-18T15:02:59","date_gmt":"2010-08-18T13:02:59","guid":{"rendered":"http:\/\/www.nationalturk.com\/?p=36143"},"modified":"2010-08-18T15:02:59","modified_gmt":"2010-08-18T13:02:59","slug":"hitler-yahudilerle-akraba-9569241","status":"publish","type":"post","link":"https:\/\/www.nationalturk.com\/tr\/hitler-yahudilerle-akraba-9569241\/","title":{"rendered":"&#8220;Hitler Yahudilerle akraba&#8221;"},"content":{"rendered":"<p><strong><img loading=\"lazy\" decoding=\"async\" class=\"alignleft size-medium wp-image-36145\" title=\"Adolf Hitler\" src=\"http:\/\/www.nationalturk.com\/tr\/wp-content\/uploads\/2010\/08\/hitlerrrr-280x201.jpg\" alt=\"\" width=\"280\" height=\"201\" srcset=\"https:\/\/www.nationalturk.com\/tr\/wp-content\/uploads\/2010\/08\/hitlerrrr-280x201.jpg 280w, https:\/\/www.nationalturk.com\/tr\/wp-content\/uploads\/2010\/08\/hitlerrrr.jpg 480w\" sizes=\"auto, (max-width: 280px) 100vw, 280px\" \/>Bel\u00e7ika&#8217;da yay\u0131nlanan Knack dergisi Hitler&#8217;in genetik olarak Kuzey Afrikal\u0131lar ve Yahudilerle akraba oldu\u011funu \u00f6ne s\u00fcrd\u00fc.<\/strong><\/p>\n<p>Hitler&#8217;in Avusturya ve ABD&#8217;deki akrabalar\u0131n\u0131n babadan o\u011fla ge\u00e7en &#8216;Y&#8217; kromozomlar\u0131n\u0131 inceleyen gazeteci Jean-Paul Mulders, Hitlerin E1b1b haplo grubuna d\u00e2hil oldu\u011funu ve bu grubun Almanya ve Bat\u0131 Avrupa&#8217;da \u00e7ok az bulundu\u011funu yazd\u0131.<\/p>\n<p>Bu grup \u00f6zellikle Afrika&#8217;n\u0131n Kuzey Do\u011fu&#8217;sunda ve Orta Do\u011fu&#8217;da g\u00f6r\u00fcld\u00fc\u011f\u00fcn\u00fc de aktaran Knack Yunanlar\u0131n ve Sicilyal\u0131lar\u0131n y\u00fczde 25&#8217;inin de E1b1b&#8217;e d\u00e2hil olduklar\u0131n\u0131 belirtti. Ama bu grubun en fazla Afrika&#8217;da ya\u015fayan Berberi toplumunda g\u00f6r\u00fcld\u00fc\u011f\u00fcne de ayr\u0131ca dikkat \u00e7ekildi. Di\u011fer yandan E1b1b haplo grubunun Do\u011fu Avrupa&#8217;daki A\u015fkenazi Yahudilerinde de \u00e7ok g\u00f6r\u00fcld\u00fc\u011f\u00fc belirtildi.<\/p>\n<p>Hitler&#8217;in safi Ari \u0131rk\u0131ndan olmad\u0131\u011f\u0131n\u0131 belirten Mulders, &#8220;Hitler&#8217;in belki de nefret etti\u011fi insanlarla akraba oldu\u011funu s\u00f6yleyebiliriz.&#8221; diye yazd\u0131.<\/p>\n<p>2008 y\u0131l\u0131nda Hitler&#8217;in &#8216;\u00e7ocu\u011fu&#8217; oldu\u011funu iddia eden Jean-Marie Loret&#8217;in iddias\u0131n\u0131 ara\u015ft\u0131ran Bel\u00e7ikal\u0131 gazeteci, Hitler&#8217;in hayatta olan erkek akrabalar\u0131n\u0131n izini s\u00fcrerek DNA \u00f6rneklerini alm\u0131\u015ft\u0131.<\/p>\n<span style=\"font-weight: bold; color: #f00;\">Error, group does not exist! Check your syntax! (ID: 89)<\/span>\n<!-- Error, Advert is not available at this time due to schedule\/geolocation restrictions! -->\n","protected":false},"excerpt":{"rendered":"<p>Bel\u00e7ika&#8217;da yay\u0131nlanan Knack dergisi Hitler&#8217;in genetik olarak Kuzey Afrikal\u0131lar ve Yahudilerle akraba oldu\u011funu \u00f6ne s\u00fcrd\u00fc.<\/p>\n","protected":false},"author":4,"featured_media":190412,"comment_status":"open","ping_status":"open","sticky":false,"template":"","format":"standard","meta":{"_acf_changed":false,"footnotes":""},"categories":[6770,6665,6155,5005,6202],"tags":[8285,40346,40347,2174,40348,40351,40349,29230],"class_list":["post-36143","post","type-post","status-publish","format-standard","has-post-thumbnail","hentry","category-avrupa","category-dunya","category-gundem","category-manset","category-politika","tag-adolf-hitler","tag-adolf-hitler-yahudi","tag-adolf-hitler-yahudilerle-akraba","tag-almanya","tag-hitler","tag-jean-marie-loret","tag-kuzey-afrika","tag-yahudiler"],"acf":[],"_links":{"self":[{"href":"https:\/\/www.nationalturk.com\/tr\/wp-json\/wp\/v2\/posts\/36143","targetHints":{"allow":["GET"]}}],"collection":[{"href":"https:\/\/www.nationalturk.com\/tr\/wp-json\/wp\/v2\/posts"}],"about":[{"href":"https:\/\/www.nationalturk.com\/tr\/wp-json\/wp\/v2\/types\/post"}],"author":[{"embeddable":true,"href":"https:\/\/www.nationalturk.com\/tr\/wp-json\/wp\/v2\/users\/4"}],"replies":[{"embeddable":true,"href":"https:\/\/www.nationalturk.com\/tr\/wp-json\/wp\/v2\/comments?post=36143"}],"version-history":[{"count":0,"href":"https:\/\/www.nationalturk.com\/tr\/wp-json\/wp\/v2\/posts\/36143\/revisions"}],"wp:featuredmedia":[{"embeddable":true,"href":"https:\/\/www.nationalturk.com\/tr\/wp-json\/wp\/v2\/media\/190412"}],"wp:attachment":[{"href":"https:\/\/www.nationalturk.com\/tr\/wp-json\/wp\/v2\/media?parent=36143"}],"wp:term":[{"taxonomy":"category","embeddable":true,"href":"https:\/\/www.nationalturk.com\/tr\/wp-json\/wp\/v2\/categories?post=36143"},{"taxonomy":"post_tag","embeddable":true,"href":"https:\/\/www.nationalturk.com\/tr\/wp-json\/wp\/v2\/tags?post=36143"}],"curies":[{"name":"wp","href":"https:\/\/api.w.org\/{rel}","templated":true}]}}