{"id":36263,"date":"2010-08-19T14:12:06","date_gmt":"2010-08-19T12:12:06","guid":{"rendered":"http:\/\/www.nationalturk.com\/?p=36263"},"modified":"2010-08-19T14:12:06","modified_gmt":"2010-08-19T12:12:06","slug":"izmir-buca-balcova-sahte-para-operasyonu-6592114","status":"publish","type":"post","link":"https:\/\/www.nationalturk.com\/tr\/izmir-buca-balcova-sahte-para-operasyonu-6592114\/","title":{"rendered":"\u0130zmir&#8217;de kalpazan \u00e7etesi \u00e7\u00f6kertildi"},"content":{"rendered":"<p><strong><img loading=\"lazy\" decoding=\"async\" class=\"alignleft size-full wp-image-36264\" title=\"\u0130zmir&#039;de sahte para operasyonu\" src=\"http:\/\/www.nationalturk.com\/tr\/wp-content\/uploads\/2010\/08\/kalpazanlar_izmir.jpg\" alt=\"\" width=\"400\" height=\"348\" srcset=\"https:\/\/www.nationalturk.com\/tr\/wp-content\/uploads\/2010\/08\/kalpazanlar_izmir.jpg 500w, https:\/\/www.nationalturk.com\/tr\/wp-content\/uploads\/2010\/08\/kalpazanlar_izmir-252x220.jpg 252w, https:\/\/www.nationalturk.com\/tr\/wp-content\/uploads\/2010\/08\/kalpazanlar_izmir-459x400.jpg 459w\" sizes=\"auto, (max-width: 400px) 100vw, 400px\" \/>\u0130zmir&#8217;de piyasaya sahte para s\u00fcrmek istedi\u011fi iddia edilen iki gruba y\u00f6nelik operasyonlarda 6 ki\u015fi g\u00f6zalt\u0131na al\u0131nd\u0131. Zanl\u0131lar\u0131n evlerinde yap\u0131lan aramalarda, \u00e7ok say\u0131da sahte 50 liral\u0131k banknot ele ge\u00e7irildi.<\/strong><\/p>\n<p>\u0130l Emniyet M\u00fcd\u00fcrl\u00fc\u011f\u00fc Ka\u00e7ak\u00e7\u0131l\u0131k ve Organize Su\u00e7larla M\u00fccadele \u015eube M\u00fcd\u00fcrl\u00fc\u011f\u00fc Mali B\u00fcro Amirli\u011fi ekipleri, Ramazan Bayram\u0131 \u00f6ncesinde piyasaya sahte para s\u00fcrmek isteyen ki\u015filer oldu\u011funu belirleyerek harekete ge\u00e7ti. Teknik ve fiziki takip ba\u015flatan polis, d\u00fcn (18 A\u011fustos) Buca il\u00e7esinde G\u00fcven timlerinin de deste\u011fiyle operasyon d\u00fczenledi. Piyasa sahte para s\u00fcrmek su\u00e7undan kayd\u0131 bulunan S.L., M.\u00dc. ve E.K. yakaland\u0131. Bu ki\u015filerin \u00fczerlerinde ve adreslerinde yap\u0131lan aramalarda ise 266 adet sahte 50 liral\u0131k banknot ele ge\u00e7irildi. Bal\u00e7ova il\u00e7esinde de baz\u0131 ki\u015filerin ellerindeki sahte paralarla al\u0131\u015fveri\u015f merkezlerinde bulundu\u011fu ihbar\u0131n\u0131 alan polis, oto h\u0131rs\u0131zl\u0131k ve h\u0131rs\u0131zl\u0131k su\u00e7lar\u0131ndan kay\u0131tlar\u0131 bulunan T.G., M.S. ve Y.A.&#8217;y\u0131 yakalad\u0131. Zanl\u0131lar\u0131n \u00fczerinde, 17 adet sahte 50 liral\u0131k banknot ele ge\u00e7irildi.<\/p>\n<p>G\u00f6zalt\u0131na al\u0131nan 6 zanl\u0131n\u0131n \u00fczerlerinde ve adreslerinde yap\u0131lan aramalarda toplam 266 adet sahte 50 liral\u0131k banknot, 7 adet \u00e7ek, banknot ve 4 bin 600 lira ele ge\u00e7irildi. Zanl\u0131lar\u0131n, Ramazan Bayram\u0131&#8217;nda piyasalar\u0131n hareketlenmesinden faydalan\u0131p ger\u00e7e\u011fine \u00e7ok yak\u0131n yap\u0131lan sahte paralar\u0131 piyasa s\u00fcrmek istedi\u011fi iddia edildi. Emniyette i\u015flemleri tamamlanan 6 zanl\u0131 adliyeye sevk edildi.<\/p>\n<!-- Error, Advert is not available at this time due to schedule\/geolocation restrictions! -->\n<span style=\"font-weight: bold; color: #f00;\">Error, group does not exist! Check your syntax! (ID: 102)<\/span>\n","protected":false},"excerpt":{"rendered":"<p>\u0130zmir&#8217;de piyasaya sahte para s\u00fcrmek istedi\u011fi iddia edilen iki gruba y\u00f6nelik operasyonlarda 6 ki\u015fi g\u00f6zalt\u0131na al\u0131nd\u0131. Zanl\u0131lar\u0131n evlerinde yap\u0131lan aramalarda, \u00e7ok say\u0131da sahte 50 liral\u0131k banknot ele ge\u00e7irildi.<\/p>\n","protected":false},"author":4,"featured_media":36264,"comment_status":"open","ping_status":"open","sticky":false,"template":"","format":"standard","meta":{"_acf_changed":false,"footnotes":""},"categories":[6199,6805],"tags":[4602,40529,8456,40526,40527,1681,40528,40522,40523,40520,40521,40525],"class_list":["post-36263","post","type-post","status-publish","format-standard","has-post-thumbnail","hentry","category-ekonomi","category-turkiye","tag-balcova","tag-balcova-sahte-para","tag-buca","tag-buca-sahte-para","tag-buca-sahte-para-operasyonu","tag-izmir","tag-izmir-emniyet-mudurlugu","tag-izmir-sahte-para","tag-izmir-sahte-para-operasyonu","tag-kalpazan-cetesi","tag-sahte-para","tag-sahte-para-operasyonu"],"acf":[],"_links":{"self":[{"href":"https:\/\/www.nationalturk.com\/tr\/wp-json\/wp\/v2\/posts\/36263","targetHints":{"allow":["GET"]}}],"collection":[{"href":"https:\/\/www.nationalturk.com\/tr\/wp-json\/wp\/v2\/posts"}],"about":[{"href":"https:\/\/www.nationalturk.com\/tr\/wp-json\/wp\/v2\/types\/post"}],"author":[{"embeddable":true,"href":"https:\/\/www.nationalturk.com\/tr\/wp-json\/wp\/v2\/users\/4"}],"replies":[{"embeddable":true,"href":"https:\/\/www.nationalturk.com\/tr\/wp-json\/wp\/v2\/comments?post=36263"}],"version-history":[{"count":0,"href":"https:\/\/www.nationalturk.com\/tr\/wp-json\/wp\/v2\/posts\/36263\/revisions"}],"wp:featuredmedia":[{"embeddable":true,"href":"https:\/\/www.nationalturk.com\/tr\/wp-json\/wp\/v2\/media\/36264"}],"wp:attachment":[{"href":"https:\/\/www.nationalturk.com\/tr\/wp-json\/wp\/v2\/media?parent=36263"}],"wp:term":[{"taxonomy":"category","embeddable":true,"href":"https:\/\/www.nationalturk.com\/tr\/wp-json\/wp\/v2\/categories?post=36263"},{"taxonomy":"post_tag","embeddable":true,"href":"https:\/\/www.nationalturk.com\/tr\/wp-json\/wp\/v2\/tags?post=36263"}],"curies":[{"name":"wp","href":"https:\/\/api.w.org\/{rel}","templated":true}]}}