{"id":36356,"date":"2010-08-19T17:55:03","date_gmt":"2010-08-19T15:55:03","guid":{"rendered":"http:\/\/www.nationalturk.com\/?p=36356"},"modified":"2010-08-19T17:55:03","modified_gmt":"2010-08-19T15:55:03","slug":"fenerbahce-guiza-ispanyol-hercules-almedia-werder-bremen-uefa-avrupa-ligi-3128096","status":"publish","type":"post","link":"https:\/\/www.nationalturk.com\/tr\/fenerbahce-guiza-ispanyol-hercules-almedia-werder-bremen-uefa-avrupa-ligi-3128096\/","title":{"rendered":"Daniel G\u00fciza&#8217;dan tehditkar a\u00e7\u0131klama!.."},"content":{"rendered":"<p><strong><a href=\"http:\/\/www.nationalturk.com\/tr\/wp-content\/uploads\/2010\/08\/guiza1.jpg\"><img loading=\"lazy\" decoding=\"async\" class=\"alignleft size-medium wp-image-36361\" title=\"G\u00fciza\" src=\"http:\/\/www.nationalturk.com\/tr\/wp-content\/uploads\/2010\/08\/guiza1-e1282233190967-280x182.jpg\" alt=\"\" width=\"280\" height=\"182\"><\/a>Fenerbah\u00e7e&#8217;nin \u0130spanyol futbolcusu Daniel G\u00fciza, \u0130spanyol bas\u0131n\u0131nda yer alan bir a\u00e7\u0131klamas\u0131nda, &#8221;Beni hesaba katmayan Fenerbah\u00e7e. E\u011fer kal\u0131rsam bu herkes i\u00e7in k\u00f6t\u00fc olacak&#8221; dedi.<\/strong><\/p>\n<p>\u0130spanya 1. Ligi&#8217;ne yeni \u00e7\u0131kan Hercules&#8217;e transferi g\u00fcndemde olan G\u00fciza, Hercules tak\u0131m\u0131n\u0131n bulundu\u011fu Alicante Kenti&#8217;nin gazetesi olan &#8221;\u0130nformacion&#8221;da yer alan a\u00e7\u0131klamas\u0131nda, Fenerbah\u00e7e&#8217;nin Hercules&#8217;in getirdi\u011fi teklifi kabul etmesini umdu\u011funu belirtti. Fenerbah\u00e7e&#8217;nin UEFA Avrupa Ligi play off ilk ma\u00e7\u0131 oynayacak olmas\u0131ndan dolay\u0131 halen y\u00f6neticilerle konu\u015famad\u0131\u011f\u0131n\u0131 anlatan G\u00fciza, &#8221;Beni hesaba katmayan onlar (Fenerbah\u00e7e) ve bu y\u00fczden kendim idman yap\u0131yorum. E\u011fer kal\u0131rsam bu herkes i\u00e7in k\u00f6t\u00fc olacak. Hercules&#8217;in teklifini kabul etmelerini umuyorum&#8221; ifadelerini kulland\u0131.<\/p>\n<p>Bu arada G\u00fciza&#8217;n\u0131n transferi i\u00e7in Fenerbah\u00e7e&#8217;ye \u00f6nerdi\u011fi 4 milyon euroluk bonservis bedeliyle ilgili yan\u0131t bekleyen Hercules&#8217;in, \u0130spanyol futbolcuyu alamamas\u0131 halinde Werder Bremen&#8217;in Portekizli forveti Hugo Almeida&#8217;ya y\u00f6nelebilece\u011fi, ancak 26 ya\u015f\u0131ndaki futbolcunun da \u00fccretinin pahal\u0131 oldu\u011fu iddia ediliyor.<\/p>\n<div class=\"a-single a-157\"><!-- nationalturk.com Bali 610x90 -->\r\n<ins data-revive-zoneid=\"412\" data-revive-ct0=\"{clickurl_enc}\" data-revive-id=\"2093837923c3e243d9d78d731533cba1\"><\/ins>\r\n<script async src=\"\/\/www.hot-affiliates.com\/ad\/www\/delivery\/asyncjs.php\"><\/script><\/div>\n<!-- Error, Advert is not available at this time due to schedule\/geolocation restrictions! -->\n","protected":false},"excerpt":{"rendered":"<p>Fenerbah\u00e7e&#8217;nin \u0130spanyol futbolcusu Daniel G\u00fciza, \u0130spanyol bas\u0131n\u0131nda yer alan bir a\u00e7\u0131klamas\u0131nda, &#8221;Beni hesaba katmayan Fenerbah\u00e7e. E\u011fer kal\u0131rsam bu herkes i\u00e7in k\u00f6t\u00fc olacak&#8221; dedi.<\/p>\n","protected":false},"author":28,"featured_media":190377,"comment_status":"open","ping_status":"open","sticky":false,"template":"","format":"standard","meta":{"_acf_changed":false,"footnotes":""},"categories":[6774,6667,6194],"tags":[40643,40639,40647,32588,21414,849,40638,40637,31122,40640,40636,21931,34316,40635,21431,40646,40645,40644,847,1853],"class_list":["post-36356","post","type-post","status-publish","format-standard","has-post-thumbnail","hentry","category-futbol","category-medya","category-spor","tag-4-milyon-euro","tag-alicante-kenti","tag-almeida","tag-avrupa-ligi","tag-daniel-guiza","tag-fenerbahce","tag-guiza-hercules","tag-hercules","tag-hugo-almeida","tag-informacion","tag-ispanya-1-ligi","tag-ispanyol-basini","tag-ispanyol-futbolcu","tag-ispanyol-futbolcu-daniel-guiza","tag-portekizli","tag-portekizli-almeida","tag-portekizli-forvet","tag-portekizli-forvet-hugo-almeida","tag-uefa","tag-werder-bremen"],"acf":[],"_links":{"self":[{"href":"https:\/\/www.nationalturk.com\/tr\/wp-json\/wp\/v2\/posts\/36356","targetHints":{"allow":["GET"]}}],"collection":[{"href":"https:\/\/www.nationalturk.com\/tr\/wp-json\/wp\/v2\/posts"}],"about":[{"href":"https:\/\/www.nationalturk.com\/tr\/wp-json\/wp\/v2\/types\/post"}],"author":[{"embeddable":true,"href":"https:\/\/www.nationalturk.com\/tr\/wp-json\/wp\/v2\/users\/28"}],"replies":[{"embeddable":true,"href":"https:\/\/www.nationalturk.com\/tr\/wp-json\/wp\/v2\/comments?post=36356"}],"version-history":[{"count":0,"href":"https:\/\/www.nationalturk.com\/tr\/wp-json\/wp\/v2\/posts\/36356\/revisions"}],"wp:featuredmedia":[{"embeddable":true,"href":"https:\/\/www.nationalturk.com\/tr\/wp-json\/wp\/v2\/media\/190377"}],"wp:attachment":[{"href":"https:\/\/www.nationalturk.com\/tr\/wp-json\/wp\/v2\/media?parent=36356"}],"wp:term":[{"taxonomy":"category","embeddable":true,"href":"https:\/\/www.nationalturk.com\/tr\/wp-json\/wp\/v2\/categories?post=36356"},{"taxonomy":"post_tag","embeddable":true,"href":"https:\/\/www.nationalturk.com\/tr\/wp-json\/wp\/v2\/tags?post=36356"}],"curies":[{"name":"wp","href":"https:\/\/api.w.org\/{rel}","templated":true}]}}