{"id":36633,"date":"2010-08-21T15:26:26","date_gmt":"2010-08-21T13:26:26","guid":{"rendered":"http:\/\/www.nationalturk.com\/?p=36633"},"modified":"2010-08-21T15:26:26","modified_gmt":"2010-08-21T13:26:26","slug":"semdinli-sehit-emrah-yalim-4016818","status":"publish","type":"post","link":"https:\/\/www.nationalturk.com\/tr\/semdinli-sehit-emrah-yalim-4016818\/","title":{"rendered":"\u015eemdinli&#8217;de \u00e7at\u0131\u015fma: 1 \u015fehit"},"content":{"rendered":"<p><strong><img loading=\"lazy\" decoding=\"async\" class=\"alignleft size-medium wp-image-36634\" src=\"http:\/\/www.nationalturk.com\/tr\/wp-content\/uploads\/2010\/08\/son-dakika-yatay15-280x161.jpg\" alt=\"\" width=\"280\" height=\"161\" title=\"\" srcset=\"https:\/\/www.nationalturk.com\/tr\/wp-content\/uploads\/2010\/08\/son-dakika-yatay15-280x161.jpg 280w, https:\/\/www.nationalturk.com\/tr\/wp-content\/uploads\/2010\/08\/son-dakika-yatay15-610x351.jpg 610w, https:\/\/www.nationalturk.com\/tr\/wp-content\/uploads\/2010\/08\/son-dakika-yatay15.jpg 708w\" sizes=\"auto, (max-width: 280px) 100vw, 280px\" \/>Hakkari&#8217;nin \u015eemdinli \u0130l\u00e7esinde bu sabah saatlerinde \u00e7\u0131kan \u00e7at\u0131\u015fmada Uzman Onba\u015f\u0131 Emrah Yal\u0131m \u015fehit oldu. <\/strong><\/p>\n<p>Ac\u0131 haber, sa\u011fl\u0131k g\u00f6revlilerinin g\u00f6zetiminde verilen \u015fehidin annesi G\u00fclten ve babas\u0131 Mehmet Yal\u0131m \u00e7ocuklar\u0131n\u0131n \u015fehit oldu\u011funu duyunca fenala\u015ft\u0131.<\/p>\n<p>Ac\u0131l\u0131 anne ve baba ambulansla g\u00f6t\u00fcr\u00fcld\u00fckleri Kozan Devlet Hastanesinde tedavi alt\u0131na al\u0131nd\u0131. \u00c7obanp\u0131nar\u0131 K\u00f6y\u00fc n\u00fcfusuna kay\u0131tl\u0131, 7 karde\u015ften biri olan \u015fehidin ge\u00e7en y\u0131l g\u00f6reve ba\u015flad\u0131\u011f\u0131 \u00f6\u011frenildi. (C\u0130HAN)<\/p>\n","protected":false},"excerpt":{"rendered":"<p>\u015eemdinli&#8217;de \u00e7at\u0131\u015fma: 1 \u015fehit<\/p>\n","protected":false},"author":4,"featured_media":190321,"comment_status":"open","ping_status":"open","sticky":false,"template":"","format":"standard","meta":{"_acf_changed":false,"footnotes":""},"categories":[6155,349,6805],"tags":[2933,24310,40979,11020,34403,40982,40980,40981,36596,40983,11024],"class_list":["post-36633","post","type-post","status-publish","format-standard","has-post-thumbnail","hentry","category-gundem","category-son-dakika","category-turkiye","tag-adana","tag-adana-kozan","tag-emrah-yalim","tag-hakkari","tag-hakkari-semdinli-catisma","tag-konur-catisma","tag-konur-koyu","tag-konur-koyu-jandarma-karakolu","tag-kozan","tag-kozan-sehit","tag-semdinli"],"acf":[],"_links":{"self":[{"href":"https:\/\/www.nationalturk.com\/tr\/wp-json\/wp\/v2\/posts\/36633","targetHints":{"allow":["GET"]}}],"collection":[{"href":"https:\/\/www.nationalturk.com\/tr\/wp-json\/wp\/v2\/posts"}],"about":[{"href":"https:\/\/www.nationalturk.com\/tr\/wp-json\/wp\/v2\/types\/post"}],"author":[{"embeddable":true,"href":"https:\/\/www.nationalturk.com\/tr\/wp-json\/wp\/v2\/users\/4"}],"replies":[{"embeddable":true,"href":"https:\/\/www.nationalturk.com\/tr\/wp-json\/wp\/v2\/comments?post=36633"}],"version-history":[{"count":0,"href":"https:\/\/www.nationalturk.com\/tr\/wp-json\/wp\/v2\/posts\/36633\/revisions"}],"wp:featuredmedia":[{"embeddable":true,"href":"https:\/\/www.nationalturk.com\/tr\/wp-json\/wp\/v2\/media\/190321"}],"wp:attachment":[{"href":"https:\/\/www.nationalturk.com\/tr\/wp-json\/wp\/v2\/media?parent=36633"}],"wp:term":[{"taxonomy":"category","embeddable":true,"href":"https:\/\/www.nationalturk.com\/tr\/wp-json\/wp\/v2\/categories?post=36633"},{"taxonomy":"post_tag","embeddable":true,"href":"https:\/\/www.nationalturk.com\/tr\/wp-json\/wp\/v2\/tags?post=36633"}],"curies":[{"name":"wp","href":"https:\/\/api.w.org\/{rel}","templated":true}]}}